{"id":8643,"date":"2024-04-03T07:58:18","date_gmt":"2024-04-03T10:58:18","guid":{"rendered":"https:\/\/www3.unicentro.br\/proen\/?p=8643"},"modified":"2024-04-03T07:58:18","modified_gmt":"2024-04-03T10:58:18","slug":"edital-no-86-2024-dirac-proen-de-resultado-do-processo-de-preenchimento-de-vagas-iniciais-remanescentes-e-convocacao-para-matricula","status":"publish","type":"post","link":"https:\/\/www3.unicentro.br\/proen\/2024\/04\/03\/edital-no-86-2024-dirac-proen-de-resultado-do-processo-de-preenchimento-de-vagas-iniciais-remanescentes-e-convocacao-para-matricula\/","title":{"rendered":"EDITAL N\u00ba 86\/2024-DIRAC\/PROEN &#8211; DE RESULTADO DO PROCESSO DE PREENCHIMENTO DE VAGAS INICIAIS REMANESCENTES E CONVOCA\u00c7\u00c3O PARA MATR\u00cdCULA"},"content":{"rendered":"<p><a href=\"https:\/\/www3.unicentro.br\/proen\/wp-content\/uploads\/sites\/41\/2024\/04\/Edital_86-2024-Resultado_processo_preenchimento_vagas_remanescentes_completo.pdf\">Edital_86-2024 -Resultado_processo_preenchimento_vagas_remanescentes_completo<\/a><\/p>\n","protected":false},"excerpt":{"rendered":"<p>Edital_86-2024 -Resultado_processo_preenchimento_vagas_remanescentes_completo<\/p>\n","protected":false},"author":124,"featured_media":0,"comment_status":"open","ping_status":"open","sticky":false,"template":"","format":"standard","meta":{"_exactmetrics_skip_tracking":false,"_exactmetrics_sitenote_active":false,"_exactmetrics_sitenote_note":"","_exactmetrics_sitenote_category":0,"footnotes":"","_links_to":"","_links_to_target":""},"categories":[87,53],"tags":[],"class_list":["post-8643","post","type-post","status-publish","format-standard","hentry","category-dirac-2024","category-editais-proen"],"_links":{"self":[{"href":"https:\/\/www3.unicentro.br\/proen\/wp-json\/wp\/v2\/posts\/8643","targetHints":{"allow":["GET"]}}],"collection":[{"href":"https:\/\/www3.unicentro.br\/proen\/wp-json\/wp\/v2\/posts"}],"about":[{"href":"https:\/\/www3.unicentro.br\/proen\/wp-json\/wp\/v2\/types\/post"}],"author":[{"embeddable":true,"href":"https:\/\/www3.unicentro.br\/proen\/wp-json\/wp\/v2\/users\/124"}],"replies":[{"embeddable":true,"href":"https:\/\/www3.unicentro.br\/proen\/wp-json\/wp\/v2\/comments?post=8643"}],"version-history":[{"count":1,"href":"https:\/\/www3.unicentro.br\/proen\/wp-json\/wp\/v2\/posts\/8643\/revisions"}],"predecessor-version":[{"id":8645,"href":"https:\/\/www3.unicentro.br\/proen\/wp-json\/wp\/v2\/posts\/8643\/revisions\/8645"}],"wp:attachment":[{"href":"https:\/\/www3.unicentro.br\/proen\/wp-json\/wp\/v2\/media?parent=8643"}],"wp:term":[{"taxonomy":"category","embeddable":true,"href":"https:\/\/www3.unicentro.br\/proen\/wp-json\/wp\/v2\/categories?post=8643"},{"taxonomy":"post_tag","embeddable":true,"href":"https:\/\/www3.unicentro.br\/proen\/wp-json\/wp\/v2\/tags?post=8643"}],"curies":[{"name":"wp","href":"https:\/\/api.w.org\/{rel}","templated":true}]}}