{"id":14905,"date":"2026-08-31T12:38:10","date_gmt":"2026-08-31T15:38:10","guid":{"rendered":"https:\/\/www3.unicentro.br\/proec\/?p=14905"},"modified":"2026-08-31T12:38:10","modified_gmt":"2026-08-31T15:38:10","slug":"edital-003-2026-verao-maior-abertura-selecao-de-bolsistas-estudantes-de-pedagogia","status":"publish","type":"post","link":"https:\/\/www3.unicentro.br\/proec\/2026\/08\/31\/edital-003-2026-verao-maior-abertura-selecao-de-bolsistas-estudantes-de-pedagogia\/","title":{"rendered":"EDITAL 003\/2026 &#8211; VER\u00c3O MAIOR &#8211; ABERTURA &#8211; SELE\u00c7\u00c3O DE BOLSISTAS &#8211; ESTUDANTES DE PEDAGOGIA"},"content":{"rendered":"<p><span style=\"text-decoration: underline\"><span style=\"color: #0000ff\"><a style=\"color: #0000ff;text-decoration: underline\" href=\"https:\/\/www3.unicentro.br\/proec\/wp-content\/uploads\/sites\/73\/2026\/08\/Edital_2026_003_VERAO_MAIOR_UNICENTRO_abertura_bolsistas_pedagogia.docx_assinado.pdf\">Edital_2026_003_VERAO_MAIOR_UNICENTRO_abertura_bolsistas_pedagogia.docx_assinado<\/a><\/span><\/span><\/p>\n","protected":false},"excerpt":{"rendered":"<p>Edital_2026_003_VERAO_MAIOR_UNICENTRO_abertura_bolsistas_pedagogia.docx_assinado<\/p>\n","protected":false},"author":224,"featured_media":0,"comment_status":"open","ping_status":"open","sticky":false,"template":"","format":"standard","meta":{"_exactmetrics_skip_tracking":false,"footnotes":"","_links_to":"","_links_to_target":""},"categories":[41,230,372,361,31,373],"tags":[],"class_list":["post-14905","post","type-post","status-publish","format-standard","hentry","category-destaques","category-dirprogi","category-estudante-de-graduacao-verao-maior-parana-selecao-de-projetos","category-inscricoes-abertas","category-todos-os-editais","category-verao-maior-selecao-de-bolsistas"],"publishpress_future_action":{"enabled":true,"date":"2026-09-09 23:59:00","action":"category-remove","newStatus":"draft","terms":[41,361],"taxonomy":"category","extraData":[]},"publishpress_future_workflow_manual_trigger":{"enabledWorkflows":[]},"_links":{"self":[{"href":"https:\/\/www3.unicentro.br\/proec\/wp-json\/wp\/v2\/posts\/14905","targetHints":{"allow":["GET"]}}],"collection":[{"href":"https:\/\/www3.unicentro.br\/proec\/wp-json\/wp\/v2\/posts"}],"about":[{"href":"https:\/\/www3.unicentro.br\/proec\/wp-json\/wp\/v2\/types\/post"}],"author":[{"embeddable":true,"href":"https:\/\/www3.unicentro.br\/proec\/wp-json\/wp\/v2\/users\/224"}],"replies":[{"embeddable":true,"href":"https:\/\/www3.unicentro.br\/proec\/wp-json\/wp\/v2\/comments?post=14905"}],"version-history":[{"count":1,"href":"https:\/\/www3.unicentro.br\/proec\/wp-json\/wp\/v2\/posts\/14905\/revisions"}],"predecessor-version":[{"id":14907,"href":"https:\/\/www3.unicentro.br\/proec\/wp-json\/wp\/v2\/posts\/14905\/revisions\/14907"}],"wp:attachment":[{"href":"https:\/\/www3.unicentro.br\/proec\/wp-json\/wp\/v2\/media?parent=14905"}],"wp:term":[{"taxonomy":"category","embeddable":true,"href":"https:\/\/www3.unicentro.br\/proec\/wp-json\/wp\/v2\/categories?post=14905"},{"taxonomy":"post_tag","embeddable":true,"href":"https:\/\/www3.unicentro.br\/proec\/wp-json\/wp\/v2\/tags?post=14905"}],"curies":[{"name":"wp","href":"https:\/\/api.w.org\/{rel}","templated":true}]}}