{"id":3690,"date":"2025-12-10T17:52:01","date_gmt":"2025-12-10T20:52:01","guid":{"rendered":"https:\/\/www3.unicentro.br\/ppgesa\/?p=3690"},"modified":"2025-12-15T11:07:12","modified_gmt":"2025-12-15T14:07:12","slug":"defesa-de-mestrado-anna-flavia-goncalves-11-dez-14h","status":"publish","type":"post","link":"https:\/\/www3.unicentro.br\/ppgesa\/2025\/12\/10\/defesa-de-mestrado-anna-flavia-goncalves-11-dez-14h\/","title":{"rendered":"Defesa de mestrado &#8211; Anna Flavia Gon\u00e7alves, 11\/dez &#8211; 14h"},"content":{"rendered":"<div class=\"wp-block-image\"><img loading=\"lazy\" decoding=\"async\" class=\"wpa-warning wpa-image-missing-alt alignnone size-large wp-image-3691\" src=\"https:\/\/www3.unicentro.br\/ppgesa\/wp-content\/uploads\/sites\/11\/2025\/12\/Defesa-Anna-Flavia-1024x1024.jpg\" alt=\"\" width=\"900\" height=\"900\" data-warning=\"Texto alternativo ausente\" srcset=\"https:\/\/www3.unicentro.br\/ppgesa\/wp-content\/uploads\/sites\/11\/2025\/12\/Defesa-Anna-Flavia-1024x1024.jpg 1024w, https:\/\/www3.unicentro.br\/ppgesa\/wp-content\/uploads\/sites\/11\/2025\/12\/Defesa-Anna-Flavia-300x300.jpg 300w, https:\/\/www3.unicentro.br\/ppgesa\/wp-content\/uploads\/sites\/11\/2025\/12\/Defesa-Anna-Flavia-150x150.jpg 150w, https:\/\/www3.unicentro.br\/ppgesa\/wp-content\/uploads\/sites\/11\/2025\/12\/Defesa-Anna-Flavia-768x768.jpg 768w, https:\/\/www3.unicentro.br\/ppgesa\/wp-content\/uploads\/sites\/11\/2025\/12\/Defesa-Anna-Flavia-50x50.jpg 50w, https:\/\/www3.unicentro.br\/ppgesa\/wp-content\/uploads\/sites\/11\/2025\/12\/Defesa-Anna-Flavia-80x80.jpg 80w, https:\/\/www3.unicentro.br\/ppgesa\/wp-content\/uploads\/sites\/11\/2025\/12\/Defesa-Anna-Flavia-263x263.jpg 263w, https:\/\/www3.unicentro.br\/ppgesa\/wp-content\/uploads\/sites\/11\/2025\/12\/Defesa-Anna-Flavia-100x100.jpg 100w, https:\/\/www3.unicentro.br\/ppgesa\/wp-content\/uploads\/sites\/11\/2025\/12\/Defesa-Anna-Flavia-526x526.jpg 526w, https:\/\/www3.unicentro.br\/ppgesa\/wp-content\/uploads\/sites\/11\/2025\/12\/Defesa-Anna-Flavia-255x255.jpg 255w, https:\/\/www3.unicentro.br\/ppgesa\/wp-content\/uploads\/sites\/11\/2025\/12\/Defesa-Anna-Flavia.jpg 1080w\" sizes=\"auto, (max-width: 900px) 100vw, 900px\" \/><\/div>\n<div><\/div>\n<div><\/div>\n<div>\n<p><span style=\"font-size: 18px;color: #000080;font-family: georgia, palatino, serif\">Mestranda: <b> <\/b><b>Anna Flavia Gon\u00e7alves<br \/>\n<\/b><\/span><span style=\"font-size: 18px;color: #000080;font-family: georgia, palatino, serif\">Orientador: Dr. Carlos Magno de Sousa Vidal<\/span><\/p>\n<p><span style=\"font-size: 18px;color: #000080;font-family: georgia, palatino, serif\">T\u00edtulo do trabalho: Avalia\u00e7\u00e3o da qualidade da \u00e1gua em solu\u00e7\u00f5es individuais de abastecimento e o potencial da radia\u00e7\u00e3o ultravioleta como alternativa de desinfec\u00e7\u00e3o<\/span><\/p>\n<p><span style=\"font-size: 18px;color: #000080;font-family: georgia, palatino, serif\">Data: <b>1<\/b><b>1<\/b><b>\/12\/202<\/b><b>5<\/b> <b> &#8211; <\/b><b>H<\/b><b>or\u00e1rio: <\/b><b>14<\/b><b>h<\/b><\/span><\/p>\n<p><span style=\"font-size: 18px;color: #000080;font-family: georgia, palatino, serif\">Banca examinadora:<br \/>\n<\/span><span style=\"font-size: 18px;color: #000080;font-family: georgia, palatino, serif\">Dr. Carlos Magno de Sousa Vidal &#8211; Presidente da banca \u2013 Orientador<br \/>\n<\/span><span style=\"font-size: 18px;color: #000080;font-family: georgia, palatino, serif\">Dr. Andr\u00e9 Aguiar Battistelli &#8211; Examinador externo &#8211; UFSC<br \/>\n<\/span><span style=\"font-size: 18px;color: #000080;font-family: georgia, palatino, serif\">Dr. Carlos Raphael Pedroso &#8211; Segundo examinador &#8211; UNICENTRO<br \/>\n<\/span><span style=\"font-size: 18px;color: #000080;font-family: georgia, palatino, serif\">Suplente: Dra. Kelly Geronazzo Martins &#8211; UNICENTRO<\/span><\/p>\n<\/div>\n","protected":false},"excerpt":{"rendered":"<p>Mestranda: Anna Flavia Gon\u00e7alves Orientador: Dr. Carlos Magno de Sousa Vidal T\u00edtulo do trabalho: Avalia\u00e7\u00e3o da qualidade da \u00e1gua em solu\u00e7\u00f5es individuais de abastecimento e o potencial da radia\u00e7\u00e3o ultravioleta como alternativa de desinfec\u00e7\u00e3o Data: 11\/12\/2025 &#8211; Hor\u00e1rio: 14h Banca examinadora: Dr. Carlos Magno de Sousa Vidal &#8211; Presidente da banca \u2013 Orientador Dr. Andr\u00e9 [&hellip;]<\/p>\n","protected":false},"author":21,"featured_media":3691,"comment_status":"open","ping_status":"open","sticky":false,"template":"","format":"standard","meta":{"_exactmetrics_skip_tracking":false,"_exactmetrics_sitenote_active":false,"_exactmetrics_sitenote_note":"","_exactmetrics_sitenote_category":0,"footnotes":"","_links_to":"","_links_to_target":""},"categories":[1],"tags":[],"class_list":["post-3690","post","type-post","status-publish","format-standard","has-post-thumbnail","hentry","category-sem-categoria"],"publishpress_future_action":{"enabled":false,"date":"2026-05-09 00:43:33","action":"change-status","newStatus":"draft","terms":[],"taxonomy":"category","extraData":[]},"publishpress_future_workflow_manual_trigger":{"enabledWorkflows":[]},"_links":{"self":[{"href":"https:\/\/www3.unicentro.br\/ppgesa\/wp-json\/wp\/v2\/posts\/3690","targetHints":{"allow":["GET"]}}],"collection":[{"href":"https:\/\/www3.unicentro.br\/ppgesa\/wp-json\/wp\/v2\/posts"}],"about":[{"href":"https:\/\/www3.unicentro.br\/ppgesa\/wp-json\/wp\/v2\/types\/post"}],"author":[{"embeddable":true,"href":"https:\/\/www3.unicentro.br\/ppgesa\/wp-json\/wp\/v2\/users\/21"}],"replies":[{"embeddable":true,"href":"https:\/\/www3.unicentro.br\/ppgesa\/wp-json\/wp\/v2\/comments?post=3690"}],"version-history":[{"count":1,"href":"https:\/\/www3.unicentro.br\/ppgesa\/wp-json\/wp\/v2\/posts\/3690\/revisions"}],"predecessor-version":[{"id":3692,"href":"https:\/\/www3.unicentro.br\/ppgesa\/wp-json\/wp\/v2\/posts\/3690\/revisions\/3692"}],"wp:featuredmedia":[{"embeddable":true,"href":"https:\/\/www3.unicentro.br\/ppgesa\/wp-json\/wp\/v2\/media\/3691"}],"wp:attachment":[{"href":"https:\/\/www3.unicentro.br\/ppgesa\/wp-json\/wp\/v2\/media?parent=3690"}],"wp:term":[{"taxonomy":"category","embeddable":true,"href":"https:\/\/www3.unicentro.br\/ppgesa\/wp-json\/wp\/v2\/categories?post=3690"},{"taxonomy":"post_tag","embeddable":true,"href":"https:\/\/www3.unicentro.br\/ppgesa\/wp-json\/wp\/v2\/tags?post=3690"}],"curies":[{"name":"wp","href":"https:\/\/api.w.org\/{rel}","templated":true}]}}