{"id":3484,"date":"2025-06-27T10:23:24","date_gmt":"2025-06-27T13:23:24","guid":{"rendered":"https:\/\/www3.unicentro.br\/ppgesa\/?p=3484"},"modified":"2025-06-27T10:24:36","modified_gmt":"2025-06-27T13:24:36","slug":"avaliacao-espaco-temporal-de-parametros-da-qualidade-da-agua-bruta-de-pocos-urbanos-utilizados-para-consumo-humano","status":"publish","type":"post","link":"https:\/\/www3.unicentro.br\/ppgesa\/2025\/06\/27\/avaliacao-espaco-temporal-de-parametros-da-qualidade-da-agua-bruta-de-pocos-urbanos-utilizados-para-consumo-humano\/","title":{"rendered":"Avalia\u00e7\u00e3o espa\u00e7o-temporal de par\u00e2metros da qualidade da \u00e1gua bruta de po\u00e7os urbanos utilizados para consumo humano"},"content":{"rendered":"<p align=\"left\"><span style=\"color: #000000;font-family: tahoma, arial, helvetica, sans-serif;font-size: 18px\"><b>Rhuan Felipe Jeranoski <\/b><\/span><\/p>\n<p align=\"left\"><span style=\"font-family: tahoma, arial, helvetica, sans-serif;font-size: 16px\"><span style=\"color: #000000\"><b>Data da defesa: <\/b><\/span><span style=\"color: #000000\">17\/07\/2023<\/span><\/span><\/p>\n<p align=\"left\"><span style=\"color: #000000;font-family: tahoma, arial, helvetica, sans-serif;font-size: 16px\"><b>Banca:<\/b><\/span><\/p>\n<p align=\"left\"><span style=\"color: #000000;font-family: tahoma, arial, helvetica, sans-serif;font-size: 16px\">Dra. Cristina Filomena Pereira Rosa Paschoalato \u2013 USP\/Ribeir\u00e3o Preto &#8211; Primeira Examinadora<br \/>\n<\/span><span style=\"color: #000000;font-family: tahoma, arial, helvetica, sans-serif;font-size: 16px\">Dr. Carlos Emmanuel Ribeiro Lautenschl\u00e4ger &#8211; UEPG &#8211; Segundo Examinador<br \/>\n<\/span><span style=\"color: #000000;font-family: tahoma, arial, helvetica, sans-serif;font-size: 16px\">Dra. Giovana K\u00e1tie Wiecheteck &#8211; UEPG \u2013 Orientadora e Presidente da Banca<\/span><\/p>\n<p align=\"left\"><span style=\"color: #000000;font-family: tahoma, arial, helvetica, sans-serif;font-size: 16px\"> <b>Resumo:<\/b><\/span><\/p>\n<p align=\"justify\"><span style=\"color: #000000;font-family: tahoma, arial, helvetica, sans-serif;font-size: 16px\">A qualidade da \u00e1gua destinada ao consumo humano deve atender ao padr\u00e3o de potabilidade estabelecido na legisla\u00e7\u00e3o brasileira vigente, Portaria GM\/MS 888\/2021, uma vez que a \u00e1gua pode veicular grande quantidade de contaminantes microbiol\u00f3gicos e\/ou f\u00edsico-qu\u00edmicos causadores de doen\u00e7as. O presente estudo utilizou dados abertos de resultados das caracter\u00edsticas microbiol\u00f3gicas e f\u00edsico-qu\u00edmicas da \u00e1gua bruta de nove po\u00e7os artesianos no per\u00edodo de 2016 a 2021 cadastrados no Programa VIGIAGUA no munic\u00edpio de Ponta Grossa &#8211; Paran\u00e1. Foram analisadas 296 amostras verificando a conformidade com os padr\u00f5es para o consumo humano, segundo par\u00e2metros b\u00e1sicos de coliformes totais (CT), E. coli, turbidez e fluoretos estipulados pela Diretriz Nacional do Plano de Amostragem de \u00c1gua. Para as an\u00e1lises estat\u00edsticas, utilizou-se o teste de Kruskal-Wallis, com teste de compara\u00e7\u00e3o de grupos Dwass-Steel-Critchlow-Fligner (DSCF), e a correla\u00e7\u00e3o de Spearman para associa\u00e7\u00e3o entre vari\u00e1veis. Al\u00e9m disso, foi conduzida a an\u00e1lise qualiquantitativa espacial dos poss\u00edveis riscos de contamina\u00e7\u00e3o microbiol\u00f3gica e mapas de vulnerabilidade dos po\u00e7os por meio de formul\u00e1rio de inspe\u00e7\u00e3o sanit\u00e1ria definido pela Organiza\u00e7\u00e3o Mundial de Sa\u00fade. Os resultados apontaram a contamina\u00e7\u00e3o da \u00e1gua bruta por CT e E. coli em 34% e 7% das amostras avaliadas, respectivamente. Os par\u00e2metros de turbidez e fluoretos atenderam o preconizado pelo Minist\u00e9rio da Sa\u00fade em 99% das amostras, apresentando, respectivamente, m\u00e9dias de 0,46 uT e 0,19 mg.L-1 e medianas de 0,22 uT e 0,15 mg.L-1 . A ocorr\u00eancia de chuvas 48 horas antes das coletas de amostras de \u00e1gua influenciou no aumento da contamina\u00e7\u00e3o da \u00e1gua de ambos os par\u00e2metros microbiol\u00f3gicos (p &lt; 0,05). Esses resultados refletem a precariedade de alguns po\u00e7os artesianos instalados na cidade de Ponta Grossa, apresentando \u00edndices de vulnerabilidade das \u00e1guas subterr\u00e2neas. Os mapeamentos espa\u00e7o temporais e a matriz de risco de ingest\u00e3o de \u00e1guas contaminadas por E. coli, elaborados para apresentar os resultados desta pesquisa, podem auxiliar os gestores p\u00fablicos nas a\u00e7\u00f5es referentes \u00e0 sa\u00fade p\u00fablica e saneamento b\u00e1sico na cidade de Ponta Grossa. <\/span><\/p>\n<p align=\"justify\"><span style=\"color: #993300;font-family: tahoma, arial, helvetica, sans-serif;font-size: 18px\"><strong>\u00bb Link:<\/strong> <a style=\"color: #993300\" href=\"https:\/\/tede2.uepg.br\/jspui\/handle\/prefix\/3983\">https:\/\/tede2.uepg.br\/jspui\/handle\/prefix\/3983<\/a><\/span><\/p>\n","protected":false},"excerpt":{"rendered":"<p>Rhuan Felipe Jeranoski<\/p>\n","protected":false},"author":21,"featured_media":0,"comment_status":"open","ping_status":"open","sticky":false,"template":"","format":"standard","meta":{"_exactmetrics_skip_tracking":false,"_exactmetrics_sitenote_active":false,"_exactmetrics_sitenote_note":"","_exactmetrics_sitenote_category":0,"footnotes":"","_links_to":"","_links_to_target":""},"categories":[26,18,32],"tags":[],"class_list":["post-3484","post","type-post","status-publish","format-standard","hentry","category-26","category-dissertacoes","category-uepg"],"publishpress_future_action":{"enabled":false,"date":"2026-05-08 18:15:00","action":"change-status","newStatus":"draft","terms":[],"taxonomy":"category","extraData":[]},"publishpress_future_workflow_manual_trigger":{"enabledWorkflows":[]},"_links":{"self":[{"href":"https:\/\/www3.unicentro.br\/ppgesa\/wp-json\/wp\/v2\/posts\/3484","targetHints":{"allow":["GET"]}}],"collection":[{"href":"https:\/\/www3.unicentro.br\/ppgesa\/wp-json\/wp\/v2\/posts"}],"about":[{"href":"https:\/\/www3.unicentro.br\/ppgesa\/wp-json\/wp\/v2\/types\/post"}],"author":[{"embeddable":true,"href":"https:\/\/www3.unicentro.br\/ppgesa\/wp-json\/wp\/v2\/users\/21"}],"replies":[{"embeddable":true,"href":"https:\/\/www3.unicentro.br\/ppgesa\/wp-json\/wp\/v2\/comments?post=3484"}],"version-history":[{"count":2,"href":"https:\/\/www3.unicentro.br\/ppgesa\/wp-json\/wp\/v2\/posts\/3484\/revisions"}],"predecessor-version":[{"id":3487,"href":"https:\/\/www3.unicentro.br\/ppgesa\/wp-json\/wp\/v2\/posts\/3484\/revisions\/3487"}],"wp:attachment":[{"href":"https:\/\/www3.unicentro.br\/ppgesa\/wp-json\/wp\/v2\/media?parent=3484"}],"wp:term":[{"taxonomy":"category","embeddable":true,"href":"https:\/\/www3.unicentro.br\/ppgesa\/wp-json\/wp\/v2\/categories?post=3484"},{"taxonomy":"post_tag","embeddable":true,"href":"https:\/\/www3.unicentro.br\/ppgesa\/wp-json\/wp\/v2\/tags?post=3484"}],"curies":[{"name":"wp","href":"https:\/\/api.w.org\/{rel}","templated":true}]}}