{"id":2031,"date":"2022-12-01T10:14:17","date_gmt":"2022-12-01T13:14:17","guid":{"rendered":"https:\/\/www3.unicentro.br\/ppgesa\/?p=2031"},"modified":"2025-04-23T13:51:17","modified_gmt":"2025-04-23T16:51:17","slug":"unicentro-barreiras-vegetais-verdes-como-atenuadoras-do-ruido-ambiental-estudo-de-caso-em-irati-pr","status":"publish","type":"post","link":"https:\/\/www3.unicentro.br\/ppgesa\/2022\/12\/01\/unicentro-barreiras-vegetais-verdes-como-atenuadoras-do-ruido-ambiental-estudo-de-caso-em-irati-pr\/","title":{"rendered":"UNICENTRO &#8211; Barreiras vegetais verdes como atenuadoras do ru\u00eddo ambiental: estudo de caso em Irati-PR"},"content":{"rendered":"<p><span style=\"font-family: arial, helvetica, sans-serif\"><span style=\"color: #000000\"><strong><span style=\"font-size: 14pt\">Jhenifer Spliethoff<br \/>\n<\/span><\/strong><\/span><strong><span style=\"color: #000000\"><br \/>\nData da defesa: 30\/08\/2022<\/span><\/strong><\/span><\/p>\n<p><span style=\"font-family: arial, helvetica, sans-serif\"><strong><span style=\"color: #000000\">Banca:<br \/>\n<\/span><\/strong><span style=\"color: #000000\">Dra. Viviane Fernandes de Souza \u2013 Centro Universit\u00e1rio Campo Real &#8211; Primeira Examinadora<br \/>\n<\/span><span style=\"color: #000000\">Dra. Izabel Passos Bonete &#8211; UNICENTRO \u2013 Segunda Examinadora<br \/>\n<\/span><span style=\"color: #000000\">Dr. Paulo Costa de Oliveira Filho &#8211; Orientador e Presidente da Banca<\/span><\/span><\/p>\n<p><span style=\"font-family: arial, helvetica, sans-serif\"><strong><span style=\"color: #000000\">Resumo:<br \/>\n<\/span><\/strong><span style=\"color: #000000\">O presente estudo tem por finalidade avaliar o potencial da Floresta Ombr\u00f3fila Mista Secund\u00e1ria como barreira vertical verde atenuadora de ru\u00eddos. A metodologia prev\u00ea a elabora\u00e7\u00e3o de uma an\u00e1lise de proximidade entre pontos amostrais de monitoramento omnidirecional do ru\u00eddo a ser mensurado a diferentes dist\u00e2ncias de proximidade da fonte desde o in\u00edcio da barreira e dentro da floresta. Foi utilizada uma fonte sonora reproduzindo ru\u00eddo rosa amplificado e uma estrat\u00e9gia experimental para comprovar a influ\u00eancia desse tipo de barreira vegetal verde como atenuadora de ru\u00eddos a medida em que se adentra ao interior de um fragmento de Floresta Ombr\u00f3fila Mista, realizando medi\u00e7\u00f5es sucessivas do n\u00edvel de press\u00e3o sonora a dist\u00e2ncias de proximidade da fonte e a dist\u00e2ncias a partir da borda em dire\u00e7\u00e3o ao interior da floresta que possam comprovar a fun\u00e7\u00e3o atenuadora deste tipo de barreira vertical verde. De fato, as an\u00e1lises realizadas para LZeq A e Z (dB), confirmam uma correla\u00e7\u00e3o significativa para dist\u00e2ncia da fonte independentemente da amplitude sonora para medi\u00e7\u00f5es realizadas fora da barreira (frente a fonte, 6 metros atr\u00e1s da fonte, 6 metros a frente da fonte) atenua\u00e7\u00e3o do ru\u00eddo ocorre \u00e0 medida que h\u00e1 a propaga\u00e7\u00e3o sonora. Contudo, as an\u00e1lises dentro da barreira (12m, 18m e 24m) apresentam correla\u00e7\u00e3o negativa para dist\u00e2ncia, confirmando a hip\u00f3tese de efic\u00e1cia da atenua\u00e7\u00e3o pela barreira vegetal.<\/span><\/span><\/p>\n<p><span style=\"font-size: 14pt;color: #333399\"><strong><span style=\"font-family: arial, helvetica, sans-serif\"><span style=\"color: #ff0000\">Link:<\/span> <a href=\"http:\/\/tede.unicentro.br\/jspui\/handle\/jspui\/1973\">http:\/\/tede.unicentro.br\/jspui\/handle\/jspui\/1973<\/a><\/span><\/strong><\/span><\/p>\n","protected":false},"excerpt":{"rendered":"<p>Jhenifer Spliethoff<\/p>\n","protected":false},"author":21,"featured_media":0,"comment_status":"open","ping_status":"open","sticky":false,"template":"","format":"standard","meta":{"_exactmetrics_skip_tracking":false,"_exactmetrics_sitenote_active":false,"_exactmetrics_sitenote_note":"","_exactmetrics_sitenote_category":0,"footnotes":"","_links_to":"","_links_to_target":""},"categories":[24,31],"tags":[],"class_list":["post-2031","post","type-post","status-publish","format-standard","hentry","category-dissertacoes-2022","category-unicentro"],"publishpress_future_action":{"enabled":false,"date":"2026-05-08 19:53:21","action":"change-status","newStatus":"draft","terms":[],"taxonomy":"category","extraData":[]},"publishpress_future_workflow_manual_trigger":{"enabledWorkflows":[]},"_links":{"self":[{"href":"https:\/\/www3.unicentro.br\/ppgesa\/wp-json\/wp\/v2\/posts\/2031","targetHints":{"allow":["GET"]}}],"collection":[{"href":"https:\/\/www3.unicentro.br\/ppgesa\/wp-json\/wp\/v2\/posts"}],"about":[{"href":"https:\/\/www3.unicentro.br\/ppgesa\/wp-json\/wp\/v2\/types\/post"}],"author":[{"embeddable":true,"href":"https:\/\/www3.unicentro.br\/ppgesa\/wp-json\/wp\/v2\/users\/21"}],"replies":[{"embeddable":true,"href":"https:\/\/www3.unicentro.br\/ppgesa\/wp-json\/wp\/v2\/comments?post=2031"}],"version-history":[{"count":2,"href":"https:\/\/www3.unicentro.br\/ppgesa\/wp-json\/wp\/v2\/posts\/2031\/revisions"}],"predecessor-version":[{"id":3403,"href":"https:\/\/www3.unicentro.br\/ppgesa\/wp-json\/wp\/v2\/posts\/2031\/revisions\/3403"}],"wp:attachment":[{"href":"https:\/\/www3.unicentro.br\/ppgesa\/wp-json\/wp\/v2\/media?parent=2031"}],"wp:term":[{"taxonomy":"category","embeddable":true,"href":"https:\/\/www3.unicentro.br\/ppgesa\/wp-json\/wp\/v2\/categories?post=2031"},{"taxonomy":"post_tag","embeddable":true,"href":"https:\/\/www3.unicentro.br\/ppgesa\/wp-json\/wp\/v2\/tags?post=2031"}],"curies":[{"name":"wp","href":"https:\/\/api.w.org\/{rel}","templated":true}]}}