{"id":2004,"date":"2022-11-21T13:49:17","date_gmt":"2022-11-21T16:49:17","guid":{"rendered":"https:\/\/www3.unicentro.br\/ppgesa\/?p=2004"},"modified":"2025-04-23T14:02:21","modified_gmt":"2025-04-23T17:02:21","slug":"unicentro-condicoes-de-trabalho-saude-e-qualidade-de-vida-dos-catadores-de-materiais-reciclaveis-no-periodo-de-pandemia-da-covid-19","status":"publish","type":"post","link":"https:\/\/www3.unicentro.br\/ppgesa\/2022\/11\/21\/unicentro-condicoes-de-trabalho-saude-e-qualidade-de-vida-dos-catadores-de-materiais-reciclaveis-no-periodo-de-pandemia-da-covid-19\/","title":{"rendered":"UNICENTRO &#8211; Condi\u00e7\u00f5es de trabalho, sa\u00fade e qualidade de vida dos catadores de materiais recicl\u00e1veis, no per\u00edodo de pandemia da covid-19."},"content":{"rendered":"<p><span style=\"color: #000000;font-family: arial, helvetica, sans-serif\"><strong><span style=\"font-size: 14pt\">Ana Paula Almeida<\/span><\/strong><\/span><\/p>\n<p><span style=\"color: #000000;font-family: arial, helvetica, sans-serif\"><strong>Data da defesa:<\/strong> 16\/09\/2022<\/span><\/p>\n<p><span style=\"color: #000000;font-family: arial, helvetica, sans-serif\"><strong>Banca:<br \/>\n<\/strong>Dra. Adriana Aparecida Mendes &#8211; UNIARA &#8211; Primeira Examinadora<\/span><br \/>\n<span style=\"color: #000000;font-family: arial, helvetica, sans-serif\">Dra. Jeanette Beber de Souza &#8211; UNICENTRO \u2013 Segunda Examinadora<\/span><br \/>\n<span style=\"color: #000000;font-family: arial, helvetica, sans-serif\">Dra. Tatiane Bonametti Veiga \u2013 Orientadora e Presidente da Banca<\/span><\/p>\n<p><span style=\"color: #000000;font-family: arial, helvetica, sans-serif\"><strong>Resumo:<br \/>\n<\/strong>Os catadores integram uma categoria profissional frequentemente exposta a riscos f\u00edsicos e psicossociais, estando, as condi\u00e7\u00f5es de trabalho no manejo dos res\u00edduos, associadas as perdas na sa\u00fade e na qualidade de vida. Apesar de existirem pol\u00edticas sociais que reconhecem a import\u00e2ncia do trabalho dos catadores, a maioria desses trabalhadores, ainda atuam em condi\u00e7\u00f5es prec\u00e1rias e insalubres. Os perigos originados a partir do surgimento de novas epidemias\/pandemias amplamente disseminadas, como \u00e9 o caso da COVID-19, somam-se a essas adversidades na vida desses profissionais, uma vez que eles enfrentaram, na linha de frente, uma intensa onda de risco biol\u00f3gico. Diante desse contexto, o presente trabalho objetivou identificar e diagnosticar as condi\u00e7\u00f5es de trabalho, sa\u00fade e qualidade de vida dos catadores de materiais recicl\u00e1veis, no per\u00edodo da pandemia da COVID-19, no munic\u00edpio de Ponta Grossa-PR. Para o desenvolvimento da pesquisa descritiva e explorat\u00f3ria foi utilizada uma amostra composta por 83 participantes vinculados a associa\u00e7\u00f5es de catadores de materiais recicl\u00e1veis. Os catadores responderam a dois question\u00e1rios, o primeiro constru\u00eddo e subdividido em: Dados pessoais; Perfil profissional; Sa\u00fade ocupacional e Riscos ocupacionais em per\u00edodo de pandemia por COVID-19, o segundo referente \u00e0 qualidade de vida, a partir da aplica\u00e7\u00e3o instrumento de qualidade de vida, da Organiza\u00e7\u00e3o Mundial de Sa\u00fade, \u201cWhoqol-bref\u201d. Entre os achados do estudo, foi observado que o perfil demogr\u00e1fico do catador tende a manter o padr\u00e3o j\u00e1 observado na literatura. A maioria dos catadores que formaram a amostra eram do g\u00eanero feminino (72,3%). O g\u00eanero feminino tamb\u00e9m demonstrou ter maior n\u00famero de filhos (66,3%). Aproximadamente, 46,9 % da amostra encontrava-se na faixa de 18 a 35 anos, solteiros (36,2%), com grau de instru\u00e7\u00e3o de ensino fundamental incompleto (48,2%). O perfil profissional demonstrou que a maioria dos catadores (60,0%) realizava esse trabalho por necessidade ou complemento de renda e apenas 2% por realiza\u00e7\u00e3o profissional, embora alguns reconhe\u00e7am que seu trabalho \u00e9 uma atividade extremamente vantajosa nas quest\u00f5es ambientais (29,0%). Em rela\u00e7\u00e3o a sa\u00fade ocupacional e riscos ocupacionais, em per\u00edodo de pandemia, foi identificado que, apesar dos catadores terem desenvolvido estrat\u00e9gias de prote\u00e7\u00e3o (93,9%) para evitar o cont\u00e1gio por COVID-19, houve o contato com res\u00edduos potencialmente infectante (46,0%). A m\u00e9dia da qualidade de vida geral na avalia\u00e7\u00e3o do Whoqol-bref foi de 72 pontos (escala de zero a 100). O dom\u00ednio do meio ambiente (63,5 pontos) e dom\u00ednio das rela\u00e7\u00f5es sociais (71,0 pontos) foram os que apresentaram menor escore m\u00e9dio. O momento cr\u00edtico revela a necessidade do desenvolvimento de a\u00e7\u00f5es emergenciais de car\u00e1ter preventivo a sa\u00fade dos catadores, em situa\u00e7\u00f5es de epidemias\/pandemias. A partir desse diagn\u00f3stico, \u00e9 poss\u00edvel concluir que a pandemia da COVID-9 causou diversas altera\u00e7\u00f5es na vida do catador, algumas na esfera profissional e outras relativas a sa\u00fade emocional. Por essa raz\u00e3o, sugere-se estudos longitudinais, ao fim da pandemia, para nortear a elabora\u00e7\u00e3o de estrat\u00e9gias que possam ser adotadas em outras situa\u00e7\u00f5es epid\u00eamicas de ampla dissemina\u00e7\u00e3o, semelhantes \u00e0s vivenciadas no per\u00edodo da COVID-19.<\/span><\/p>\n<p><strong><span style=\"font-size: 14pt;color: #333399\"><span style=\"font-family: arial, helvetica, sans-serif\"><span style=\"color: #ff0000\">Link:<\/span><a href=\"http:\/\/tede.unicentro.br\/jspui\/handle\/jspui\/1965\"> http:\/\/tede.unicentro.br\/jspui\/handle\/jspui\/1965<\/a><\/span><\/span><\/strong><\/p>\n","protected":false},"excerpt":{"rendered":"<p>Ana Paula Almeida<\/p>\n","protected":false},"author":21,"featured_media":0,"comment_status":"open","ping_status":"open","sticky":false,"template":"","format":"standard","meta":{"_exactmetrics_skip_tracking":false,"_exactmetrics_sitenote_active":false,"_exactmetrics_sitenote_note":"","_exactmetrics_sitenote_category":0,"footnotes":"","_links_to":"","_links_to_target":""},"categories":[24,31],"tags":[],"class_list":["post-2004","post","type-post","status-publish","format-standard","hentry","category-dissertacoes-2022","category-unicentro"],"publishpress_future_action":{"enabled":false,"date":"2026-05-08 19:53:22","action":"change-status","newStatus":"draft","terms":[],"taxonomy":"category","extraData":[]},"publishpress_future_workflow_manual_trigger":{"enabledWorkflows":[]},"_links":{"self":[{"href":"https:\/\/www3.unicentro.br\/ppgesa\/wp-json\/wp\/v2\/posts\/2004","targetHints":{"allow":["GET"]}}],"collection":[{"href":"https:\/\/www3.unicentro.br\/ppgesa\/wp-json\/wp\/v2\/posts"}],"about":[{"href":"https:\/\/www3.unicentro.br\/ppgesa\/wp-json\/wp\/v2\/types\/post"}],"author":[{"embeddable":true,"href":"https:\/\/www3.unicentro.br\/ppgesa\/wp-json\/wp\/v2\/users\/21"}],"replies":[{"embeddable":true,"href":"https:\/\/www3.unicentro.br\/ppgesa\/wp-json\/wp\/v2\/comments?post=2004"}],"version-history":[{"count":1,"href":"https:\/\/www3.unicentro.br\/ppgesa\/wp-json\/wp\/v2\/posts\/2004\/revisions"}],"predecessor-version":[{"id":3407,"href":"https:\/\/www3.unicentro.br\/ppgesa\/wp-json\/wp\/v2\/posts\/2004\/revisions\/3407"}],"wp:attachment":[{"href":"https:\/\/www3.unicentro.br\/ppgesa\/wp-json\/wp\/v2\/media?parent=2004"}],"wp:term":[{"taxonomy":"category","embeddable":true,"href":"https:\/\/www3.unicentro.br\/ppgesa\/wp-json\/wp\/v2\/categories?post=2004"},{"taxonomy":"post_tag","embeddable":true,"href":"https:\/\/www3.unicentro.br\/ppgesa\/wp-json\/wp\/v2\/tags?post=2004"}],"curies":[{"name":"wp","href":"https:\/\/api.w.org\/{rel}","templated":true}]}}