{"id":1850,"date":"2022-06-27T14:10:09","date_gmt":"2022-06-27T17:10:09","guid":{"rendered":"https:\/\/www3.unicentro.br\/ppgesa\/?p=1850"},"modified":"2025-04-23T14:06:06","modified_gmt":"2025-04-23T17:06:06","slug":"unicentro-modelo-multicriterio-para-a-definicao-de-acoes-de-educacao-ambiental-na-gestao-de-residuos-solidos-domiciliares","status":"publish","type":"post","link":"https:\/\/www3.unicentro.br\/ppgesa\/2022\/06\/27\/unicentro-modelo-multicriterio-para-a-definicao-de-acoes-de-educacao-ambiental-na-gestao-de-residuos-solidos-domiciliares\/","title":{"rendered":"UNICENTRO: Modelo multicrit\u00e9rio para a defini\u00e7\u00e3o de a\u00e7\u00f5es de educa\u00e7\u00e3o ambiental na gest\u00e3o de res\u00edduos s\u00f3lidos domiciliares"},"content":{"rendered":"<p><span style=\"color: #000000;font-size: 12pt\"><span style=\"font-family: Tahoma, sans-serif\"><b>Leticia Framesche<\/b><\/span><\/span><\/p>\n<p><span style=\"font-family: Tahoma, sans-serif;font-size: 12pt;color: #000000\"><b>Data da defesa: <\/b>27\/05\/2022<\/span><\/p>\n<p align=\"left\"><span style=\"font-family: Tahoma, sans-serif;font-size: 12pt;color: #000000\"><b><em><span lang=\"pt-BR\">Banca:<br \/>\n<\/span><\/em><\/b><\/span><span style=\"font-size: 12pt;color: #000000\"><em><span style=\"font-family: Tahoma, sans-serif\"><span lang=\"pt-BR\">Dr<\/span><\/span><\/em><em><span style=\"font-family: Tahoma, sans-serif\"><span lang=\"pt-BR\">a<\/span><\/span><\/em><em><span style=\"font-family: Tahoma, sans-serif\"><span lang=\"pt-BR\">. <\/span><\/span><\/em><em><span style=\"font-family: Tahoma, sans-serif\"><span lang=\"pt-BR\">Renata Cornelli<\/span><\/span><\/em> <em><span style=\"font-family: Tahoma, sans-serif\"><span lang=\"pt-BR\">&#8211; U<\/span><\/span><\/em><em><span style=\"font-family: Tahoma, sans-serif\"><span lang=\"pt-BR\">CS<\/span><\/span><\/em><em><span style=\"font-family: Tahoma, sans-serif\"><span lang=\"pt-BR\"> &#8211; Primeir<\/span><\/span><\/em><em><span style=\"font-family: Tahoma, sans-serif\"><span lang=\"pt-BR\">a<\/span><\/span><\/em><em><span style=\"font-family: Tahoma, sans-serif\"><span lang=\"pt-BR\"> Examinador<\/span><\/span><\/em><em><span style=\"font-family: Tahoma, sans-serif\"><span lang=\"pt-BR\">a<br \/>\n<\/span><\/span><\/em><\/span><span style=\"color: #000000;font-size: 12pt\"><span style=\"font-family: Tahoma, sans-serif\"><em>Dr<\/em><em>a<\/em><em>. <\/em><em>Silvana Pereira Detro <\/em><em>&#8211;<\/em><em> U<\/em><em>FPR<\/em><em> \u2013 Segund<\/em><em>a<\/em><em> Examinador<\/em><em>a<br \/>\n<\/em><\/span><\/span><span style=\"font-family: Tahoma, sans-serif;font-size: 12pt;color: #000000\"><em><span lang=\"pt-BR\">Dr<\/span><\/em><em><span lang=\"pt-BR\">a<\/span><\/em><em><span lang=\"pt-BR\">.<\/span><\/em> <em><span lang=\"pt-BR\">Jeanette Beber de Sousa<\/span><\/em> <em><span lang=\"pt-BR\">\u2013 Orientador<\/span><\/em><em><span lang=\"pt-BR\">a<\/span><\/em><em><span lang=\"pt-BR\"> e Presidente da Banca<\/span><\/em><\/span><\/p>\n<p style=\"text-align: left\" align=\"left\"><span style=\"font-family: Tahoma, sans-serif;font-size: 12pt;color: #000000\"><em><span lang=\"pt-BR\"><b>Resumo:<br \/>\n<\/b><\/span><\/em><\/span><span style=\"font-family: Tahoma, sans-serif;font-size: 12pt\"><em><span style=\"color: #000000\"><span lang=\"pt-BR\">Devido a diversidade e excessiva gera\u00e7\u00e3o de Res\u00edduos S\u00f3lidos Urbanos (RSU), sua gest\u00e3o adequada tornou-se um dos mais complexos desafios enfrentados pelos gestores p\u00fablicos e tomadores de decis\u00e3o, em face dos impactos negativos que os mesmos ocasionam, especialmente em pa\u00edses em desenvolvimento, onde a escassez de recursos financeiros, t\u00e9cnicos, profissionais e estruturais impossibilitam que as estruturas \u00e0 gest\u00e3o sustent\u00e1vel dos res\u00edduos sejam adotadas. Desta forma, a proposi\u00e7\u00e3o de m\u00e9todos, ferramentas, instrumentos e legisla\u00e7\u00f5es vi\u00e1veis para replica\u00e7\u00e3o, bem como do aux\u00edlio de stakeholders para fundamenta\u00e7\u00f5es, se mostram necess\u00e1rios e relevantes para mitigar os desafios deste cen\u00e1rio. Ent\u00e3o, o objetivo deste estudo foi sistematizar, aplicar e avaliar um modelo, que permita aos tomadores de decis\u00e3o municipal ordenar a\u00e7\u00f5es de Educa\u00e7\u00e3o Ambiental (EA) fundamentadas em crit\u00e9rios e subcrit\u00e9rios para o melhoramento da gest\u00e3o adequada dos Res\u00edduos S\u00f3lidos Domiciliares (RSD). Para isso, duas rodadas do m\u00e9todo Delphi Eletr\u00f4nico (23 especialistas, distribu\u00eddos pelas regi\u00f5es do Brasil) para avaliar a\u00e7\u00f5es de EA e subcrit\u00e9rios, provenientes da literatura, foram utilizadas, resultando em cinco a\u00e7\u00f5es de EA e 14 subcrit\u00e9rios, de comum consenso (\u226565 %). Tais resultados fundamentaram a estrutura\u00e7\u00e3o do modelo h\u00edbrido constitu\u00eddo pelo Analytic Hierarchy Process (AHP), para atribui\u00e7\u00e3o de pesos de crit\u00e9rios e subcrit\u00e9rios, e do Preference Ranking Organization METHod for Enrichment Evaluation (PROMETHEE), para ranqueamento das a\u00e7\u00f5es de EA. Posteriormente, o modelo foi replicado e avaliado em tr\u00eas estudos de caso, por stakeholders municipais, baseado nas caracter\u00edsticas e necessidades locais. Os ranqueamentos identificaram a a\u00e7\u00e3o de EA \u201ccampanhas regulares e de longo prazo\u201d como a mais significativa e priorizada para as tomadas de decis\u00e3o em pouco mais de 33 % dos cen\u00e1rios e em aproximadamente 67 % como a segunda colocada, entretanto, \u201cpalestras\/semin\u00e1rios\u201d como a menos adequada, pr\u00f3ximo a 67 %. Quanto \u00e0 avalia\u00e7\u00e3o do modelo, o mesmo foi considerado uma ferramenta adequada, replic\u00e1vel, \u00fatil e estrat\u00e9gica. Portanto, o estudo preenche lacunas e oferece implica\u00e7\u00f5es te\u00f3ricas, pr\u00e1ticas e pol\u00edticas, servindo de est\u00edmulo para o desenvolvimento de pol\u00edticas p\u00fablicas com abordagem multidisciplinar, e assim, incentivando a conquista do d\u00e9cimo primeiro e d\u00e9cimo segundo objetivos de desenvolvimento sustent\u00e1vel. <\/span><\/span><\/em><\/span><\/p>\n<p align=\"justify\"><span style=\"font-family: Tahoma, sans-serif;font-size: 14pt;color: #000080\"><em><span lang=\"pt-BR\"><b>Link: <a href=\"https:\/\/tede.unicentro.br\/jspui\/handle\/jspui\/1922\">https:\/\/tede.unicentro.br\/jspui\/handle\/jspui\/1922<\/a><\/b><\/span><\/em><\/span><\/p>\n","protected":false},"excerpt":{"rendered":"<p>Leticia Framesche<\/p>\n","protected":false},"author":21,"featured_media":0,"comment_status":"open","ping_status":"open","sticky":false,"template":"","format":"standard","meta":{"_exactmetrics_skip_tracking":false,"_exactmetrics_sitenote_active":false,"_exactmetrics_sitenote_note":"","_exactmetrics_sitenote_category":0,"footnotes":"","_links_to":"","_links_to_target":""},"categories":[24,31],"tags":[],"class_list":["post-1850","post","type-post","status-publish","format-standard","hentry","category-dissertacoes-2022","category-unicentro"],"publishpress_future_action":{"enabled":false,"date":"2026-05-09 05:24:33","action":"change-status","newStatus":"draft","terms":[],"taxonomy":"category","extraData":[]},"publishpress_future_workflow_manual_trigger":{"enabledWorkflows":[]},"_links":{"self":[{"href":"https:\/\/www3.unicentro.br\/ppgesa\/wp-json\/wp\/v2\/posts\/1850","targetHints":{"allow":["GET"]}}],"collection":[{"href":"https:\/\/www3.unicentro.br\/ppgesa\/wp-json\/wp\/v2\/posts"}],"about":[{"href":"https:\/\/www3.unicentro.br\/ppgesa\/wp-json\/wp\/v2\/types\/post"}],"author":[{"embeddable":true,"href":"https:\/\/www3.unicentro.br\/ppgesa\/wp-json\/wp\/v2\/users\/21"}],"replies":[{"embeddable":true,"href":"https:\/\/www3.unicentro.br\/ppgesa\/wp-json\/wp\/v2\/comments?post=1850"}],"version-history":[{"count":1,"href":"https:\/\/www3.unicentro.br\/ppgesa\/wp-json\/wp\/v2\/posts\/1850\/revisions"}],"predecessor-version":[{"id":3410,"href":"https:\/\/www3.unicentro.br\/ppgesa\/wp-json\/wp\/v2\/posts\/1850\/revisions\/3410"}],"wp:attachment":[{"href":"https:\/\/www3.unicentro.br\/ppgesa\/wp-json\/wp\/v2\/media?parent=1850"}],"wp:term":[{"taxonomy":"category","embeddable":true,"href":"https:\/\/www3.unicentro.br\/ppgesa\/wp-json\/wp\/v2\/categories?post=1850"},{"taxonomy":"post_tag","embeddable":true,"href":"https:\/\/www3.unicentro.br\/ppgesa\/wp-json\/wp\/v2\/tags?post=1850"}],"curies":[{"name":"wp","href":"https:\/\/api.w.org\/{rel}","templated":true}]}}