{"id":1763,"date":"2022-03-11T12:00:10","date_gmt":"2022-03-11T15:00:10","guid":{"rendered":"https:\/\/www3.unicentro.br\/ppgesa\/?p=1763"},"modified":"2025-04-23T14:06:38","modified_gmt":"2025-04-23T17:06:38","slug":"unicentro-influencia-do-uso-e-ocupacao-da-terra-sobre-os-macroinvertebrados-aquaticos-e-a-qualidade-da-agua-na-bacia-hidrografica-do-rio-das-antas-irati-pr","status":"publish","type":"post","link":"https:\/\/www3.unicentro.br\/ppgesa\/2022\/03\/11\/unicentro-influencia-do-uso-e-ocupacao-da-terra-sobre-os-macroinvertebrados-aquaticos-e-a-qualidade-da-agua-na-bacia-hidrografica-do-rio-das-antas-irati-pr\/","title":{"rendered":"UNICENTRO &#8211; Influ\u00eancia do uso e ocupa\u00e7\u00e3o da terra sobre os macroinvertebrados aqu\u00e1ticos e a  qualidade da \u00e1gua na Bacia Hidrogr\u00e1fica do Rio das Antas, Irati-PR"},"content":{"rendered":"<p><span style=\"font-size: 14pt;color: #000000\"><span style=\"font-family: Tahoma, sans-serif\"><b>Carla Malavazi Dariva<\/b><\/span><\/span><\/p>\n<p><span style=\"font-family: Tahoma, sans-serif;font-size: 12pt;color: #000000\"><b>Data da defesa: <\/b>18\/11\/2021<\/span><\/p>\n<p align=\"left\"><span style=\"font-size: 12pt;color: #000000\"><span style=\"font-family: Tahoma, sans-serif\"><b><span lang=\"pt-BR\">Banca:<br \/>\n<\/span><\/b><\/span><span style=\"font-family: Tahoma, sans-serif\"><span lang=\"pt-BR\">Dr<\/span><\/span><span style=\"font-family: Tahoma, sans-serif\"><span lang=\"pt-BR\">a<\/span><\/span><span style=\"font-family: Tahoma, sans-serif\"><span lang=\"pt-BR\">. <\/span><\/span><span style=\"font-family: Tahoma, sans-serif\"><span lang=\"pt-BR\">Ivana de Freitas Barbola<\/span><\/span> <span style=\"font-family: Tahoma, sans-serif\"><span lang=\"pt-BR\">&#8211; U<\/span><\/span><span style=\"font-family: Tahoma, sans-serif\"><span lang=\"pt-BR\">EPG<\/span><\/span><span style=\"font-family: Tahoma, sans-serif\"><span lang=\"pt-BR\"> &#8211; Primeir<\/span><\/span><span style=\"font-family: Tahoma, sans-serif\"><span lang=\"pt-BR\">a<\/span><\/span><span style=\"font-family: Tahoma, sans-serif\"><span lang=\"pt-BR\"> Examinador<\/span><\/span><span style=\"font-family: Tahoma, sans-serif\"><span lang=\"pt-BR\">a<br \/>\n<\/span><\/span><span style=\"font-family: Tahoma, sans-serif\">Dr. Angelo Evaristo Sirtoli &#8211; UFPR \u2013 Segundo Examinador<br \/>\n<\/span><span style=\"font-family: Tahoma, sans-serif\"><span lang=\"pt-BR\">Dr.<\/span> <span lang=\"pt-BR\">Paulo Costa de Oliveira Filho <\/span><span lang=\"pt-BR\">\u2013 Orientador e Presidente da Banca<\/span><\/span><\/span><\/p>\n<p align=\"left\"><span style=\"font-family: Tahoma, sans-serif;font-size: 12pt;color: #000000\"><span lang=\"pt-BR\"><b>Resumo:<\/b><\/span><\/span><\/p>\n<p align=\"justify\"><span style=\"font-family: Tahoma, sans-serif;font-size: 12pt\"><span style=\"color: #000000\"><span lang=\"pt-BR\">Os macroinvertebrados aqu<\/span><\/span>\u00e1ticos s\u00e3o as assembleias mais estudadas em comunidades de riachos para compreender os efeitos de diferentes tipos de uso e ocupa\u00e7\u00e3o da terra e da qualidade da \u00e1gua. O objetivo foi avaliar a din\u00e2mica da qualidade das \u00e1guas do rio das Antas, baseando-se em par\u00e2metros f\u00edsico-qu\u00edmicos, microbiol\u00f3gicos e macroinvertebrados, considerando o uso e ocupa\u00e7\u00e3o da terra ao longo de toda a bacia hidrogr\u00e1fica, incluindo a influ\u00eancia da por\u00e7\u00e3o urbana do munic\u00edpio de Irati, do recebimento do efluente da esta\u00e7\u00e3o de tratamento de esgoto (ETE) e da Floresta Nacional de Irati. Para determinar a exist\u00eancia dessas diferen\u00e7as foram utilizados par\u00e2metros de qualidade da \u00e1gua, t\u00e9cnicas geoprocessamento e os \u00edndices de diversidade da fauna aqu\u00e1tica, utilizando os macroinvertebrados aqu\u00e1ticos, que s\u00e3o bioindicadores. Foram coletados macroinvertebrados e \u00e1gua em 19 pontos, dentre eles 8 no Rio das Antas e 11 em tribut\u00e1rios, procurando abranger os diversos n\u00edveis de uso e ocupa\u00e7\u00e3o da terra. Foi realizada a classifica\u00e7\u00e3o do uso da terra, divis\u00e3o e delimita\u00e7\u00e3o das \u00e1reas das bacias, c\u00e1lculo das taxas de uso e ocupa\u00e7\u00e3o da terra. Em complemento, foi avaliado o n\u00edvel de preserva\u00e7\u00e3o das condi\u00e7\u00f5es ecol\u00f3gicas dos pontos de coleta utilizando o Protocolo de Avalia\u00e7\u00e3o R\u00e1pida. Para avaliar a qualidade da \u00e1gua foi realizado an\u00e1lises f\u00edsico-qu\u00edmicas e microbiol\u00f3gicas da \u00e1gua, utilizando o IQA. Os resultados tamb\u00e9m foram comparados com a Resolu\u00e7\u00e3o CONAMA n\u00ba 357\/05, para um rio de Classe 2. Para caracteriza\u00e7\u00e3o dos macroinvertebrados foram utilizados os \u00edndices de diversidade de Shannon-Wiener (H\u2019), Equitabilidade de Pielou (J), Riqueza de Margalef, BMWP\u2019, %EPT e %Chironomidae. A an\u00e1lise de correspond\u00eancia can\u00f4nica (CCA) foi usada para avaliar as rela\u00e7\u00f5es entre as comunidades de macroinvertebrados e as vari\u00e1veis ambientais de qualidade da \u00e1gua e taxas de uso e ocupa\u00e7\u00e3o da terra. A CCA revelou uma divis\u00e3o de qualidade no primeiro eixo. Todos os \u00edndices de diversidade e de qualidade da \u00e1gua foram, no geral, maiores para as bacias em florestas protegidas, com maior taxa de ocupa\u00e7\u00e3o por \u00e1reas de mata nativa e reflorestamento, sendo intermedi\u00e1rios em bacias rurais, com \u00e1reas de uso e ocupa\u00e7\u00e3o agr\u00edcola com vegeta\u00e7\u00e3o rip\u00e1ria menos fragmentada, e os piores \u00edndices foram em bacias urbanas, com \u00e1reas com maiores influ\u00eancias urbanas e dentro do per\u00edmetro urbano. Resultados que refor\u00e7am as influ\u00eancias causadas em corpos d\u2019\u00e1gua pelo uso e ocupa\u00e7\u00e3o da terra, afetando diretamente a comunidade de macroinvertebrados aqu\u00e1ticos e a qualidade da \u00e1gua, principalmente em \u00e1reas urbanas. Resultados esses confirmados pelas rela\u00e7\u00f5es das vari\u00e1veis ambientais com a comunidade de macroinvertebrados obtidas na CCA. P\u00f4de-se concluir que unidade de conserva\u00e7\u00e3o contribui efetivamente para a conserva\u00e7\u00e3o da diversidade da fauna de macroinvertebrados aqu\u00e1ticos, por\u00e9m a unidade de conserva\u00e7\u00e3o n\u00e3o foi suficiente para recuperar a qualidade da \u00e1gua na bacia hidrogr\u00e1fica do Rio das Antas, para atender os limites impostos pela legisla\u00e7\u00e3o.<\/span><\/p>\n<p align=\"justify\"><strong><span style=\"color: #333399;font-size: 14pt\">Link: <a href=\"https:\/\/tede.unicentro.br\/jspui\/handle\/jspui\/1844\">https:\/\/tede.unicentro.br\/jspui\/handle\/jspui\/1844<\/a><\/span><\/strong><\/p>\n","protected":false},"excerpt":{"rendered":"<p>Carla Malavazi Dariva<\/p>\n","protected":false},"author":21,"featured_media":0,"comment_status":"open","ping_status":"open","sticky":false,"template":"","format":"standard","meta":{"_exactmetrics_skip_tracking":false,"_exactmetrics_sitenote_active":false,"_exactmetrics_sitenote_note":"","_exactmetrics_sitenote_category":0,"footnotes":"","_links_to":"","_links_to_target":""},"categories":[19,31],"tags":[],"class_list":["post-1763","post","type-post","status-publish","format-standard","hentry","category-dissertacoes-2021","category-unicentro"],"publishpress_future_action":{"enabled":false,"date":"2026-05-09 09:25:57","action":"change-status","newStatus":"draft","terms":[],"taxonomy":"category","extraData":[]},"publishpress_future_workflow_manual_trigger":{"enabledWorkflows":[]},"_links":{"self":[{"href":"https:\/\/www3.unicentro.br\/ppgesa\/wp-json\/wp\/v2\/posts\/1763","targetHints":{"allow":["GET"]}}],"collection":[{"href":"https:\/\/www3.unicentro.br\/ppgesa\/wp-json\/wp\/v2\/posts"}],"about":[{"href":"https:\/\/www3.unicentro.br\/ppgesa\/wp-json\/wp\/v2\/types\/post"}],"author":[{"embeddable":true,"href":"https:\/\/www3.unicentro.br\/ppgesa\/wp-json\/wp\/v2\/users\/21"}],"replies":[{"embeddable":true,"href":"https:\/\/www3.unicentro.br\/ppgesa\/wp-json\/wp\/v2\/comments?post=1763"}],"version-history":[{"count":1,"href":"https:\/\/www3.unicentro.br\/ppgesa\/wp-json\/wp\/v2\/posts\/1763\/revisions"}],"predecessor-version":[{"id":3412,"href":"https:\/\/www3.unicentro.br\/ppgesa\/wp-json\/wp\/v2\/posts\/1763\/revisions\/3412"}],"wp:attachment":[{"href":"https:\/\/www3.unicentro.br\/ppgesa\/wp-json\/wp\/v2\/media?parent=1763"}],"wp:term":[{"taxonomy":"category","embeddable":true,"href":"https:\/\/www3.unicentro.br\/ppgesa\/wp-json\/wp\/v2\/categories?post=1763"},{"taxonomy":"post_tag","embeddable":true,"href":"https:\/\/www3.unicentro.br\/ppgesa\/wp-json\/wp\/v2\/tags?post=1763"}],"curies":[{"name":"wp","href":"https:\/\/api.w.org\/{rel}","templated":true}]}}