{"id":1692,"date":"2021-11-30T13:16:04","date_gmt":"2021-11-30T16:16:04","guid":{"rendered":"https:\/\/www3.unicentro.br\/ppgesa\/?p=1692"},"modified":"2023-07-13T17:00:51","modified_gmt":"2023-07-13T20:00:51","slug":"uepg-utilizacao-de-tecnicas-estatisticas-na-analise-de-dados-de-saneamento-basico-e-saude-nas-capitais-brasileiras","status":"publish","type":"post","link":"https:\/\/www3.unicentro.br\/ppgesa\/2021\/11\/30\/uepg-utilizacao-de-tecnicas-estatisticas-na-analise-de-dados-de-saneamento-basico-e-saude-nas-capitais-brasileiras\/","title":{"rendered":"UEPG &#8211; Utiliza\u00e7\u00e3o de t\u00e9cnicas estat\u00edsticas na an\u00e1lise de dados de saneamento b\u00e1sico e sa\u00fade nas capitais brasileiras"},"content":{"rendered":"<p align=\"left\"><span style=\"color: #000000\"><span style=\"font-family: Tahoma, sans-serif\"><span style=\"font-size: medium\"><b>LET\u00cdCIA RAPHAELA ALVES DA SILVA BELINOVSKI DAMICO <\/b><\/span><\/span><\/span><\/p>\n<p align=\"left\"><span style=\"color: #000000\"><span style=\"font-family: Tahoma, sans-serif\"><span style=\"font-size: medium\"><b>Data da defes<\/b><strong>a: 10\/09\/2021<\/strong><\/span><\/span><\/span><\/p>\n<p align=\"left\"><span style=\"color: #000000\"><span style=\"font-family: Tahoma, sans-serif\"><span style=\"font-size: medium\"><b>Banca:<\/b><\/span><\/span><\/span><\/p>\n<p align=\"left\"><span style=\"color: #000000\"><span style=\"font-family: Tahoma, sans-serif\"><span style=\"font-size: medium\">Dr<\/span><\/span><span style=\"font-family: Tahoma, sans-serif\"><span style=\"font-size: medium\">. <\/span><\/span><span style=\"font-family: Tahoma, sans-serif\"><span style=\"font-size: medium\">Charles Carneiro<\/span><\/span> <span style=\"font-family: Tahoma, sans-serif\"><span style=\"font-size: medium\">\u2013 <\/span><\/span><span style=\"font-family: Tahoma, sans-serif\"><span style=\"font-size: medium\">ISAE-FGV\/Curitiba &#8211; <\/span><\/span><span style=\"font-family: Tahoma, sans-serif\"><span style=\"font-size: medium\">Primeir<\/span><\/span><span style=\"font-family: Tahoma, sans-serif\"><span style=\"font-size: medium\">o<\/span><\/span><span style=\"font-family: Tahoma, sans-serif\"><span style=\"font-size: medium\"> Examinador<br \/>\n<\/span><\/span><\/span><span style=\"color: #000000\"><span style=\"font-family: Tahoma, sans-serif\"><span style=\"font-size: medium\">Dr. Gabriel Alfredo Carranza \u2013 UL Lafayette \u2013 Louisiana (EUA) \u2013 Segundo Examinador<br \/>\n<\/span><\/span><\/span><span style=\"color: #000000\"><span style=\"font-family: Tahoma, sans-serif\"><span style=\"font-size: medium\">Dra. Giovana K\u00e1tie Wiecheteck \u2013 UEPG \u2013 Orientadora e Presidente da Banca<\/span><\/span><\/span><\/p>\n<p align=\"justify\"><span style=\"color: #000000\"><span style=\"font-family: Tahoma, sans-serif\"><span style=\"font-size: medium\"><b>Resumo:<br \/>\n<\/b><\/span><\/span><\/span><span style=\"color: #000000\"><span style=\"font-family: Arial, serif\"><span style=\"font-size: medium\"><span style=\"font-family: Tahoma, sans-serif\">Os servi\u00e7os de saneamento b\u00e1sico, como abastecimento de \u00e1gua pot\u00e1vel, coleta e tratamento de esgoto, coleta e disposi\u00e7\u00e3o final de res\u00edduos s\u00f3lidos e drenagem urbana s\u00e3o importantes determinantes para promo\u00e7\u00e3o da sa\u00fade e o bem-estar da popula\u00e7\u00e3o. Em algumas regi\u00f5es do Brasil esses servi\u00e7os s\u00e3o prec\u00e1rios, principalmente em rela\u00e7\u00e3o \u00e0 coleta e tratamento de esgoto sanit\u00e1rio. O objetivo do presente trabalho foi avaliar a rela\u00e7\u00e3o entre a propor\u00e7\u00e3o da popula\u00e7\u00e3o atendida com os servi\u00e7os de abastecimento de \u00e1gua, coleta de esgoto sanit\u00e1rio e coleta de res\u00edduos s\u00f3lidos com as taxas de internamento por doen\u00e7as de veicula\u00e7\u00e3o h\u00eddrica e mortalidade por doen\u00e7as infecciosas e parasit\u00e1rias em menores de 1 e 5 anos, nas capitais brasileiras no per\u00edodo de 2008 a 2019. A partir de dados secund\u00e1rios do Sistema Nacional de Informa\u00e7\u00f5es em Saneamento (SNIS) e do Departamento de Inform\u00e1tica do SUS (DATASUS), foram realizadas an\u00e1lises estat\u00edsticas de correla\u00e7\u00e3o e regress\u00e3o linear simples, agrupamento e intervalos de confian\u00e7a para avaliar as semelhan\u00e7as entre as capitais brasileiras e as rela\u00e7\u00f5es entre sa\u00fade e servi\u00e7os de saneamento b\u00e1sico. Com os resultados obtidos, observou-se uma correla\u00e7\u00e3o significativa e inversamente proporcional (r &gt; -0,7) entre a popula\u00e7\u00e3o atendida por servi\u00e7os de esgotamento sanit\u00e1rio e as taxas de interna\u00e7\u00e3o por doen\u00e7as de veicula\u00e7\u00e3o h\u00eddrica, ressaltando a import\u00e2ncia da abrang\u00eancia deste servi\u00e7o para redu\u00e7\u00e3o das taxas de internamento hospitalar estudadas, principalmente nas capitais Bel\u00e9m, Boa Vista, Campo Grande, Cuiab\u00e1, Curitiba, Jo\u00e3o Pessoa, Natal, Palmas, Porto Alegre, Porto Velho, Rio de Janeiro, S\u00e3o Lu\u00eds e Teresina. Com a an\u00e1lise de agrupamento e de intervalo de confian\u00e7a foi poss\u00edvel visualizar similaridades entre algumas capitais, como por exemplo capitais das regi\u00f5es Sul, Sudeste e Centro-Oeste e capitais das regi\u00f5es Norte e Nordeste do Brasil. Conclui-se que apesar da grande diversidade entre as capitais brasileiras e do estudo n\u00e3o ter considerado o investimento em saneamento b\u00e1sico feito no per\u00edodo analisado, foi poss\u00edvel visualizar que em algumas capitais as correla\u00e7\u00f5es entre servi\u00e7os de saneamento e as taxas de internamento hospitalar por doen\u00e7as de veicula\u00e7\u00e3o h\u00eddrica s\u00e3o evidentes e demonstram a necessidade do acesso a esses servi\u00e7os para as melhores condi\u00e7\u00f5es de sa\u00fade da popula\u00e7\u00e3o. Por outro lado, deve-se salientar que os dados obtidos no SNIS e DATASUS podem apresentar falhas, com vari\u00e1vel grau de precis\u00e3o nas diferentes regi\u00f5es do Brasil. <\/span><\/span><\/span><\/span><\/p>\n<p align=\"justify\"><span style=\"font-size: 14pt\"><strong><span style=\"color: #000000\"><span style=\"font-family: Arial, serif\"><span style=\"font-family: Tahoma, sans-serif\">L<\/span><span style=\"font-family: Tahoma, sans-serif\">ink:<\/span><a href=\"https:\/\/tede2.uepg.br\/jspui\/handle\/prefix\/3518\"><span style=\"font-family: Tahoma, sans-serif\"> https:\/\/tede2.uepg.br\/jspui\/handle\/prefix\/3518<\/span><\/a><\/span><\/span><\/strong><\/span><\/p>\n","protected":false},"excerpt":{"rendered":"<p>Let\u00edcia Raphaela Alves da Silva Belinovski Damico <\/p>\n","protected":false},"author":21,"featured_media":0,"comment_status":"open","ping_status":"open","sticky":false,"template":"","format":"standard","meta":{"_exactmetrics_skip_tracking":false,"_exactmetrics_sitenote_active":false,"_exactmetrics_sitenote_note":"","_exactmetrics_sitenote_category":0,"footnotes":"","_links_to":"","_links_to_target":""},"categories":[19,32],"tags":[],"class_list":["post-1692","post","type-post","status-publish","format-standard","hentry","category-dissertacoes-2021","category-uepg"],"publishpress_future_action":{"enabled":false,"date":"2026-05-09 08:06:06","action":"change-status","newStatus":"draft","terms":[],"taxonomy":"category","extraData":[]},"publishpress_future_workflow_manual_trigger":{"enabledWorkflows":[]},"_links":{"self":[{"href":"https:\/\/www3.unicentro.br\/ppgesa\/wp-json\/wp\/v2\/posts\/1692","targetHints":{"allow":["GET"]}}],"collection":[{"href":"https:\/\/www3.unicentro.br\/ppgesa\/wp-json\/wp\/v2\/posts"}],"about":[{"href":"https:\/\/www3.unicentro.br\/ppgesa\/wp-json\/wp\/v2\/types\/post"}],"author":[{"embeddable":true,"href":"https:\/\/www3.unicentro.br\/ppgesa\/wp-json\/wp\/v2\/users\/21"}],"replies":[{"embeddable":true,"href":"https:\/\/www3.unicentro.br\/ppgesa\/wp-json\/wp\/v2\/comments?post=1692"}],"version-history":[{"count":0,"href":"https:\/\/www3.unicentro.br\/ppgesa\/wp-json\/wp\/v2\/posts\/1692\/revisions"}],"wp:attachment":[{"href":"https:\/\/www3.unicentro.br\/ppgesa\/wp-json\/wp\/v2\/media?parent=1692"}],"wp:term":[{"taxonomy":"category","embeddable":true,"href":"https:\/\/www3.unicentro.br\/ppgesa\/wp-json\/wp\/v2\/categories?post=1692"},{"taxonomy":"post_tag","embeddable":true,"href":"https:\/\/www3.unicentro.br\/ppgesa\/wp-json\/wp\/v2\/tags?post=1692"}],"curies":[{"name":"wp","href":"https:\/\/api.w.org\/{rel}","templated":true}]}}