{"id":1631,"date":"2021-09-21T10:54:56","date_gmt":"2021-09-21T13:54:56","guid":{"rendered":"https:\/\/www3.unicentro.br\/ppgesa\/?p=1631"},"modified":"2023-07-13T16:58:23","modified_gmt":"2023-07-13T19:58:23","slug":"unicentro-analise-da-distribuicao-espacial-de-doencas-respiratorias-na-cidade-de-irati-pr","status":"publish","type":"post","link":"https:\/\/www3.unicentro.br\/ppgesa\/2021\/09\/21\/unicentro-analise-da-distribuicao-espacial-de-doencas-respiratorias-na-cidade-de-irati-pr\/","title":{"rendered":"UNICENTRO &#8211; An\u00e1lise da distribui\u00e7\u00e3o espacial de doen\u00e7as respirat\u00f3rias na cidade de Irati-PR"},"content":{"rendered":"<p><span style=\"font-size: 14pt\"><strong>Rafael Obrzut<\/strong><\/span><\/p>\n<p><strong>Data da defesa:<\/strong> 09\/07\/2021<\/p>\n<p><strong>Banca:<\/strong><br \/>\nDr. Gerson dos Santos Lisboa &#8211; UFG &#8211; Primeiro Examinador<br \/>\nDra. Tatiane Bonametti Veiga \u2013 UNICENTRO \u2013 Segunda Examinadora<br \/>\nDr. Paulo Costa de Oliveira Filho \u2013 Orientador e Presidente da Banca<\/p>\n<p><strong>Resumo:<br \/>\n<\/strong>Os problemas de polui\u00e7\u00e3o ambiental nas cidades est\u00e3o relacionados com a baixa qualidade de vida dos seus habitantes. Inefic\u00e1cia em diferentes setores de Saneamento Ambiental contribuem para o aparecimento de doen\u00e7as, como a filtragem de part\u00edculas emitidas por ind\u00fastrias relacionadas com o aumento da polui\u00e7\u00e3o atmosf\u00e9rica e a utiliza\u00e7\u00e3o fora dos padr\u00f5es de potabilidade de \u00e1gua relacionados a casos de doen\u00e7as intestinais. Com o uso de ferramentas de geoprocessamento, \u00e9 poss\u00edvel realizar a espacializa\u00e7\u00e3o dos problemas encontrados, e proceder an\u00e1lises e correla\u00e7\u00f5es. Nesse contexto, o objetivo desta pesquisa foi determinar a incid\u00eancia de doen\u00e7as respirat\u00f3rias e a sua correla\u00e7\u00e3o com pontos de emiss\u00e3o de poluentes por meio de dados do DATASUS de prontu\u00e1rios de pacientes, suporte de um Sistema de Informa\u00e7\u00f5es Geogr\u00e1ficas, segundo classifica\u00e7\u00e3o de Bertillon de doen\u00e7as e C\u00f3digo internacional de doen\u00e7as CID 10, identificando fatores ambientais correlacionados ao aparecimento de doen\u00e7as respirat\u00f3rias, como a compara\u00e7\u00e3o de casos com a topografia e o clima. Foram utilizadas t\u00e9cnicas de geoprocessamento tais como estat\u00edstica espacial, an\u00e1lise espacial, compara\u00e7\u00e3o da incid\u00eancia com topografia e an\u00e1lise de padr\u00f5es pontuais, com fun\u00e7\u00e3o K de Ripley, krigeagem e \u00edndice global de Moran. Os principais resultados foram relativos ao microclima e a correla\u00e7\u00e3o com pontos de emiss\u00e3o de poluentes elevando a signific\u00e2ncia da polui\u00e7\u00e3o na incid\u00eancia de doen\u00e7as respirat\u00f3rias, mostrando \u00e1reas em que a polui\u00e7\u00e3o e o relevo contribu\u00edram para a eleva\u00e7\u00e3o da incid\u00eancia de doen\u00e7as respirat\u00f3rias em at\u00e9 3 vezes relativo as \u00e1reas no entorno.<\/p>\n<p><span style=\"color: #333399\"><strong><span style=\"font-size: 14pt\">Link:<a href=\"http:\/\/tede.unicentro.br:8080\/jspui\/handle\/jspui\/1714\"> http:\/\/tede.unicentro.br:8080\/jspui\/handle\/jspui\/1714<\/a><\/span><\/strong><\/span><\/p>\n","protected":false},"excerpt":{"rendered":"<p>Rafael Obrzut<\/p>\n","protected":false},"author":21,"featured_media":0,"comment_status":"open","ping_status":"open","sticky":false,"template":"","format":"standard","meta":{"_exactmetrics_skip_tracking":false,"_exactmetrics_sitenote_active":false,"_exactmetrics_sitenote_note":"","_exactmetrics_sitenote_category":0,"footnotes":"","_links_to":"","_links_to_target":""},"categories":[19,18,31],"tags":[],"class_list":["post-1631","post","type-post","status-publish","format-standard","hentry","category-dissertacoes-2021","category-dissertacoes","category-unicentro"],"publishpress_future_action":{"enabled":false,"date":"2026-05-09 10:35:45","action":"change-status","newStatus":"draft","terms":[],"taxonomy":"category","extraData":[]},"publishpress_future_workflow_manual_trigger":{"enabledWorkflows":[]},"_links":{"self":[{"href":"https:\/\/www3.unicentro.br\/ppgesa\/wp-json\/wp\/v2\/posts\/1631","targetHints":{"allow":["GET"]}}],"collection":[{"href":"https:\/\/www3.unicentro.br\/ppgesa\/wp-json\/wp\/v2\/posts"}],"about":[{"href":"https:\/\/www3.unicentro.br\/ppgesa\/wp-json\/wp\/v2\/types\/post"}],"author":[{"embeddable":true,"href":"https:\/\/www3.unicentro.br\/ppgesa\/wp-json\/wp\/v2\/users\/21"}],"replies":[{"embeddable":true,"href":"https:\/\/www3.unicentro.br\/ppgesa\/wp-json\/wp\/v2\/comments?post=1631"}],"version-history":[{"count":0,"href":"https:\/\/www3.unicentro.br\/ppgesa\/wp-json\/wp\/v2\/posts\/1631\/revisions"}],"wp:attachment":[{"href":"https:\/\/www3.unicentro.br\/ppgesa\/wp-json\/wp\/v2\/media?parent=1631"}],"wp:term":[{"taxonomy":"category","embeddable":true,"href":"https:\/\/www3.unicentro.br\/ppgesa\/wp-json\/wp\/v2\/categories?post=1631"},{"taxonomy":"post_tag","embeddable":true,"href":"https:\/\/www3.unicentro.br\/ppgesa\/wp-json\/wp\/v2\/tags?post=1631"}],"curies":[{"name":"wp","href":"https:\/\/api.w.org\/{rel}","templated":true}]}}