{"id":1585,"date":"2021-07-28T11:15:21","date_gmt":"2021-07-28T14:15:21","guid":{"rendered":"https:\/\/www3.unicentro.br\/ppgesa\/?p=1585"},"modified":"2023-07-13T16:58:24","modified_gmt":"2023-07-13T19:58:24","slug":"unicentro-metodologia-para-o-diagnostico-de-fontes-fixas-de-emissao-atmosferica-por-meio-de-um-vant-de-baixo-custo","status":"publish","type":"post","link":"https:\/\/www3.unicentro.br\/ppgesa\/2021\/07\/28\/unicentro-metodologia-para-o-diagnostico-de-fontes-fixas-de-emissao-atmosferica-por-meio-de-um-vant-de-baixo-custo\/","title":{"rendered":"UNICENTRO &#8211; Metodologia para o diagn\u00f3stico de fontes fixas de emiss\u00e3o atmosf\u00e9rica por meio de um VANT de baixo custo."},"content":{"rendered":"<p><span style=\"color: #000000;font-size: 14pt;font-family: arial, helvetica, sans-serif\"><b>Patr\u00edcia Fontes Ferraz<\/b><\/span><\/p>\n<p><span style=\"font-family: arial, helvetica, sans-serif;color: #000000;font-size: 12pt\"><b>Data da defesa: <\/b>30\/04\/\/2021<\/span><\/p>\n<p align=\"left\"><span style=\"font-family: arial, helvetica, sans-serif;color: #000000;font-size: 12pt\"><b><span lang=\"pt-BR\">Banca:<br \/>\n<\/span><\/b><span lang=\"pt-BR\">Dr. <\/span><span lang=\"pt-BR\">Angelo Evaristo Sirtoli &#8211; UFPR<\/span><span lang=\"pt-BR\"> &#8211; Primeir<\/span><span lang=\"pt-BR\">o<\/span><span lang=\"pt-BR\"> Examinador<br \/>\n<\/span>Dra. Izabel Passos Bonete \u2013 UNICENTRO \u2013 Segunda Examinadora<br \/>\n<span lang=\"pt-BR\">Dr. <\/span><span lang=\"pt-BR\">Paulo Costa de Oliveira Filho<\/span><span lang=\"pt-BR\"> \u2013 Orientador e Presidente da Banca<\/span><\/span><\/p>\n<p align=\"left\"><span style=\"font-family: arial, helvetica, sans-serif;color: #000000;font-size: 12pt\"><span lang=\"pt-BR\"><b>Resumo:<\/b><\/span><\/span><\/p>\n<p align=\"justify\"><span style=\"color: #000000;font-family: arial, helvetica, sans-serif;font-size: 12pt\"><span lang=\"pt-BR\">A polui\u00e7\u00e3o atmosf\u00e9rica \u00e9 um tema de relevante interesse \u00e0 medida que afeta diretamente a sa\u00fade e o bem-estar da popula\u00e7\u00e3o. Seu estudo \u00e9 complexo por se tratar de uma mistura heterog\u00eanea, resultado das diferentes fontes de emiss\u00e3o, com distinta composi\u00e7\u00e3o. Uma das principais fontes de emiss\u00e3o de polui\u00e7\u00e3o atmosf\u00e9rica s\u00e3o as estacion\u00e1rias ou fixas, como por exemplo dutos e chamin\u00e9s de ind\u00fastrias, que devem ser adequadamente dimensionados, considerando fatores como a topografia e edifica\u00e7\u00f5es vizinhas \u00e0s fontes pontuais, de forma que a emiss\u00e3o dos poluentes atinja os receptores (popula\u00e7\u00e3o vizinha) de maneira suficientemente dilu\u00edda para n\u00e3o lhe causar nenhum efeito nocivo. Nesse sentido, o geoprocessamento e o sensoriamento remoto s\u00e3o uma alternativa para a gest\u00e3o do controle da qualidade do ar, com os VANTs se destacando como uma ferramenta pr\u00e1tica e de baixo custo para obten\u00e7\u00e3o de informa\u00e7\u00f5es como caracter\u00edsticas de uso e ocupa\u00e7\u00e3o do solo, topografia e at\u00e9 informa\u00e7\u00f5es sobre as dimens\u00f5es dos objetos imageados. Diante do exposto, a presente pesquisa teve como objetivo avaliar as fontes de emiss\u00e3o atmosf\u00e9rica pontuais que utilizam madeira e seus derivados como combust\u00edvel, localizadas no per\u00edmetro urbano de Irati\/PR, de forma a verificar a dispers\u00e3o de seus poluentes. A pesquisa foi dividida em fases, sendo elas a defini\u00e7\u00e3o das fontes fixas pontuais; o planejamento dos voos; a realiza\u00e7\u00e3o dos levantamentos a\u00e9reos; o processamento das imagens, gera\u00e7\u00e3o dos modelos e ortomosaicos; a valida\u00e7\u00e3o das medidas; a implementa\u00e7\u00e3o dos dados em ambiente SIG; e an\u00e1lise ambiental das \u00e1reas estudadas de acordo com a legisla\u00e7\u00e3o ambiental e referencial te\u00f3rico. Realizou-se ainda a an\u00e1lise estat\u00edsticas dos dados provenientes das alturas das edifica\u00e7\u00f5es, com compara\u00e7\u00e3o entre os dados obtidos em campo e os provenientes dos modelos (MDS e MDT). O uso de VANTs mostrou-se vi\u00e1vel para determina\u00e7\u00e3o da altura das edifica\u00e7\u00f5es inseridas nas \u00e1reas de influ\u00eancia de fontes de emiss\u00e3o atmosf\u00e9rica. A valida\u00e7\u00e3o dos dados realizada demonstrou os seguintes erros na estimativa: RMSE = 20 cm e R-RMSE = 4,93%, resultando em R2 de 0,99. Por\u00e9m, para a identifica\u00e7\u00e3o das chamin\u00e9s e determina\u00e7\u00e3o de suas dimens\u00f5es s\u00e3o necess\u00e1rios mais estudos, alterando o planejamento dos voos para solucionar os problemas de distor\u00e7\u00e3o radial e oclus\u00f5es observados nos ortomosaicos.<\/span><\/span><\/p>\n<p align=\"left\"><span style=\"color: #ff0000;font-family: tahoma, arial, helvetica, sans-serif;font-size: 14pt\"><span lang=\"pt-BR\"><b>Link: <a href=\"http:\/\/tede.unicentro.br:8080\/jspui\/handle\/jspui\/1688\">http:\/\/tede.unicentro.br:8080\/jspui\/handle\/jspui\/1688<\/a><\/b><\/span><\/span><\/p>\n","protected":false},"excerpt":{"rendered":"<p>Patr\u00edcia Fontes Ferraz<\/p>\n","protected":false},"author":21,"featured_media":0,"comment_status":"open","ping_status":"open","sticky":false,"template":"","format":"standard","meta":{"_exactmetrics_skip_tracking":false,"_exactmetrics_sitenote_active":false,"_exactmetrics_sitenote_note":"","_exactmetrics_sitenote_category":0,"footnotes":"","_links_to":"","_links_to_target":""},"categories":[19,31],"tags":[],"class_list":["post-1585","post","type-post","status-publish","format-standard","hentry","category-dissertacoes-2021","category-unicentro"],"publishpress_future_action":{"enabled":false,"date":"2026-05-09 05:39:33","action":"change-status","newStatus":"draft","terms":[],"taxonomy":"category","extraData":[]},"publishpress_future_workflow_manual_trigger":{"enabledWorkflows":[]},"_links":{"self":[{"href":"https:\/\/www3.unicentro.br\/ppgesa\/wp-json\/wp\/v2\/posts\/1585","targetHints":{"allow":["GET"]}}],"collection":[{"href":"https:\/\/www3.unicentro.br\/ppgesa\/wp-json\/wp\/v2\/posts"}],"about":[{"href":"https:\/\/www3.unicentro.br\/ppgesa\/wp-json\/wp\/v2\/types\/post"}],"author":[{"embeddable":true,"href":"https:\/\/www3.unicentro.br\/ppgesa\/wp-json\/wp\/v2\/users\/21"}],"replies":[{"embeddable":true,"href":"https:\/\/www3.unicentro.br\/ppgesa\/wp-json\/wp\/v2\/comments?post=1585"}],"version-history":[{"count":0,"href":"https:\/\/www3.unicentro.br\/ppgesa\/wp-json\/wp\/v2\/posts\/1585\/revisions"}],"wp:attachment":[{"href":"https:\/\/www3.unicentro.br\/ppgesa\/wp-json\/wp\/v2\/media?parent=1585"}],"wp:term":[{"taxonomy":"category","embeddable":true,"href":"https:\/\/www3.unicentro.br\/ppgesa\/wp-json\/wp\/v2\/categories?post=1585"},{"taxonomy":"post_tag","embeddable":true,"href":"https:\/\/www3.unicentro.br\/ppgesa\/wp-json\/wp\/v2\/tags?post=1585"}],"curies":[{"name":"wp","href":"https:\/\/api.w.org\/{rel}","templated":true}]}}