{"id":758,"date":"2017-06-22T00:00:00","date_gmt":"2017-06-22T03:00:00","guid":{"rendered":"https:\/\/www3.unicentro.br\/petfisica\/2017\/06\/22\/savants-o-extraordinario-que-e-inexplicavel\/"},"modified":"2019-12-31T00:08:49","modified_gmt":"2019-12-31T03:08:49","slug":"savants-o-extraordinario-que-e-inexplicavel","status":"publish","type":"post","link":"https:\/\/www3.unicentro.br\/petfisica\/2017\/06\/22\/savants-o-extraordinario-que-e-inexplicavel\/","title":{"rendered":"Savants: O Extraordin\u00e1rio que \u00e9 inexplic\u00e1vel"},"content":{"rendered":"<div class=\"wpb-content-wrapper\"><hr \/>\n<p align=\"justify\"><span style=\"font-family: times new roman,times,serif;font-size: 12pt\">[vc_row][vc_column][vc_column_text]<\/span><\/p>\n<p align=\"justify\"><span style=\"font-family: times new roman,times,serif;font-size: 12pt\">Usado pela primeira vez em 1887 pelo psiquiatra brit\u00e2nico John Langdown Down (1828-1896), famoso por ter feito o primeiro relato cient\u00edfico sobre a s\u00edndrome de Down, o termo \u201cIdiot Savants\u201d, muitas vezes abreviado apenas para \u201cSavants\u201d, devido ao fato da tradu\u00e7\u00e3o \u201cIdiota S\u00e1bio\u201d ser muito pass\u00edvel de generaliza\u00e7\u00f5es abusivas, servia para designar indiv\u00edduos, que apesar de terem algum tipo de d\u00e9ficit mental, que os torna incapacitados de realizar sozinhos tarefas comuns do dia-a-dia, tinham habilidades extraordin\u00e1rias ligadas \u00e0 mem\u00f3ria.<\/span><span style=\"font-family: times new roman,times,serif;font-size: 12pt\"><a href=\"http:\/\/sites.unicentro.br\/wp\/petfisica\/files\/2017\/06\/Imagem-1-Stephen.jpg\"><img loading=\"lazy\" decoding=\"async\" class=\"size-medium wp-image-3494 aligncenter\" src=\"http:\/\/sites.unicentro.br\/wp\/petfisica\/files\/2017\/06\/Imagem-1-Stephen-300x202.jpg\" alt=\"\" width=\"300\" height=\"202\" \/><\/a><\/span><\/p>\n<p align=\"justify\"><span style=\"font-family: times new roman,times,serif;font-size: 12pt\">Assim como voc\u00ea nunca se esquece de andar de bicicleta, essas pessoas nunca esquecem algumas coisas que fazem devido a s\u00edndrome de Savantismo que os afeta. Geralmente, a maioria dos savants s\u00e3o autistas e pessoas que tiveram algum dano cerebral ou nasceram com retardo mental, e demonstram capacidades ainda enigm\u00e1ticas para a ci\u00eancia. Apesar do avan\u00e7o na psicologia, sabe se muito pouco sobre o que realmente gera essas habilidades nos portadores dessa s\u00edndrome.<\/span><\/p>\n<p align=\"justify\"><span style=\"font-family: times new roman,times,serif;font-size: 12pt\">Dentre v\u00e1rios casos existentes no mundo, alguns ficaram famosos e ganharam at\u00e9 filmes, como o de Kim Peek, inspira\u00e7\u00e3o para o filme Rain man de 1988, que conseguia ler um livro de 300 p\u00e1ginas em 40 minutos, e memorizou mais de 12 mil livros, at\u00e9 sua morte em 2009, e sabia dizer exatamente as mesmas palavras de todos eles, e tamb\u00e9m era capaz de descrever os n\u00fameros de rodovias, CEPS e c\u00f3digos DDD de qualquer localidade dos EUA, e identificar o dia da semana de qualquer data em quest\u00e3o de segundos, por\u00e9m dependia de seus pais para fazer necessidades b\u00e1sicas do dia-a-dia, devido a sua incapacidade mental.<\/span><\/p>\n<p align=\"justify\"><span style=\"font-family: times new roman,times,serif;font-size: 12pt\">Outro caso intrigante, que inspirou o filme ganhador do Oscar, Uma Mente Brilhante de 2001, foi o de John Nash, que sofria de esquizofrenia, e apesar disso fez contribui\u00e7\u00f5es excepcionais na \u00e1rea da matem\u00e1tica com equa\u00e7\u00f5es diferenciais parciais, geometria diferencial e teoria dos jogos. Acabou falecendo em 2015, mas deixou um legado de contribui\u00e7\u00f5es importantes para os futuros matem\u00e1ticos.<\/span><span style=\"font-family: times new roman,times,serif;font-size: 12pt\"><a href=\"http:\/\/sites.unicentro.br\/wp\/petfisica\/files\/2017\/06\/Imagem-2-A-Beautiful-Mind.jpg\"><img loading=\"lazy\" decoding=\"async\" class=\"size-medium wp-image-3495 aligncenter\" src=\"http:\/\/sites.unicentro.br\/wp\/petfisica\/files\/2017\/06\/Imagem-2-A-Beautiful-Mind-300x188.jpg\" alt=\"\" width=\"300\" height=\"188\" \/><\/a><\/span><\/p>\n<p align=\"justify\"><span style=\"font-family: times new roman,times,serif;font-size: 12pt\">Existem v\u00e1rios outros casos de savants que deixam quem conhece suas hist\u00f3rias de boca aberta, como o de Leslie Lemke, que aos 14 anos, ap\u00f3s ouvir o concerto n\u00ba 1 para piano de Tchaikovsky em um programa de televis\u00e3o, conseguiu tocar perfeitamente tal melodia, apesar do fato de que Lemke jamais tinha tido aula de piano, ser mentalmente incapacitado, tem paralisia cerebral, e uma doen\u00e7a de nascen\u00e7a fez com que m\u00e9dicos removessem seus olhos, sendo atualmente conhecido como Jukebox Man, pois toca qualquer m\u00fasica com perfei\u00e7\u00e3o ap\u00f3s ouvi-la apenas uma \u00fanica vez. J\u00e1 Ellen, que compartilha da mesma capacidade de Lemke, consegue ainda dizer exatamente que horas s\u00e3o sem checar o rel\u00f3gio com algu\u00e9m, e de se mover usando um barulho que faz com a boca, sem bater em objetos, talentos extraordin\u00e1rios devido ao fato de ser cega e autista. Existe tamb\u00e9m o caso dos g\u00eameos com dano cerebral cong\u00eanito, que conseguem fazer contas extremamente dif\u00edceis, envolvendo mais de 12 d\u00edgitos em segundos, pois estabelecem padr\u00f5es entre os n\u00fameros primos. Tem o caso do autista Stephen Wiltshire que consegue desenhar paisagens complexas que viu apenas uma \u00fanica vez, o caso do tamb\u00e9m autista Daniel Tammet que aprendeu island\u00eas em uma semana, idioma este que at\u00e9 mesmo os islandeses consideram dif\u00edcil, e consegue falar outros dez idiomas, e o caso de Jason que ap\u00f3s receber v\u00e1rios chutes em sua cabe\u00e7a em um assalto, adquiriu a habilidade de enxergar matem\u00e1tica em tudo.<\/span><\/p>\n<p align=\"justify\"><span style=\"font-family: times new roman,times,serif;font-size: 12pt\">Atualmente estudos est\u00e3o envolvendo o conceito de que todos podemos ter um savant dentro de n\u00f3s, por\u00e9m ele est\u00e1 numa \u00e1rea do c\u00e9rebro inconsciente, esperando para ser acordado ou permanecer\u00e1 l\u00e1 at\u00e9 o fim. Pesquisas est\u00e3o sendo feitas e quem sabe algum dia as pessoas ter\u00e3o uma mem\u00f3ria incr\u00edvel, alguns pensam que seria uma era em que todos seriam iguais, mas n\u00e3o percebem que n\u00f3s j\u00e1 somos iguais, e o que nos difere \u00e9 a capacidade de pensar individualmente e moldar o mundo ao redor do nosso jeito.<\/span><\/p>\n<p style=\"text-align: right\" align=\"justify\"><span style=\"font-family: times new roman,times,serif\"><strong>T<\/strong><span style=\"font-family: times new roman,times,serif;font-size: 12pt\"><strong>exto por:<\/strong> Sanderson Carlos Ribeiro.<\/span><\/span><\/p>\n<p align=\"justify\"><span style=\"font-family: times new roman,times,serif;font-size: 12pt\"><strong>Refer\u00eancias<\/strong><b>:<\/b><\/span><\/p>\n<p align=\"justify\"><span style=\"font-family: times new roman,times,serif;font-size: 12pt\"><span style=\"color: #222222\">MESQUITA, Edgar Martins.<\/span><span style=\"color: #222222\">\u00a0<\/span><strong><span style=\"color: #222222\">Idiots Savants: Um paradoxo real ou ilus\u00f3rio?<\/span><\/strong><span style=\"color: #222222\"><strong>\u00a0<\/strong> <\/span><span style=\"color: #222222\">Dispon\u00edvel em: &lt;http:\/\/www.psicologia.pt\/artigos\/ver_artigo.php?codigo=A0386&gt;. Acesso em: 11 jun. 2017.<\/span><\/span><\/p>\n<p align=\"justify\"><span style=\"font-family: times new roman,times,serif;font-size: 12pt\"><span style=\"color: #222222\">TEIXEIRA, Rafael.<\/span><span style=\"color: #222222\">\u00a0<\/span><strong><span style=\"color: #222222\">11 casos de savants, os g\u00eanios que a ci\u00eancia n\u00e3o explica<\/span><\/strong><b><span style=\"color: #222222\">.<\/span><\/b><span style=\"color: #222222\"><b>\u00a0 <\/b><\/span><span style=\"color: #222222\">Dispon\u00edvel em: &lt;http:\/\/mundoestranho.abril.com.br\/ciencia\/11-casos-incriveis-de-savants-os-genios-que-a-ciencia-nao-explica\/&gt;. Acesso em: 11 jun. 2017.<\/span><\/span><\/p>\n<p align=\"justify\"><span style=\"font-family: times new roman,times,serif;font-size: 12pt\"><span style=\"color: #222222\">LOPES, Reinaldo Jos\u00e9.<\/span><span style=\"color: #222222\">\u00a0<\/span><strong><span style=\"color: #222222\">A intelig\u00eancia sem fim dos autistas savants<\/span><\/strong><b><span style=\"color: #222222\">.<\/span><\/b><span style=\"color: #222222\"><b>\u00a0 <\/b><\/span><span style=\"color: #222222\">Dispon\u00edvel em: &lt;http:\/\/super.abril.com.br\/ciencia\/os-maiores-cerebros-do-mundo\/&gt;. Acesso em: 11 jun. 2017.<\/span><\/span><\/p>\n<p>&nbsp;<\/p>\n<p><span style=\"font-family: times new roman,times,serif;font-size: 12pt\">[\/vc_column_text][\/vc_column][\/vc_row][vc_row][vc_column][vc_facebook][\/vc_column][\/vc_row]<\/span><\/p>\n<\/div>","protected":false},"excerpt":{"rendered":"<p>[vc_row][vc_column][vc_column_text] Usado pela primeira vez em 1887 pelo psiquiatra brit\u00e2nico John Langdown Down (1828-1896), famoso por ter feito o primeiro relato cient\u00edfico sobre a s\u00edndrome de Down, o termo \u201cIdiot Savants\u201d, muitas vezes abreviado apenas para \u201cSavants\u201d, devido ao fato da tradu\u00e7\u00e3o \u201cIdiota S\u00e1bio\u201d ser muito pass\u00edvel de generaliza\u00e7\u00f5es abusivas, servia para designar indiv\u00edduos, que [&hellip;]<\/p>\n","protected":false},"author":3,"featured_media":0,"comment_status":"open","ping_status":"open","sticky":false,"template":"","format":"standard","meta":{"_exactmetrics_skip_tracking":false,"_exactmetrics_sitenote_active":false,"_exactmetrics_sitenote_note":"","_exactmetrics_sitenote_category":0,"footnotes":"","_links_to":"","_links_to_target":""},"categories":[4],"tags":[831,965,832,116,833,834],"class_list":["post-758","post","type-post","status-publish","format-standard","hentry","category-geral","tag-autismo","tag-curiosidades","tag-genios","tag-sanderson","tag-savant","tag-uma-mente-brilhante"],"_links":{"self":[{"href":"https:\/\/www3.unicentro.br\/petfisica\/wp-json\/wp\/v2\/posts\/758","targetHints":{"allow":["GET"]}}],"collection":[{"href":"https:\/\/www3.unicentro.br\/petfisica\/wp-json\/wp\/v2\/posts"}],"about":[{"href":"https:\/\/www3.unicentro.br\/petfisica\/wp-json\/wp\/v2\/types\/post"}],"author":[{"embeddable":true,"href":"https:\/\/www3.unicentro.br\/petfisica\/wp-json\/wp\/v2\/users\/3"}],"replies":[{"embeddable":true,"href":"https:\/\/www3.unicentro.br\/petfisica\/wp-json\/wp\/v2\/comments?post=758"}],"version-history":[{"count":0,"href":"https:\/\/www3.unicentro.br\/petfisica\/wp-json\/wp\/v2\/posts\/758\/revisions"}],"wp:attachment":[{"href":"https:\/\/www3.unicentro.br\/petfisica\/wp-json\/wp\/v2\/media?parent=758"}],"wp:term":[{"taxonomy":"category","embeddable":true,"href":"https:\/\/www3.unicentro.br\/petfisica\/wp-json\/wp\/v2\/categories?post=758"},{"taxonomy":"post_tag","embeddable":true,"href":"https:\/\/www3.unicentro.br\/petfisica\/wp-json\/wp\/v2\/tags?post=758"}],"curies":[{"name":"wp","href":"https:\/\/api.w.org\/{rel}","templated":true}]}}