{"id":3029,"date":"2019-06-27T09:34:55","date_gmt":"2019-06-27T12:34:55","guid":{"rendered":"https:\/\/www3.unicentro.br\/petfisica\/?p=3029"},"modified":"2021-11-03T02:22:02","modified_gmt":"2021-11-03T05:22:02","slug":"resenha-de-historia-da-segunda-guerra-mundial-a-maior-e-mais-importante-guerra-de-todos-os-tempos","status":"publish","type":"post","link":"https:\/\/www3.unicentro.br\/petfisica\/2019\/06\/27\/resenha-de-historia-da-segunda-guerra-mundial-a-maior-e-mais-importante-guerra-de-todos-os-tempos\/","title":{"rendered":"Resenha: Hist\u00f3ria da Segunda Guerra Mundial: a maior e mais importante guerra de todos os tempos &#8220;"},"content":{"rendered":"<div class=\"wpb-content-wrapper\"><hr \/>\n<p style=\"text-align: justify\"><span style=\"text-align: left;color: #333333;text-indent: 0px;letter-spacing: normal;font-family: times new roman,times,serif;font-size: 12pt;font-style: normal;font-variant: normal;font-weight: 400;text-decoration: none;cursor: text;float: none;background-color: transparent\">[vc_row][vc_column][vc_column_text]<\/span><\/p>\n<p style=\"text-align: justify\"><span style=\"font-family: times new roman,times,serif;font-size: 12pt\"><b>Autor<\/b>: David Jordan.<\/span><\/p>\n<p style=\"text-align: justify\"><span style=\"font-family: times new roman,times,serif;font-size: 12pt\"><b>Ano de publica\u00e7\u00e3o<\/b>: 2011.<\/span><\/p>\n<p style=\"text-align: justify\"><span style=\"font-family: times new roman,times,serif;font-size: 12pt\">\u00a0 \u00a0\u201cA maior e mais importante guerra de todos os tempos\u201d, j\u00e1 ressalta o autor desde o t\u00edtulo de sua obra, referindo-se \u00e0 import\u00e2ncia desse evento na hist\u00f3ria da humanidade e justificando a import\u00e2ncia do conhecimento acerca dos acontecimentos hist\u00f3ricos envolvidos.<\/span><\/p>\n<p style=\"text-align: justify\"><span style=\"font-family: times new roman,times,serif;font-size: 12pt\">\u00a0 \u00a0Este livro conta com uma narrativa clara e direta, a fim de mostrar ao leitor de maneira simples, os fatos e acontecimentos da guerra, como uma esp\u00e9cie de documento hist\u00f3rico descritivo. O livro \u00e9 repleto de imagens reais do conflito, sempre buscando ilustrar o texto que as segue, dando uma certa ideia de imers\u00e3o e elucida\u00e7\u00e3o, o que agrega valor \u00e0 obra.<\/span><\/p>\n<p style=\"text-align: justify\"><span style=\"font-family: times new roman,times,serif;font-size: 12pt\">\u00a0 \u00a0O aspecto mais importante desta obra sem d\u00favidas fica a cargo da distribui\u00e7\u00e3o do conte\u00fado, que se da em ordem cronol\u00f3gica dos acontecimentos, ou seja, a nossa hist\u00f3ria inicia logo no per\u00edodo p\u00f3s primeira guerra mundial, introduzindo algumas perspectivas pol\u00edticas a respeito das implica\u00e7\u00f5es do t\u00e9rmino da guerra, as quais d\u00e3o origem aos conflitos internos em alguns pa\u00edses. O livro \u00e9 sempre acompanhado de uma linha cronol\u00f3gica dos acontecimentos mais marcantes do per\u00edodo; essa linha segue sempre a narrativa descrita no texto, mas, de certa forma, \u00e9 uma hist\u00f3ria \u201cparalela\u201d, que serve de contextualiza\u00e7\u00e3o no que se refere as datas e aos principais eventos.\u00a0<\/span><\/p>\n<p style=\"text-align: justify\"><span style=\"font-family: times new roman,times,serif;font-size: 12pt\">\u00a0 \u00a0O texto \u00e9 redigido em formato jornal\u00edstico, tomado por duas colunas de escrita, o que, novamente, remete \u00e0 ideia de documento hist\u00f3rico.<\/span><\/p>\n<p style=\"text-align: justify\"><span style=\"font-family: times new roman,times,serif;font-size: 12pt\">\u00a0 \u00a0Unindo as ideias do livro, em ser considerada uma cronologia e trazer ilustra\u00e7\u00f5es fi\u00e9is e adequadas, o mesmo pode ser considerado uma boa leitura para aqueles que est\u00e3o sendo introduzidos ao tema, bem como para quem det\u00e9m certo conhecimento acerca do conte\u00fado, mas que s\u00f3 tem a ganhar com a leitura, j\u00e1 que o livro consegue dar ordem, sentido e contexto para os epis\u00f3dios descritos. Uma boa indica\u00e7\u00e3o de leitura.<\/span><\/p>\n<p style=\"text-align: right\"><span style=\"font-family: times new roman,times,serif;font-size: 12pt\"><strong>Autor da resenha:<\/strong> Gabriel Grube dos Santos.<\/span><\/p>\n<p style=\"text-align: justify\"><span style=\"font-family: times new roman,times,serif;font-size: 12pt\">[\/vc_column_text][\/vc_column][\/vc_row][vc_row][vc_column][vc_facebook][\/vc_column][\/vc_row]<\/span><\/p>\n<\/div>","protected":false},"excerpt":{"rendered":"<p>[vc_row][vc_column][vc_column_text] Autor: David Jordan. Ano de publica\u00e7\u00e3o: 2011. \u00a0 \u00a0\u201cA maior e mais importante guerra de todos os tempos\u201d, j\u00e1 ressalta o autor desde o t\u00edtulo de sua obra, referindo-se \u00e0 import\u00e2ncia desse evento na hist\u00f3ria da humanidade e justificando a import\u00e2ncia do conhecimento acerca dos acontecimentos hist\u00f3ricos envolvidos. \u00a0 \u00a0Este livro conta com uma [&hellip;]<\/p>\n","protected":false},"author":161,"featured_media":3030,"comment_status":"open","ping_status":"open","sticky":false,"template":"","format":"standard","meta":{"_exactmetrics_skip_tracking":false,"_exactmetrics_sitenote_active":false,"_exactmetrics_sitenote_note":"","_exactmetrics_sitenote_category":0,"footnotes":"","_links_to":"","_links_to_target":""},"categories":[93],"tags":[540,351,538,289,380,539],"class_list":["post-3029","post","type-post","status-publish","format-standard","has-post-thumbnail","hentry","category-geralresenha","tag-2a-guerra-mundial","tag-gabriel-grube","tag-historia-da-segunda-guerra-mundial","tag-resenha","tag-resenha-2019","tag-segunda-guerra-mundial"],"_links":{"self":[{"href":"https:\/\/www3.unicentro.br\/petfisica\/wp-json\/wp\/v2\/posts\/3029","targetHints":{"allow":["GET"]}}],"collection":[{"href":"https:\/\/www3.unicentro.br\/petfisica\/wp-json\/wp\/v2\/posts"}],"about":[{"href":"https:\/\/www3.unicentro.br\/petfisica\/wp-json\/wp\/v2\/types\/post"}],"author":[{"embeddable":true,"href":"https:\/\/www3.unicentro.br\/petfisica\/wp-json\/wp\/v2\/users\/161"}],"replies":[{"embeddable":true,"href":"https:\/\/www3.unicentro.br\/petfisica\/wp-json\/wp\/v2\/comments?post=3029"}],"version-history":[{"count":0,"href":"https:\/\/www3.unicentro.br\/petfisica\/wp-json\/wp\/v2\/posts\/3029\/revisions"}],"wp:featuredmedia":[{"embeddable":true,"href":"https:\/\/www3.unicentro.br\/petfisica\/wp-json\/wp\/v2\/media\/3030"}],"wp:attachment":[{"href":"https:\/\/www3.unicentro.br\/petfisica\/wp-json\/wp\/v2\/media?parent=3029"}],"wp:term":[{"taxonomy":"category","embeddable":true,"href":"https:\/\/www3.unicentro.br\/petfisica\/wp-json\/wp\/v2\/categories?post=3029"},{"taxonomy":"post_tag","embeddable":true,"href":"https:\/\/www3.unicentro.br\/petfisica\/wp-json\/wp\/v2\/tags?post=3029"}],"curies":[{"name":"wp","href":"https:\/\/api.w.org\/{rel}","templated":true}]}}