{"id":1029,"date":"2023-07-28T13:50:16","date_gmt":"2023-07-28T16:50:16","guid":{"rendered":"https:\/\/www3.unicentro.br\/novatec\/?p=1029"},"modified":"2023-07-28T13:51:50","modified_gmt":"2023-07-28T16:51:50","slug":"inscricoes-abertas-para-o-exame-nacional-para-o-mestrado-profissional-em-propriedade-intelectual-e-transferencia-de-tecnologia-para-a-inovacao-profnit-2024","status":"publish","type":"post","link":"https:\/\/www3.unicentro.br\/novatec\/2023\/07\/28\/inscricoes-abertas-para-o-exame-nacional-para-o-mestrado-profissional-em-propriedade-intelectual-e-transferencia-de-tecnologia-para-a-inovacao-profnit-2024\/","title":{"rendered":"INSCRI\u00c7\u00d5ES ABERTAS PARA O EXAME NACIONAL PARA O MESTRADO PROFISSIONAL EM PROPRIEDADE INTELECTUAL E TRANSFER\u00caNCIA DE TECNOLOGIA PARA A INOVA\u00c7\u00c3O &#8211; PROFNIT\/2024"},"content":{"rendered":"<p style=\"text-align: justify\"><span style=\"font-family: georgia, palatino, serif;font-size: 12pt\">Se voc\u00ea deseja fazer Mestrado na Unicentro, chegou a sua oportunidade!<\/span><br \/>\n<span style=\"font-family: georgia, palatino, serif;font-size: 12pt\">Est\u00e3o abertas as inscri\u00e7\u00f5es do Exame Nacional para o Mestrado Profissional em Propriedade Intelectual e Transfer\u00eancia de Tecnologia para a Inova\u00e7\u00e3o &#8211; PROFNIT\/2024.<\/span><br \/>\n<span style=\"font-family: georgia, palatino, serif;font-size: 12pt\">Ser\u00e3o ofertadas 10 vagas para a Unicentro\/Guarapuava e as inscri\u00e7\u00f5es ocorrer\u00e3o entre os dias 03 a 10 de agosto de 2023. O valor da Inscri\u00e7\u00e3o \u00e9 R$ 300,00 (verificar as condi\u00e7\u00f5es para isen\u00e7\u00e3o da taxa de inscri\u00e7\u00e3o).<\/span><br \/>\n<span style=\"font-family: georgia, palatino, serif;font-size: 12pt\">A prova ocorrer\u00e1 no dia 23\/09\/23, via Plataforma Moodle.<\/span><br \/>\n<span style=\"font-family: georgia, palatino, serif;font-size: 12pt\">Para mais informa\u00e7\u00f5es acesse o site https:\/\/profnit.org.br\/<\/span><\/p>\n","protected":false},"excerpt":{"rendered":"<p>Se voc\u00ea deseja fazer Mestrado na Unicentro, chegou a sua oportunidade! Est\u00e3o abertas as inscri\u00e7\u00f5es do Exame Nacional para o Mestrado Profissional em Propriedade Intelectual e Transfer\u00eancia de Tecnologia para a Inova\u00e7\u00e3o &#8211; PROFNIT\/2024. Ser\u00e3o ofertadas 10 vagas para a Unicentro\/Guarapuava e as inscri\u00e7\u00f5es ocorrer\u00e3o entre os dias 03 a 10 de agosto de 2023. [&hellip;]<\/p>\n","protected":false},"author":400,"featured_media":1030,"comment_status":"open","ping_status":"open","sticky":false,"template":"","format":"standard","meta":{"_exactmetrics_skip_tracking":false,"_exactmetrics_sitenote_active":false,"_exactmetrics_sitenote_note":"","_exactmetrics_sitenote_category":0,"footnotes":"","_links_to":"","_links_to_target":""},"categories":[2],"tags":[],"class_list":["post-1029","post","type-post","status-publish","format-standard","has-post-thumbnail","hentry","category-noticias"],"_links":{"self":[{"href":"https:\/\/www3.unicentro.br\/novatec\/wp-json\/wp\/v2\/posts\/1029","targetHints":{"allow":["GET"]}}],"collection":[{"href":"https:\/\/www3.unicentro.br\/novatec\/wp-json\/wp\/v2\/posts"}],"about":[{"href":"https:\/\/www3.unicentro.br\/novatec\/wp-json\/wp\/v2\/types\/post"}],"author":[{"embeddable":true,"href":"https:\/\/www3.unicentro.br\/novatec\/wp-json\/wp\/v2\/users\/400"}],"replies":[{"embeddable":true,"href":"https:\/\/www3.unicentro.br\/novatec\/wp-json\/wp\/v2\/comments?post=1029"}],"version-history":[{"count":0,"href":"https:\/\/www3.unicentro.br\/novatec\/wp-json\/wp\/v2\/posts\/1029\/revisions"}],"wp:featuredmedia":[{"embeddable":true,"href":"https:\/\/www3.unicentro.br\/novatec\/wp-json\/wp\/v2\/media\/1030"}],"wp:attachment":[{"href":"https:\/\/www3.unicentro.br\/novatec\/wp-json\/wp\/v2\/media?parent=1029"}],"wp:term":[{"taxonomy":"category","embeddable":true,"href":"https:\/\/www3.unicentro.br\/novatec\/wp-json\/wp\/v2\/categories?post=1029"},{"taxonomy":"post_tag","embeddable":true,"href":"https:\/\/www3.unicentro.br\/novatec\/wp-json\/wp\/v2\/tags?post=1029"}],"curies":[{"name":"wp","href":"https:\/\/api.w.org\/{rel}","templated":true}]}}