{"id":49848,"date":"2026-03-16T16:33:46","date_gmt":"2026-03-16T19:33:46","guid":{"rendered":"https:\/\/www3.unicentro.br\/noticias\/?p=49848"},"modified":"2026-03-16T16:36:41","modified_gmt":"2026-03-16T19:36:41","slug":"capivara-atropelada-e-tratada-e-devolvida-a-natureza-com-apoio-do-cetras-da-unicentro","status":"publish","type":"post","link":"https:\/\/www3.unicentro.br\/noticias\/2026\/03\/16\/capivara-atropelada-e-tratada-e-devolvida-a-natureza-com-apoio-do-cetras-da-unicentro\/","title":{"rendered":"Capivara atropelada \u00e9 tratada e devolvida \u00e0 natureza com apoio do Cetras da Unicentro"},"content":{"rendered":"<p>&nbsp;<\/p>\n<h3 style=\"text-align: center\" data-start=\"1775\" data-end=\"1789\"><sup><em>Centro de Triagem e Reabilita\u00e7\u00e3o de Animais Silvestres \u00e9 refer\u00eancia no Estado<\/em><\/sup><\/h3>\n<p style=\"text-align: justify\"><span style=\"font-weight: 400\">Uma capivara macho v\u00edtima de atropelamento foi resgatada, tratada e devolvida \u00e0 natureza ap\u00f3s ter recebido atendimento no Centro de Triagem e Reabilita\u00e7\u00e3o de Animais Silvestres da Unicentro (Cetras). O animal foi encontrado, na \u00faltima semana, \u00e0s margens de uma rodovia na regi\u00e3o de Itapejara d&#8217;Oeste, nas proximidades do munic\u00edpio de Pato Branco.<\/span><\/p>\n<div class=\"wp-block-image\"><img loading=\"lazy\" decoding=\"async\" class=\"wpa-warning wpa-image-missing-alt alignright wp-image-49849\" src=\"https:\/\/www3.unicentro.br\/noticias\/wp-content\/uploads\/sites\/3\/2026\/03\/foto_melhorada2-e1773685609567.jpg\" alt=\"\" width=\"300\" height=\"225\" data-warning=\"Texto alternativo ausente\" srcset=\"https:\/\/www3.unicentro.br\/noticias\/wp-content\/uploads\/sites\/3\/2026\/03\/foto_melhorada2-e1773685609567.jpg 1200w, https:\/\/www3.unicentro.br\/noticias\/wp-content\/uploads\/sites\/3\/2026\/03\/foto_melhorada2-e1773685609567-768x576.jpg 768w, https:\/\/www3.unicentro.br\/noticias\/wp-content\/uploads\/sites\/3\/2026\/03\/foto_melhorada2-e1773685609567-400x300.jpg 400w, https:\/\/www3.unicentro.br\/noticias\/wp-content\/uploads\/sites\/3\/2026\/03\/foto_melhorada2-e1773685609567-800x600.jpg 800w, https:\/\/www3.unicentro.br\/noticias\/wp-content\/uploads\/sites\/3\/2026\/03\/foto_melhorada2-e1773685609567-255x191.jpg 255w\" sizes=\"auto, (max-width: 300px) 100vw, 300px\" \/><\/div>\n<p style=\"text-align: justify\"><span style=\"font-weight: 400\">Com cerca de 40 quilos, a<\/span><span style=\"font-weight: 400\"> capivara apresentava <\/span><span style=\"font-weight: 400\">dificuldade para se levantar e demonstrava sinais compat\u00edveis com uma poss\u00edvel concuss\u00e3o cerebral causada pelo impacto do atropelamento. <\/span>O resgate foi realizado por equipes do Instituto \u00c1gua e Terra (IAT) de Pato Branco, que prestaram o primeiro atendimento e encaminharam o animal para avalia\u00e7\u00e3o e tratamento no Cetras da Unicentro.<\/p>\n<p style=\"text-align: justify\"><span style=\"font-weight: 400\">No Cetras, durante o per\u00edodo de reabilita\u00e7\u00e3o, o animal recebeu atendimento veterin\u00e1rio especializado, incluindo exames de raio-x, suturas e manejo alimentar adequado para favorecer a recupera\u00e7\u00e3o.<\/span><\/p>\n<p style=\"text-align: justify\"><span style=\"font-weight: 400\">O coordenador do Cetras, Rodrigo Martins de Souza, explica que ap\u00f3s apresentar uma melhora expressiva, foi poss\u00edvel devolv\u00ea-lo a natureza na \u00faltima sexta-feira (13). \u201cA capivara j\u00e1 estava bem melhor, e permanecer em cativeiro poderia ser pior para o animal. Ent\u00e3o, decidimos pela soltura. A equipe do escrit\u00f3rio regional veio busc\u00e1-la, realizou o transporte e fez a soltura na mesma \u00e1rea, na mesma bacia onde ocorreu o atropelamento, por\u00e9m em um local mais distante da rodovia\u201d.<\/span><\/p>\n<p>&nbsp;<\/p>\n<h3 style=\"text-align: center\" data-start=\"1775\" data-end=\"1789\"><\/h3>\n<p data-start=\"1049\" data-end=\"1555\"><em>Por Mylena Camargo, com supervis\u00e3o de Giovani Ciquelero<\/em><\/p>\n<hr \/>\n<p><span style=\"color: #808000\"><strong>Voc\u00ea j\u00e1 conhece o canal de transmiss\u00e3o da Unicentro no WhatsApp?<\/strong><\/span><\/p>\n<p>L\u00e1, voc\u00ea encontra not\u00edcias fresquinhas e em primeira m\u00e3o, al\u00e9m de comunicados oficiais, eventos, conquistas da galera e muito mais!\u00a0<strong><a href=\"https:\/\/whatsapp.com\/channel\/0029VaBQlmUEVccJs6JPNB0N\">Clique aqui\u00a0<\/a><\/strong>para participar e fique por dentro de tudo o que \u00e9 destaque na nossa universidade.<\/p>\n","protected":false},"excerpt":{"rendered":"<p>Centro de Triagem e Reabilita\u00e7\u00e3o de Animais Silvestres \u00e9 refer\u00eancia no Estado. <a class=\"continue\" href=\"https:\/\/www3.unicentro.br\/noticias\/2026\/03\/16\/capivara-atropelada-e-tratada-e-devolvida-a-natureza-com-apoio-do-cetras-da-unicentro\/\"><span> Capivara atropelada \u00e9 tratada e devolvida \u00e0 natureza com apoio do Cetras da Unicentro<\/span><\/a><\/p>\n","protected":false},"author":9,"featured_media":49858,"comment_status":"open","ping_status":"open","sticky":false,"template":"","format":"standard","meta":{"_exactmetrics_skip_tracking":false,"_exactmetrics_sitenote_active":false,"_exactmetrics_sitenote_note":"","_exactmetrics_sitenote_category":0,"fifu_image_url":"https:\/\/www3.unicentro.br\/noticias\/wp-content\/uploads\/sites\/3\/2026\/03\/foto_retangular_melhorada-e1773686132941.jpg","fifu_image_alt":"","footnotes":"","_links_to":"","_links_to_target":""},"categories":[2],"tags":[],"class_list":["post-49848","post","type-post","status-publish","format-standard","has-post-thumbnail","hentry","category-noticias"],"mobiconnector_feature_image":{"id":49858,"alt_text":"","caption":"","description":"","media_type":"image","post":49848,"source_url":"https:\/\/www3.unicentro.br\/noticias\/wp-content\/uploads\/sites\/3\/2026\/03\/foto_retangular_melhorada-e1773686132941.jpg","mobiconnector_small":"https:\/\/www3.unicentro.br\/noticias\/wp-content\/uploads\/sites\/3\/","mobiconnector_medium":"https:\/\/www3.unicentro.br\/noticias\/wp-content\/uploads\/sites\/3\/","mobiconnector_large":"https:\/\/www3.unicentro.br\/noticias\/wp-content\/uploads\/sites\/3\/","mobiconnector_x_large":"https:\/\/www3.unicentro.br\/noticias\/wp-content\/uploads\/sites\/3\/"},"mobiconnector_total_comments":{"approved":0,"spam":0,"trash":0,"post-trashed":0,"all":0,"total_comments":0,"moderated":0},"mobiconnector_author_name":"gciquelero","mobiconnector_total_views":"1","mobiconnector_comments":[],"mobiconnector_posts_incategory":[{"ID":51411,"post_author":"255","post_date":"2026-04-30T11:09:34","post_date_gmt":"2026-04-30T14:09:34","post_content":"<p style=\"text-align: justify\" align=\"justify\">A professora Mariulce Leineker, docente do Departamento de Pedagogia e coordenadora do curso de Pedagogia Ind\u00edgena da Universidade Estadual do Centro-Oeste (Unicentro), participou do Semin\u00e1rio Internacional de Estudos Globais, promovido pelo Centro de Estudos Globais da Universidade Aberta, em Portugal.<\/p>\r\n<p style=\"text-align: justify\" align=\"justify\">No evento, a docente falou sobre os estere\u00f3tipos relacionados aos povos ind\u00edgenas e seus impactos sociais. \u201cEntre os pontos abordados na apresenta\u00e7\u00e3o est\u00e3o a conceitua\u00e7\u00e3o de estere\u00f3tipos; a compreens\u00e3o dos estere\u00f3tipos como constru\u00e7\u00f5es sociais simplificadoras que reduzem a diversidade dos povos ind\u00edgenas a imagens homog\u00eaneas e, frequentemente, distorcidas\u201d, conta a professora. \u201cTamb\u00e9m ser\u00e1 abordado sobre a forma\u00e7\u00e3o hist\u00f3rica dos estere\u00f3tipos; os principais estere\u00f3tipos recorrentes nos discursos dos brasileiros; a diversidade sociocultural ind\u00edgena; e o papel da Unicentro na forma\u00e7\u00e3o dos ind\u00edgenas, com a experi\u00eancia do curso de Pedagogia na Aldeia Rio das Cobras\u201d, detalha.<\/p>\r\n<p style=\"text-align: justify\" align=\"justify\">Mariulce conta, ainda, que a an\u00e1lise apresentada partiu de uma perspectiva ampla sobre o contexto ind\u00edgena brasileiro. \u201cInicialmente realizei uma an\u00e1lise ampla do contexto ind\u00edgena no Brasil, na sequ\u00eancia a fala foi sobre os povos Kaingang e Guarani e como tem sido a presen\u00e7a da Universidade no territ\u00f3rio ind\u00edgena\u201d, explica.<\/p>\r\n<p style=\"text-align: justify\" align=\"justify\">A docente destacou que os estere\u00f3tipos produzem impactos concretos na vida dos povos ind\u00edgenas, afetando o acesso a direitos e o reconhecimento de especificidades culturais. \u201cOs estere\u00f3tipos promovem um processo cont\u00ednuo de invisibiliza\u00e7\u00e3o, ao refor\u00e7arem a ideia de que os povos ind\u00edgenas pertencem apenas ao passado. Essa vis\u00e3o compromete o reconhecimento de sua presen\u00e7a ativa na sociedade atual, inclusive em espa\u00e7os urbanos e acad\u00eamicos, e fragiliza a valoriza\u00e7\u00e3o de suas l\u00ednguas, saberes e modos de vida\u201d, afirma.<\/p>\r\n<p style=\"text-align: justify\" align=\"justify\">Ainda de acordo com a professora, pr\u00e1ticas discriminat\u00f3rias e percep\u00e7\u00f5es equivocadas interferem diretamente na oferta de servi\u00e7os p\u00fablicos e na participa\u00e7\u00e3o social das comunidades ind\u00edgenas. \u201cConsidero que os estere\u00f3tipos atuam como mecanismos de manuten\u00e7\u00e3o de desigualdades, pois moldam percep\u00e7\u00f5es sociais, orientam pr\u00e1ticas institucionais e influenciam pol\u00edticas p\u00fablicas\u201d, ressaltou.<\/p>\r\n<p style=\"text-align: justify\" align=\"justify\">\u201cNa pr\u00e1tica\u201d, acrescenta a professora, \u201cobserva-se que concep\u00e7\u00f5es equivocadas, como a ideia de que os ind\u00edgenas s\u00e3o \u2018atrasados\u2019 ou incapazes de participar da vida contempor\u00e2nea, contribuem para atendimentos inadequados nos servi\u00e7os p\u00fablicos, desconsidera\u00e7\u00e3o de suas especificidades culturais na educa\u00e7\u00e3o e dificuldades na efetiva\u00e7\u00e3o de direitos territoriais\u201d, pontua.\r\n\r\n<\/p>\r\n[gallery link=\"file\" size=\"large\" ids=\"51421,51419,51418\"]\r\n<p style=\"text-align: justify\" align=\"justify\">A professora Mariulce tamb\u00e9m avaliou a import\u00e2ncia de discutir a tem\u00e1tica em um espa\u00e7o internacional. Para ela, o debate contribui para ampliar a visibilidade das experi\u00eancias brasileiras voltadas \u00e0 educa\u00e7\u00e3o intercultural e \u00e0 inclus\u00e3o social. \u201cDiscutir os estere\u00f3tipos sobre os povos ind\u00edgenas em um evento internacional \u00e9 de extrema relev\u00e2ncia, sobretudo em um contexto marcado pela intensifica\u00e7\u00e3o dos fluxos globais, pela circula\u00e7\u00e3o de discursos e pela crescente visibilidade das pautas relacionadas aos direitos humanos e \u00e0 diversidade cultural\u201d, disse. \u201cH\u00e1 a possibilidade de ampliar o debate para al\u00e9m das realidades locais, evidenciando que os estere\u00f3tipos n\u00e3o s\u00e3o fen\u00f4menos isolados\u201d, completa.<\/p>\r\n<p style=\"text-align: justify\" align=\"justify\">Na apresenta\u00e7\u00e3o, a professora tamb\u00e9m compartilhou a experi\u00eancia da Unicentro com o curso de Pedagogia desenvolvido na Terra Ind\u00edgena Rio das Cobras, em Nova Laranjeiras. A iniciativa atende estudantes das etnias Kaingang, Guarani e Xet\u00e1 e busca fortalecer a forma\u00e7\u00e3o de professores ind\u00edgenas e a valoriza\u00e7\u00e3o das identidades culturais nas comunidades. \u201cEssa experi\u00eancia evidencia, na pr\u00e1tica, como a educa\u00e7\u00e3o pode atuar na desconstru\u00e7\u00e3o de estere\u00f3tipos, ao promover o protagonismo ind\u00edgena, valorizar saberes tradicionais e reconhecer a diversidade lingu\u00edstica e cultural\u201d, destaca.<\/p>\r\n<p style=\"text-align: justify\" align=\"justify\">Para a docente, o interc\u00e2mbio com pesquisadores e institui\u00e7\u00f5es de outros pa\u00edses pode contribuir para o aprimoramento das a\u00e7\u00f5es desenvolvidas pela universidade. \u201cA troca com realidades de outros pa\u00edses tende a contribuir de forma significativa para o trabalho desenvolvido na Unicentro com os povos ind\u00edgenas, sobretudo por ampliar o horizonte anal\u00edtico e metodol\u00f3gico das a\u00e7\u00f5es de ensino, pesquisa e extens\u00e3o\u201d.<\/p>\r\n<p style=\"text-align: justify\" align=\"justify\">Al\u00e9m da participa\u00e7\u00e3o no semin\u00e1rio, a professora realizou uma visita t\u00e9cnica \u00e0 Universidade da Beira Interior, onde apresentou o curso de Pedagogia da Unicentro a professores da \u00e1rea de Filosofia e conheceu espa\u00e7os acad\u00eamicos da institui\u00e7\u00e3o portuguesa.<\/p>\r\n<p style=\"text-align: justify\" align=\"justify\"><span style=\"color: #808000\"><strong>Sobre o evento -<\/strong> <\/span>O Semin\u00e1rio Internacional de Estudos Globais integra as chamadas \u201cConfer\u00eancias Globais\u201d da Universidade Aberta e tem como objetivo promover debates cient\u00edficos interdisciplinares sobre fen\u00f4menos globais e suas implica\u00e7\u00f5es locais e internacionais. A iniciativa tamb\u00e9m busca fortalecer redes de coopera\u00e7\u00e3o acad\u00eamica e ampliar a circula\u00e7\u00e3o de pesquisas produzidas em diferentes pa\u00edses.\r\n\r\nO evento ocorreu em formato h\u00edbrido, reunindo pesquisadores, docentes, estudantes e profissionais interessados em temas ligados \u00e0 globaliza\u00e7\u00e3o, cultura, educa\u00e7\u00e3o e sociedade.\r\n\r\n\r\n\r\n\r\n\r\n<\/p>\r\n<p align=\"justify\"><\/p>\r\n<p align=\"justify\"><\/p>\r\n<p align=\"justify\"><\/p>\r\n<p style=\"text-align: justify\"><span style=\"font-size: 8pt\"><em>Por Ma\u00edra Machado<\/em><\/span><\/p>\r\n\r\n\r\n<hr \/>\r\n<p style=\"text-align: justify\"><span style=\"color: #808000\"><strong>Voc\u00ea j\u00e1 conhece o canal de transmiss\u00e3o da Unicentro no WhatsApp?<\/strong><\/span><\/p>\r\n<p style=\"text-align: justify\">L\u00e1, voc\u00ea encontra not\u00edcias fresquinhas e em primeira m\u00e3o, al\u00e9m de comunicados oficiais, eventos, conquistas da galera e muito mais!\u00a0<span style=\"color: #808000\"><strong><a style=\"color: #808000\" href=\"https:\/\/whatsapp.com\/channel\/0029VaBQlmUEVccJs6JPNB0N\">Clique aqui<\/a><\/strong>\u00a0<\/span>para participar e fique por dentro de tudo o que \u00e9 destaque na nossa universidade.<\/p>","post_title":"Docente da Unicentro debate estere\u00f3tipos sobre povos ind\u00edgenas em semin\u00e1rio internacional em Portugal","post_excerpt":"Durante o evento, a professora Mariulce Leineker apresentou experi\u00eancias da Unicentro com comunidades Kaingang, Guarani e Xet\u00e1 e discutiu os impactos sociais dos estere\u00f3tipos sobre os povos ind\u00edgenas ","post_status":"publish","comment_status":"open","ping_status":"open","post_password":"","post_name":"docente-da-unicentro-debate-estereotipos-sobre-povos-indigenas-em-seminario-internacional-em-portugal","to_ping":"","pinged":"","post_modified":"2026-04-30 11:09:34","post_modified_gmt":"2026-04-30 14:09:34","post_content_filtered":"","post_parent":0,"guid":"https:\/\/www3.unicentro.br\/noticias\/?p=51411","menu_order":0,"post_type":"post","post_mime_type":"","comment_count":"0","filter":"raw","mobiconnector_feature_image":{"id":51430,"alt_text":"","caption":"","description":"","media_type":"image","post":51411,"source_url":"https:\/\/www3.unicentro.br\/noticias\/wp-content\/uploads\/sites\/3\/2026\/04\/Captura-de-tela-2026-04-30-101220-1.jpg","mobiconnector_small":"https:\/\/www3.unicentro.br\/noticias\/wp-content\/uploads\/sites\/3\/","mobiconnector_medium":"https:\/\/www3.unicentro.br\/noticias\/wp-content\/uploads\/sites\/3\/","mobiconnector_large":"https:\/\/www3.unicentro.br\/noticias\/wp-content\/uploads\/sites\/3\/","mobiconnector_x_large":"https:\/\/www3.unicentro.br\/noticias\/wp-content\/uploads\/sites\/3\/"}},{"ID":51393,"post_author":"776","post_date":"2026-04-29T14:16:38","post_date_gmt":"2026-04-29T17:16:38","post_content":"<p style=\"text-align: justify\"><span style=\"font-weight: 400\">A Universidade Estadual do Centro-Oeste (Unicentro) garantiu a prorroga\u00e7\u00e3o, por mais 20 anos, da cess\u00e3o de uso da \u00e1rea onde funciona o C\u00e2mpus Cedeteg, em Guarapuava. O termo aditivo firmado entre a Uni\u00e3o e o Governo do Estado do Paran\u00e1 assegura a utiliza\u00e7\u00e3o do espa\u00e7o at\u00e9 2046 e permite que a institui\u00e7\u00e3o continue investindo em obras, amplia\u00e7\u00e3o da infraestrutura e expans\u00e3o das atividades acad\u00eamicas.<\/span><\/p>\r\n<p style=\"text-align: justify\"><span style=\"font-weight: 400\">A \u00e1rea, localizada na Rua Sime\u00e3o Camargo de S\u00e1, na Vila Carli, possui mais de 1 milh\u00e3o de metros quadrados e pertence \u00e0 Uni\u00e3o. O contrato original de cess\u00e3o havia sido firmado em 2006 e venceria em outubro de 2026.<\/span><\/p>\r\n<p style=\"text-align: justify\"><span style=\"font-weight: 400\">Para o reitor da Unicentro, F\u00e1bio Hernandes, a renova\u00e7\u00e3o representa seguran\u00e7a jur\u00eddica e estabilidade para o planejamento institucional da universidade. \u201cEssa prorroga\u00e7\u00e3o por mais 20 anos nos d\u00e1 seguran\u00e7a e tranquilidade para continuar desenvolvendo os projetos e oferecendo ensino superior de qualidade. Para investirmos em novas instala\u00e7\u00f5es, departamentos e edifica\u00e7\u00f5es, precisamos ter um termo de cess\u00e3o ou de propriedade por um per\u00edodo longo\u201d, afirma.<\/span><\/p>\r\n<p style=\"text-align: justify\"><span style=\"font-weight: 400\">Sem a renova\u00e7\u00e3o do contrato, a universidade ficaria impedida de iniciar novos investimentos estruturais no c\u00e2mpus. \u201cEssa renova\u00e7\u00e3o nos d\u00e1 essa seguran\u00e7a para podermos continuar expandindo nossa universidade nas depend\u00eancias do Cedeteg\u201d, destaca F\u00e1bio.<\/span><\/p>\r\n<p style=\"text-align: justify\"><span style=\"font-weight: 400\">O c\u00e2mpus passou por ampla expans\u00e3o desde a cess\u00e3o inicial da \u00e1rea. Quando o contrato foi firmado, em 2006, o local possu\u00eda cerca de 11 mil metros quadrados de benfeitorias. Atualmente, a \u00e1rea constru\u00edda j\u00e1 ultrapassa 35 mil metros quadrados.<\/span><\/p>\r\n<p style=\"text-align: justify\"><span style=\"font-weight: 400\">O diretor de Engenharia da universidade, Luis Carlos Ratuchne, explica que a prorroga\u00e7\u00e3o cria espa\u00e7o para o planejamento de interven\u00e7\u00f5es de m\u00e9dio e longo prazo. \u201cCom essa seguran\u00e7a jur\u00eddica e patrimonial, a universidade passa a ter condi\u00e7\u00f5es de planejar investimentos mais robustos, como novas edifica\u00e7\u00f5es, implanta\u00e7\u00e3o de infraestrutura laboratorial especializada, melhorias vi\u00e1rias internas, acessibilidade e a\u00e7\u00f5es de sustentabilidade\u201d, afirma.<\/span><\/p>\r\n\r\n\r\n[caption id=\"attachment_51395\" align=\"aligncenter\" width=\"900\"]<img class=\"wpa-warning wpa-image-missing-alt wp-image-51395 size-1536x1536\" src=\"https:\/\/www3.unicentro.br\/noticias\/wp-content\/uploads\/sites\/3\/2026\/04\/WhatsApp-Image-2026-04-28-at-16.48.48-1536x1026.jpeg\" alt=\"\" width=\"900\" height=\"601\" data-warning=\"Texto alternativo ausente\" \/> C\u00e2mpus Cedeteg teve cess\u00e3o de uso renovada por mais 20 anos.[\/caption]\r\n<h4><\/h4>\r\n<h4 style=\"text-align: justify\"><b>Novas obras para o C\u00e2mpus Cedeteg<\/b><\/h4>\r\n<p style=\"text-align: justify\"><span style=\"font-weight: 400\">Entre os projetos previstos est\u00e1 a constru\u00e7\u00e3o do <strong><a href=\"https:\/\/www3.unicentro.br\/cedeteg\/2025\/08\/22\/unicentro-e-seti-oficializam-carta-de-intencoes-para-construcao-do-instituto-de-medicina-de-precisao-do-parana\/\">Instituto <\/a><\/strong><\/span><strong>Paranaense de Medicina de Precis\u00e3o<\/strong><span style=\"font-weight: 400\">, com aproximadamente 1.600 metros quadrados. A obra j\u00e1 est\u00e1 contratada e aguarda libera\u00e7\u00e3o do alvar\u00e1 para in\u00edcio dos trabalhos. Outro destaque \u00e9 a constru\u00e7\u00e3o da moradia estudantil, com cerca de 730 metros quadrados, atualmente em fase final de execu\u00e7\u00e3o.<\/span><\/p>\r\n<p style=\"text-align: justify\"><span style=\"font-weight: 400\">A universidade tamb\u00e9m trabalha na viabiliza\u00e7\u00e3o de um <\/span><strong><a href=\"https:\/\/www3.unicentro.br\/noticias\/2025\/10\/06\/unicentro-e-nucleo-regional-de-educacao-avancam-nas-tratativas-para-implantacao-do-colegio-de-formacao-integrada\/\">Col\u00e9gio Estadual de Forma\u00e7\u00e3o Integrada<\/a><\/strong><span style=\"font-weight: 400\"> dentro do pr\u00f3prio c\u00e2mpus, em parceria com o Governo do Estado.<\/span><\/p>\r\n<p style=\"text-align: justify\"><span style=\"font-weight: 400\">Segundo o diretor de Engenharia, os principais desafios para manuten\u00e7\u00e3o e expans\u00e3o do espa\u00e7o envolvem a dimens\u00e3o territorial do c\u00e2mpus, a atualiza\u00e7\u00e3o das redes de infraestrutura, a adequa\u00e7\u00e3o \u00e0s normas de acessibilidade e a moderniza\u00e7\u00e3o de laborat\u00f3rios e ambientes especializados. \u201cEm um c\u00e2mpus em funcionamento, muitas obras precisam ser planejadas por etapas, para reduzir impactos sobre aulas, pesquisas, atendimentos laboratoriais e demais atividades institucionais\u201d, explica.<\/span><\/p>\r\n<p style=\"text-align: justify\"><span style=\"font-weight: 400\">Para o reitor, a renova\u00e7\u00e3o da cess\u00e3o garante n\u00e3o apenas a continuidade das atividades acad\u00eamicas, mas tamb\u00e9m dos servi\u00e7os prestados \u00e0 popula\u00e7\u00e3o regional. \u201cEsse termo de cess\u00e3o traz a continuidade dos cursos de gradua\u00e7\u00e3o de qualidade e dos servi\u00e7os prestados \u00e0 comunidade nas \u00e1reas da sa\u00fade, agr\u00e1rias e ci\u00eancias exatas. Representa uma universidade cada vez mais inserida na comunidade\u201d, conclui.<\/span><\/p>\r\n<em>Por Caroline Albertini<\/em>\r\n\r\n<hr \/>\r\n\r\n<span style=\"color: #808000\"><strong>Voc\u00ea j\u00e1 conhece o canal de transmiss\u00e3o da Unicentro no WhatsApp?<\/strong><\/span>\r\n\r\nL\u00e1, voc\u00ea encontra not\u00edcias fresquinhas e em primeira m\u00e3o, al\u00e9m de comunicados oficiais, eventos, conquistas da galera e muito mais!\u00a0<span style=\"color: #808000\"><strong><a style=\"color: #808000\" href=\"https:\/\/whatsapp.com\/channel\/0029VaBQlmUEVccJs6JPNB0N\">Clique aqui<\/a><\/strong><\/span>\u00a0para participar e fique por dentro de tudo o que \u00e9 destaque na nossa universidade.\r\n\r\n<hr \/>\r\n\r\n&nbsp;","post_title":"Uni\u00e3o prorroga cess\u00e3o de \u00e1rea do C\u00e2mpus Cedeteg da Unicentro por mais 20 anos","post_excerpt":"Renova\u00e7\u00e3o garante seguran\u00e7a jur\u00eddica para novos investimentos, obras e expans\u00e3o da universidade at\u00e9 2046","post_status":"publish","comment_status":"open","ping_status":"open","post_password":"","post_name":"uniao-prorroga-cessao-de-area-do-campus-cedeteg-da-unicentro-por-mais-20-anos","to_ping":"","pinged":"","post_modified":"2026-04-29 14:36:15","post_modified_gmt":"2026-04-29 17:36:15","post_content_filtered":"","post_parent":0,"guid":"https:\/\/www3.unicentro.br\/noticias\/?p=51393","menu_order":0,"post_type":"post","post_mime_type":"","comment_count":"0","filter":"raw","mobiconnector_feature_image":{"id":51404,"alt_text":"","caption":"","description":"","media_type":"image","post":51393,"source_url":"https:\/\/www3.unicentro.br\/noticias\/wp-content\/uploads\/sites\/3\/2026\/04\/DJI_0508.jpg","mobiconnector_small":"https:\/\/www3.unicentro.br\/noticias\/wp-content\/uploads\/sites\/3\/","mobiconnector_medium":"https:\/\/www3.unicentro.br\/noticias\/wp-content\/uploads\/sites\/3\/","mobiconnector_large":"https:\/\/www3.unicentro.br\/noticias\/wp-content\/uploads\/sites\/3\/","mobiconnector_x_large":"https:\/\/www3.unicentro.br\/noticias\/wp-content\/uploads\/sites\/3\/"}},{"ID":51344,"post_author":"9","post_date":"2026-04-29T09:29:02","post_date_gmt":"2026-04-29T12:29:02","post_content":"&nbsp;\r\n<h3 style=\"text-align: center\" data-start=\"1775\" data-end=\"1789\"><sup><em>O pesquisador Leandro Redin Vestena participou de atividade de monitoramento no Monte Rosa, na fronteira entre It\u00e1lia e Su\u00ed\u00e7a<\/em><\/sup><\/h3>\r\n<p style=\"text-align: justify\"><span style=\"font-weight: 400\">O professor Leandro Redin Vestena, vinculado ao Departamento de Geografia e ao <\/span><strong><a href=\"https:\/\/www3.unicentro.br\/ppgg\/\">Programa de P\u00f3s-Gradua\u00e7\u00e3o em Geografia<\/a><\/strong><span style=\"font-weight: 400\"> (PPGG) do C\u00e2mpus Cedeteg da Universidade Estadual do Centro-Oeste (Unicentro), realiza interc\u00e2mbio cient\u00edfico na Universidade de Turim (UniTo), na It\u00e1lia. A programa\u00e7\u00e3o inclui atividades de pesquisa em campo no Monte Rosa, maci\u00e7o montanhoso que abriga 28 picos com altitude superior a 4 mil metros, situado na fronteira entre a It\u00e1lia e a Su\u00ed\u00e7a.<\/span><\/p>\r\n<p style=\"text-align: justify\"><span style=\"font-weight: 400\">O docente explica que o Monte Rosa \u00e9 considerado um laborat\u00f3rio natural para o monitoramento dos efeitos das mudan\u00e7as clim\u00e1ticas, destacando fen\u00f4menos como o aumento das temperaturas e a redu\u00e7\u00e3o da cobertura de neve e dos recursos h\u00eddricos. Ele coordena o <\/span><strong><a href=\"https:\/\/www.instagram.com\/labhidro_unicentro\/\">Laborat\u00f3rio de Hidrologia (LabHidro)<\/a><\/strong><span style=\"font-weight: 400\"> da Unicentro - que, entre outros temas, investiga desastres naturais, hidrogeomorfologia e an\u00e1lise e gest\u00e3o ambiental - e levou a experi\u00eancia institucional para esta miss\u00e3o internacional.<\/span><\/p>\r\n\r\n<blockquote><span style=\"color: #808000\"><strong>\u201cA expertise adquirida pelos italianos no tratamento e an\u00e1lise de dados hidroclim\u00e1ticos pode contribuir para an\u00e1lises mais precisas desses impactos tamb\u00e9m no Sul do Brasil\u201d<\/strong><\/span>\r\n<p style=\"text-align: right\"><sup>Prof. Leandro Redin Vestena, pesquisador da Unicentro<\/sup><\/p>\r\n<\/blockquote>\r\n<div class=\"wp-block-image\">\r\n\r\n[caption id=\"attachment_51352\" align=\"alignright\" width=\"263\"]<img class=\"wpa-warning wpa-image-missing-alt wp-image-51352\" src=\"https:\/\/www3.unicentro.br\/noticias\/wp-content\/uploads\/sites\/3\/2026\/04\/Alpes-5.jpeg\" alt=\"\" width=\"263\" height=\"350\" data-warning=\"Texto alternativo ausente\" \/> Atividade teve a participa\u00e7\u00e3o de docentes e estudantes da UniTo.[\/caption]\r\n\r\n<\/div>\r\n<h3 data-start=\"1775\" data-end=\"1789\"><b>Coopera\u00e7\u00e3o internacional<\/b><\/h3>\r\n<p style=\"text-align: justify\"><span style=\"font-weight: 400\">Os trabalhos no Monte Rosa foram coordenados pela rede italiana de pesquisa LTER, vinculada ao Instituto Cient\u00edfico Angelo Mosso, e pelo Laborat\u00f3rio de Climatologia Alpina da Universidade de Turim. Segundo Leandro, as atividades integram um acordo de coopera\u00e7\u00e3o acad\u00eamica para a mobilidade de corpo docente, pesquisadores e estudantes entre a Unicentro e o Departamento de Ci\u00eancias da Terra da Universidade de Turim.\u00a0<\/span><\/p>\r\n<p style=\"text-align: justify\"><span style=\"font-weight: 400\">\u201cOs Alpes s\u00e3o uma regi\u00e3o sens\u00edvel, em que os efeitos das mudan\u00e7as clim\u00e1ticas s\u00e3o percept\u00edveis. A expertise adquirida pelos italianos no tratamento e an\u00e1lise de dados hidroclim\u00e1ticos pode contribuir para an\u00e1lises mais precisas desses impactos tamb\u00e9m no sul do Brasil\u201d, relata o pesquisador. \u201cConsidero que a import\u00e2ncia da atividade reside em compreender os efeitos das mudan\u00e7as clim\u00e1ticas na distribui\u00e7\u00e3o temporal e espacial da \u00e1gua e nos eventos extremos de chuvas, especialmente na incid\u00eancia e na magnitude de desastres hidrol\u00f3gicos decorrentes do excesso ou do d\u00e9ficit de \u00e1gua\u201d, complementa.<\/span><\/p>\r\n<p style=\"text-align: justify\"><span style=\"font-weight: 400\">A parceria t\u00e9cnico-cient\u00edfica com a institui\u00e7\u00e3o italiana foi estabelecida a partir da realiza\u00e7\u00e3o de seu est\u00e1gio p\u00f3s-doutoral, em 2024, que culminou em uma investiga\u00e7\u00e3o conduzida por Leandro a respeito de desastres hidrol\u00f3gicos no sul do Brasil e eventos extremos de chuva. A <strong><a href=\"https:\/\/www.instagram.com\/p\/DXpZXiqFKeJ\/\" target=\"_blank\" rel=\"noopener\">Universidade de Turim est\u00e1 com inscri\u00e7\u00f5es abertas para docentes internacionais de todas as \u00e1reas cient\u00edficas<\/a><\/strong>. Tamb\u00e9m est\u00e3o previstas mais experi\u00eancias de mobilidade acad\u00eamica com a Universidade de Turim, incluindo o interc\u00e2mbio de professores e estudantes entre Brasil e It\u00e1lia, especialmente no \u00e2mbito do PPGG, tanto no mestrado quanto no doutorado.<\/span><\/p>\r\n&nbsp;\r\n<ul>\r\n \t<li style=\"font-weight: 400\"><i><span style=\"font-weight: 400\">Conhe\u00e7a o <\/span><\/i><a href=\"https:\/\/www.instagram.com\/labhidro_unicentro\/\" target=\"_blank\" rel=\"noopener\"><i><span style=\"font-weight: 400\"><strong>LabHidro<\/strong><\/span><\/i><\/a><i><span style=\"font-weight: 400\">. Os resultados da pesquisa sobre desastres hidrol\u00f3gicos no Sul do Brasil e eventos extremos de chuva podem ser conferidos <\/span><\/i><strong><a href=\"https:\/\/link.springer.com\/article\/10.1007\/s41748-026-01111-9\" target=\"_blank\" rel=\"noopener\"><i>aqui<\/i><\/a><\/strong><span style=\"font-weight: 400\">.<\/span><\/li>\r\n \t<li style=\"font-weight: 400\"><span style=\"font-weight: 400\">Acesse o site do <\/span><strong><a href=\"https:\/\/www3.unicentro.br\/ppgg\/\" target=\"_blank\" rel=\"noopener\">Programa de P\u00f3s-Gradua\u00e7\u00e3o em Geografia<\/a><\/strong><span style=\"font-weight: 400\"> para conferir as linhas de pesquisa.<\/span><\/li>\r\n<\/ul>\r\n[gallery size=\"medium\" ids=\"51353,51350,51360,51351,51357,51358\"]\r\n\r\n&nbsp;\r\n\r\n<i><span style=\"font-weight: 400\">\r\n<\/span><\/i><i><span style=\"font-weight: 400\">Por Scheyla Horst<\/span><\/i>\r\n\r\n<hr \/>\r\n\r\n<span style=\"color: #808000\"><strong>Voc\u00ea j\u00e1 conhece o canal de transmiss\u00e3o da Unicentro no WhatsApp?<\/strong><\/span>\r\n\r\nL\u00e1, voc\u00ea encontra not\u00edcias fresquinhas e em primeira m\u00e3o, al\u00e9m de comunicados oficiais, eventos, conquistas da galera e muito mais!\u00a0<span style=\"color: #808000\"><strong><a style=\"color: #808000\" href=\"https:\/\/whatsapp.com\/channel\/0029VaBQlmUEVccJs6JPNB0N\">Clique aqui<\/a><\/strong>\u00a0<\/span>para participar e fique por dentro de tudo o que \u00e9 destaque na nossa universidade.\r\n\r\n&nbsp;","post_title":"Professor da Unicentro integra miss\u00e3o cient\u00edfica nos Alpes sobre mudan\u00e7as clim\u00e1ticas","post_excerpt":"O pesquisador Leandro Redin Vestena participou de atividade de monitoramento no Monte Rosa, na fronteira entre It\u00e1lia e Su\u00ed\u00e7a.","post_status":"publish","comment_status":"open","ping_status":"open","post_password":"","post_name":"professor-da-unicentro-integra-missao-cientifica-nos-alpes-sobre-mudancas-climaticas","to_ping":"","pinged":"","post_modified":"2026-04-29 09:29:02","post_modified_gmt":"2026-04-29 12:29:02","post_content_filtered":"","post_parent":0,"guid":"https:\/\/www3.unicentro.br\/noticias\/?p=51344","menu_order":0,"post_type":"post","post_mime_type":"","comment_count":"0","filter":"raw","mobiconnector_feature_image":{"id":51371,"alt_text":"","caption":"","description":"","media_type":"image","post":51344,"source_url":"https:\/\/www3.unicentro.br\/noticias\/wp-content\/uploads\/sites\/3\/2026\/04\/0_ProfLeandro_Alpes-1.jpeg","mobiconnector_small":"https:\/\/www3.unicentro.br\/noticias\/wp-content\/uploads\/sites\/3\/","mobiconnector_medium":"https:\/\/www3.unicentro.br\/noticias\/wp-content\/uploads\/sites\/3\/","mobiconnector_large":"https:\/\/www3.unicentro.br\/noticias\/wp-content\/uploads\/sites\/3\/","mobiconnector_x_large":"https:\/\/www3.unicentro.br\/noticias\/wp-content\/uploads\/sites\/3\/"}},{"ID":51386,"post_author":"9","post_date":"2026-04-29T09:28:36","post_date_gmt":"2026-04-29T12:28:36","post_content":"&nbsp;\r\n<h3 style=\"text-align: center\" data-start=\"1775\" data-end=\"1789\"><sup><em>Evento marca os 20 anos do programa da Unicentro.<\/em><\/sup><\/h3>\r\n<p style=\"text-align: justify\" data-start=\"212\" data-end=\"588\">Hoje \u00e9 o \u00faltimo dia de inscri\u00e7\u00f5es para a <strong data-start=\"256\" data-end=\"308\">14\u00aa Jornada de P\u00f3s-Gradua\u00e7\u00e3o em Qu\u00edmica Aplicada<\/strong>, promovida pelo Programa de P\u00f3s-Gradua\u00e7\u00e3o em Qu\u00edmica Aplicada (PPGQA) da <span class=\"hover:entity-accent entity-underline inline cursor-pointer align-baseline\"><span class=\"whitespace-normal\">Universidade Estadual do Centro-Oeste (Unicentro)<\/span><\/span>. O evento ser\u00e1 realizado entre os dias <strong data-start=\"459\" data-end=\"476\">5 e 7 de maio<\/strong> e marca os <strong data-start=\"488\" data-end=\"511\">20 anos<\/strong>. Podem participar estudantes de gradua\u00e7\u00e3o, estudantes de p\u00f3s-gradua\u00e7\u00e3o, professores e comunidade externa. As inscri\u00e7\u00f5es podem ser feitas pelo <strong><a href=\"https:\/\/evento.unicentro.br\/site\/xiv-jpgqa\/2026\/1\" target=\"_blank\" rel=\"noopener\">site do evento<\/a><\/strong>.<\/p>\r\n<p style=\"text-align: justify\">A Jornada re\u00fane participantes de diferentes \u00e1reas da qu\u00edmica aplicada, com o objetivo de fomentar o interc\u00e2mbio t\u00e9cnico e cient\u00edfico entre pesquisadores, estudantes de gradua\u00e7\u00e3o e p\u00f3s-gradua\u00e7\u00e3o da Unicentro e de outras institui\u00e7\u00f5es, al\u00e9m de aproximar a comunidade em geral das discuss\u00f5es cient\u00edficas.<\/p>\r\n<p style=\"text-align: justify\">Nesta edi\u00e7\u00e3o especial de duas d\u00e9cadas do PPGQA, o evento contar\u00e1 com uma programa\u00e7\u00e3o diversificada, incluindo palestras, minicursos, mesas-redondas e semin\u00e1rios, proporcionando oportunidades de atualiza\u00e7\u00e3o acad\u00eamica, troca de experi\u00eancias e amplia\u00e7\u00e3o de redes de contato.<\/p>\r\n\r\n\r\n<hr \/>\r\n\r\n<span style=\"color: #808000\"><strong>Voc\u00ea j\u00e1 conhece o canal de transmiss\u00e3o da Unicentro no WhatsApp?<\/strong><\/span>\r\n\r\nL\u00e1, voc\u00ea encontra not\u00edcias fresquinhas e em primeira m\u00e3o, al\u00e9m de comunicados oficiais, eventos, conquistas da galera e muito mais!\u00a0<span style=\"color: #808000\"><strong><a style=\"color: #808000\" href=\"https:\/\/whatsapp.com\/channel\/0029VaBQlmUEVccJs6JPNB0N\">Clique aqui<\/a><\/strong>\u00a0<\/span>para participar e fique por dentro de tudo o que \u00e9 destaque na nossa universidade.","post_title":"Inscri\u00e7\u00f5es para a 14\u00aa Jornada de P\u00f3s-Gradua\u00e7\u00e3o em Qu\u00edmica Aplicada terminam nesta quarta (29)","post_excerpt":"Evento marca os 20 anos do programa da Unicentro.","post_status":"publish","comment_status":"open","ping_status":"open","post_password":"","post_name":"inscricoes-para-a-14a-jornada-de-pos-graduacao-em-quimica-aplicada-terminam-nesta-terca-29","to_ping":"","pinged":"","post_modified":"2026-04-29 14:35:04","post_modified_gmt":"2026-04-29 17:35:04","post_content_filtered":"","post_parent":0,"guid":"https:\/\/www3.unicentro.br\/noticias\/?p=51386","menu_order":0,"post_type":"post","post_mime_type":"","comment_count":"0","filter":"raw","mobiconnector_feature_image":{"id":51392,"alt_text":"","caption":"","description":"","media_type":"image","post":51386,"source_url":"https:\/\/www3.unicentro.br\/noticias\/wp-content\/uploads\/sites\/3\/2026\/04\/WhatsApp-Image-2026-04-28-at-13.10.45-e1777475281858.jpeg","mobiconnector_small":"https:\/\/www3.unicentro.br\/noticias\/wp-content\/uploads\/sites\/3\/","mobiconnector_medium":"https:\/\/www3.unicentro.br\/noticias\/wp-content\/uploads\/sites\/3\/","mobiconnector_large":"https:\/\/www3.unicentro.br\/noticias\/wp-content\/uploads\/sites\/3\/","mobiconnector_x_large":"https:\/\/www3.unicentro.br\/noticias\/wp-content\/uploads\/sites\/3\/"}},{"ID":51373,"post_author":"9","post_date":"2026-04-28T17:29:22","post_date_gmt":"2026-04-28T20:29:22","post_content":"&nbsp;\r\n<h3 style=\"text-align: center\" data-start=\"1775\" data-end=\"1789\"><sup><em>Iniciativa do Departamento de Pedagogia de Guarapuava orientou sobre os riscos da exposi\u00e7\u00e3o precoce na internet e o papel do gestor escolar na preserva\u00e7\u00e3o de direitos<\/em><\/sup><\/h3>\r\n<p style=\"text-align: justify\" data-start=\"428\" data-end=\"829\">O Departamento de Pedagogia da Universidade Estadual do Centro-Oeste (Unicentro), no c\u00e2mpus Santa Cruz, promoveu na \u00faltima segunda-feira (27) uma palestra voltada aos acad\u00eamicos do curso para debater a prote\u00e7\u00e3o de crian\u00e7as e adolescentes no ambiente digital. O encontro teve como tema central o \"ECA Digital\", abordando as atualiza\u00e7\u00f5es legislativas e os desafios que a exposi\u00e7\u00e3o em massa nas redes sociais imp\u00f5e ao ambiente escolar e familiar.<\/p>\r\n<p style=\"text-align: justify\" data-start=\"831\" data-end=\"1265\">A discuss\u00e3o central da noite girou em torno da necessidade de preparar o pedagogo para atuar como um mediador entre a tecnologia e as fam\u00edlias. Com o uso desenfreado da internet, as institui\u00e7\u00f5es de ensino tornaram-se o primeiro ponto de acolhimento para conflitos gerados na rede, o que exige do profissional um conhecimento profundo sobre as implica\u00e7\u00f5es legais da exposi\u00e7\u00e3o de menores. A palestrante e advogada Rafaela Huren Modolon detalhou como o ECA Digital busca frear o uso indevido de dados pessoais por grandes empresas de tecnologia, que muitas vezes utilizam algoritmos e an\u00fancios atrativos para induzir o p\u00fablico infantil ao v\u00edcio em plataformas e jogos virtuais.<\/p>\r\n<p style=\"text-align: justify\" data-start=\"831\" data-end=\"1265\">\"As atualiza\u00e7\u00f5es s\u00e3o importantes para eles terem consci\u00eancia do que \u00e9 o ECA digital, porque h\u00e1 muito conceito do que \u00e9 e o que n\u00e3o \u00e9. Atualmente, a lei foi feita de uma forma que protegesse realmente as crian\u00e7as dos riscos que a internet traz e de uma forma de orientar os pais tamb\u00e9m dessa situa\u00e7\u00e3o\", pontua Rafaela. Segundo ela, o pedagogo deve saber identificar infra\u00e7\u00f5es no ambiente virtual para instruir as fam\u00edlias sobre os procedimentos legais necess\u00e1rios junto aos \u00f3rg\u00e3os competentes. \"Acredito que principalmente os pedagogos podem ter essa vis\u00e3o contando para os pais as medidas que podem ser feitas caso ocorra alguma infra\u00e7\u00e3o aos filhos\", completa a palestrante.<\/p>\r\n<p style=\"text-align: justify\">As organizadoras do evento, as professoras de est\u00e1gio do Departamento de Pedagogia, Solange Aparecida de Oliveira Collares e Laurete Maria Ruaro, destacaram que a escola precisa estar munida de informa\u00e7\u00f5es t\u00e9cnicas para orientar pais e respons\u00e1veis sobre o uso \u00e9tico da internet. A media\u00e7\u00e3o escolar \u00e9 vista como uma estrat\u00e9gia para prevenir preju\u00edzos no desenvolvimento ps\u00edquico e social das crian\u00e7as, garantindo que o avan\u00e7o tecnol\u00f3gico seja acompanhado de responsabilidade.<\/p>\r\n<p style=\"text-align: justify\">Para a professora Solange, o tema \u00e9 urgente pois o pedagogo ocupa a linha de frente nas institui\u00e7\u00f5es. \"Os pedagogos que est\u00e3o na escola, geralmente, ficam na linha de frente, ent\u00e3o s\u00e3o eles que desenvolvem, junto com os pais e com os alunos, as atividades pertinentes \u00e0s quest\u00f5es em rela\u00e7\u00e3o ao uso da internet e \u00e0 preserva\u00e7\u00e3o de imagens\", explica. A professora Laurete refor\u00e7a que o dom\u00ednio dessa legisla\u00e7\u00e3o \u00e9 o que garante a seguran\u00e7a nos projetos educativos e na atua\u00e7\u00e3o profissional futura dos estudantes. \"O pedagogo que vai se inserir nas escolas precisa entender e orientar os pais, os professores e as crian\u00e7as de como fazer essa media\u00e7\u00e3o entre o mundo real e o mundo virtual sem maiores preju\u00edzos para ningu\u00e9m\", destaca.<\/p>\r\n&nbsp;\r\n\r\n<em>Por Luiza Lobo, com supervis\u00e3o de Giovani Ciquelero<\/em>\r\n\r\n<hr \/>\r\n\r\n<span style=\"color: #808000\"><strong>Voc\u00ea j\u00e1 conhece o canal de transmiss\u00e3o da Unicentro no WhatsApp?<\/strong><\/span>\r\n\r\nL\u00e1, voc\u00ea encontra not\u00edcias fresquinhas e em primeira m\u00e3o, al\u00e9m de comunicados oficiais, eventos, conquistas da galera e muito mais!\u00a0<span style=\"color: #808000\"><strong><a style=\"color: #808000\" href=\"https:\/\/whatsapp.com\/channel\/0029VaBQlmUEVccJs6JPNB0N\">Clique aqui<\/a><\/strong>\u00a0<\/span>para participar e fique por dentro de tudo o que \u00e9 destaque na nossa universidade.","post_title":"Palestra na Unicentro debate prote\u00e7\u00e3o infantil no ambiente virtual e desafios do \u201cECA Digital\u201d","post_excerpt":"Iniciativa do Departamento de Pedagogia de Guarapuava orientou sobre os riscos da exposi\u00e7\u00e3o precoce na internet e o papel do gestor escolar na preserva\u00e7\u00e3o de direitos.","post_status":"publish","comment_status":"open","ping_status":"open","post_password":"","post_name":"palestra-na-unicentro-debate-protecao-infantil-no-ambiente-virtual-e-desafios-do-eca-digital","to_ping":"","pinged":"","post_modified":"2026-04-29 11:22:25","post_modified_gmt":"2026-04-29 14:22:25","post_content_filtered":"","post_parent":0,"guid":"https:\/\/www3.unicentro.br\/noticias\/?p=51373","menu_order":0,"post_type":"post","post_mime_type":"","comment_count":"0","filter":"raw","mobiconnector_feature_image":{"id":51385,"alt_text":"","caption":"","description":"","media_type":"image","post":51373,"source_url":"https:\/\/www3.unicentro.br\/noticias\/wp-content\/uploads\/sites\/3\/2026\/04\/IMG_8073.jpg","mobiconnector_small":"https:\/\/www3.unicentro.br\/noticias\/wp-content\/uploads\/sites\/3\/","mobiconnector_medium":"https:\/\/www3.unicentro.br\/noticias\/wp-content\/uploads\/sites\/3\/","mobiconnector_large":"https:\/\/www3.unicentro.br\/noticias\/wp-content\/uploads\/sites\/3\/","mobiconnector_x_large":"https:\/\/www3.unicentro.br\/noticias\/wp-content\/uploads\/sites\/3\/"}},{"ID":51337,"post_author":"9","post_date":"2026-04-28T11:16:04","post_date_gmt":"2026-04-28T14:16:04","post_content":"&nbsp;\r\n<h3 style=\"text-align: center\" data-start=\"1775\" data-end=\"1789\"><sup><em>Inscri\u00e7\u00f5es seguem at\u00e9 10 de maio e contemplam acad\u00eamica dos c\u00e2mpus Santa Cruz ou Cedeteg<\/em><\/sup><\/h3>\r\n<p style=\"text-align: justify\" data-start=\"237\" data-end=\"500\">A <span class=\"hover:entity-accent entity-underline inline cursor-pointer align-baseline\"><span class=\"whitespace-normal\">Universidade Estadual do Centro-Oeste<\/span><\/span> est\u00e1 com inscri\u00e7\u00f5es abertas para o preenchimento de uma vaga remanescente de moradia estudantil feminina referente ao primeiro semestre letivo de 2026, em Guarapuava. As interessadas podem se inscrever at\u00e9 o dia 10 de maio.<\/p>\r\n<p style=\"text-align: justify\" data-start=\"237\" data-end=\"500\"><span style=\"font-weight: 400\">A oportunidade integra o Programa de Moradia Estudantil (More), vinculado a Pr\u00f3-Reitoria de Apoio aos Estudantes (Proae), que tem como objetivo oferecer vagas, de car\u00e1ter pessoal e intransfer\u00edvel, na Casa Universit\u00e1ria para estudantes de gradua\u00e7\u00e3o presencial que n\u00e3o residam no munic\u00edpio de Guarapuava. <\/span><span style=\"font-weight: 400\">A vaga dispon\u00edvel \u00e9 destinada exclusivamente a estudante do sexo feminino, regularmente matriculada em curso presencial de gradua\u00e7\u00e3o da Unicentro, nos c\u00e2mpus Santa Cruz ou Cedeteg.<\/span><\/p>\r\n<p style=\"text-align: justify\" data-start=\"989\" data-end=\"1419\">Para participar da sele\u00e7\u00e3o, a candidata deve possuir renda familiar per capita de at\u00e9 um sal\u00e1rio m\u00ednimo nacional, n\u00e3o residir em Guarapuava nem ter n\u00facleo familiar no munic\u00edpio, estar cursando a primeira gradua\u00e7\u00e3o, ter no m\u00ednimo 18 anos completos ou ser emancipada e residir em munic\u00edpio que n\u00e3o ofere\u00e7a transporte p\u00fablico para os c\u00e2mpus da universidade, ou em zona rural ou distritos sem acesso ao servi\u00e7o.<\/p>\r\n<p style=\"text-align: justify\" data-start=\"1421\" data-end=\"1555\"><span style=\"font-weight: 400\">Mais informa\u00e7\u00f5es sobre o processo seletivo, documenta\u00e7\u00e3o necess\u00e1ria e crit\u00e9rios de avalia\u00e7\u00e3o podem ser consultadas no<\/span><a href=\"https:\/\/www3.unicentro.br\/proae\/wp-content\/uploads\/sites\/4\/2026\/04\/Edital_28.2026_moradia_guarapuava_29_assinado-1.pdf\" target=\"_blank\" rel=\"noopener\"><span style=\"font-weight: 400\"> <strong>edital<\/strong><\/span><\/a><strong>.<\/strong><\/p>\r\n\r\n\r\n<hr \/>\r\n\r\n<span style=\"color: #808000\"><strong>Voc\u00ea j\u00e1 conhece o canal de transmiss\u00e3o da Unicentro no WhatsApp?<\/strong><\/span>\r\n\r\nL\u00e1, voc\u00ea encontra not\u00edcias fresquinhas e em primeira m\u00e3o, al\u00e9m de comunicados oficiais, eventos, conquistas da galera e muito mais!\u00a0<span style=\"color: #808000\"><strong><a style=\"color: #808000\" href=\"https:\/\/whatsapp.com\/channel\/0029VaBQlmUEVccJs6JPNB0N\">Clique aqui<\/a><\/strong>\u00a0<\/span>para participar e fique por dentro de tudo o que \u00e9 destaque na nossa universidade.","post_title":"Pr\u00f3-Reitoria de Apoio aos Estudantes abre inscri\u00e7\u00e3o para vaga remanescente de moradia estudantil feminina em Guarapuava","post_excerpt":"Inscri\u00e7\u00f5es seguem at\u00e9 10 de maio e contemplam acad\u00eamica dos c\u00e2mpus Santa Cruz ou Cedeteg.","post_status":"publish","comment_status":"open","ping_status":"open","post_password":"","post_name":"pro-reitoria-de-apoio-aos-estudantes-abre-inscricao-para-vaga-remanescente-de-moradia-estudantil-feminina-em-guarapuava","to_ping":"","pinged":"","post_modified":"2026-04-28 11:16:04","post_modified_gmt":"2026-04-28 14:16:04","post_content_filtered":"","post_parent":0,"guid":"https:\/\/www3.unicentro.br\/noticias\/?p=51337","menu_order":0,"post_type":"post","post_mime_type":"","comment_count":"0","filter":"raw","mobiconnector_feature_image":{"id":51343,"alt_text":"","caption":"","description":"","media_type":"image","post":51337,"source_url":"https:\/\/www3.unicentro.br\/noticias\/wp-content\/uploads\/sites\/3\/2026\/04\/study-789631_1280.webp","mobiconnector_small":"https:\/\/www3.unicentro.br\/noticias\/wp-content\/uploads\/sites\/3\/","mobiconnector_medium":"https:\/\/www3.unicentro.br\/noticias\/wp-content\/uploads\/sites\/3\/","mobiconnector_large":"https:\/\/www3.unicentro.br\/noticias\/wp-content\/uploads\/sites\/3\/","mobiconnector_x_large":"https:\/\/www3.unicentro.br\/noticias\/wp-content\/uploads\/sites\/3\/"}},{"ID":51327,"post_author":"9","post_date":"2026-04-28T10:25:56","post_date_gmt":"2026-04-28T13:25:56","post_content":"&nbsp;\r\n<h3 style=\"text-align: center\" data-start=\"1775\" data-end=\"1789\"><sup><em>Realizado nos tr\u00eas c\u00e2mpus da universidade, evento aborda regulamentos e temas como comunica\u00e7\u00e3o e postura no ambiente de trabalho<\/em><\/sup><\/h3>\r\n<p style=\"text-align: justify\">A Universidade Estadual do Centro-Oeste (Unicentro) realiza nesta semana a recep\u00e7\u00e3o de aproximadamente 200 estagi\u00e1rios que atuar\u00e3o na institui\u00e7\u00e3o em 2026. A iniciativa da Pr\u00f3-Reitoria de Gest\u00e3o de Pessoas (Progesp) teve in\u00edcio na \u00faltima segunda-feira (27), no c\u00e2mpus Santa Cruz, e contou com palestras visando o crescimento e aperfei\u00e7oamento das rotinas de trabalho.<\/p>\r\n<p style=\"text-align: justify\">Durante o encontro, a professora do Departamento de Comunica\u00e7\u00e3o Social, Andressa Rickli, abordou a import\u00e2ncia de uma comunica\u00e7\u00e3o efetiva no ambiente de trabalho. J\u00e1 a t\u00e9cnica administrativa da Progesp, Helissa Gon\u00e7alves Rosa, apresentou as normas e os procedimentos relacionados ao est\u00e1gio na universidade.<\/p>\r\n<p style=\"text-align: justify\">Para a estagi\u00e1ria do Departamento de Pedagogia, Maria Paula de Oliveira, a recep\u00e7\u00e3o foi imprescind\u00edvel para estar mais confiante na realiza\u00e7\u00e3o das atividades. Acad\u00eamica do segundo ano de Pedagogia, ela destaca que a Unicentro tem muitas oportunidades e \u00e9 um \u00f3timo lugar para se come\u00e7ar a vida profissional. \u201c\u00c9 muito f\u00e1cil de voc\u00ea conseguir engatar uma carreira depois que voc\u00ea passa por aqui, acho que \u00e9 um bom crit\u00e9rio para ter no curr\u00edculo\u201d, afirma.<\/p>\r\n<p style=\"text-align: justify\">A diretora de Desenvolvimento de Pessoas, M\u00e1rcia Marconato, explica que todo ano cerca de 80% do quadro de estagi\u00e1rios se renova, ent\u00e3o \u00e9 preciso proporcionar uma orienta\u00e7\u00e3o para os estudantes no primeiro contato com o mercado de trabalho. \u201cN\u00f3s proporcionamos uma oficina para falar de postura profissional, regulamentos, normas, hierarquias, que n\u00f3s somos uma equipe, da import\u00e2ncia deles para a institui\u00e7\u00e3o, como ter um bom desempenho e que esse est\u00e1gio abre portas para outras oportunidades\u201d, explica.<\/p>\r\n<p style=\"text-align: justify\">Angelo Gabriel Machado, estagi\u00e1rio da Diretoria de Pessoal e aluno do 2\u00ba ano de Administra\u00e7\u00e3o, conta que \u00e9 essencial relembrar as quest\u00f5es t\u00e9cnicas e de comportamento no trabalho. De acordo com ele, o est\u00e1gio abre muitas portas e complementa muito para fornecer uma vis\u00e3o mais pr\u00e1tica da profiss\u00e3o. \u201cAbre muito meu leque de oportunidades de trabalho porque j\u00e1 apareceram v\u00e1rias designadas \u00e0 fun\u00e7\u00e3o que eu fa\u00e7o aqui. Ent\u00e3o, o meu est\u00e1gio na Unicentro hoje me ajuda muito para o meu trabalho fora daqui\u201d, acrescenta.<\/p>\r\nAs atividades de recep\u00e7\u00e3o e ambienta\u00e7\u00e3o dos estagi\u00e1rios continuam nesta ter\u00e7a-feira (28), no c\u00e2mpus Cedeteg, em Guarapuava, e ser\u00e3o encerradas na quarta-feira (30), no c\u00e2mpus de Irati.\r\n\r\n[gallery size=\"medium\" ids=\"51331,51330,51328,51377,51378,51379\"]\r\n\r\n&nbsp;\r\n\r\n<em>Por Milena Kammer, com supervis\u00e3o de Giovani Ciquelero<\/em>\r\n\r\n<hr \/>\r\n\r\n<span style=\"color: #808000\"><strong>Voc\u00ea j\u00e1 conhece o canal de transmiss\u00e3o da Unicentro no WhatsApp?<\/strong><\/span>\r\n\r\nL\u00e1, voc\u00ea encontra not\u00edcias fresquinhas e em primeira m\u00e3o, al\u00e9m de comunicados oficiais, eventos, conquistas da galera e muito mais!\u00a0<span style=\"color: #808000\"><strong><a style=\"color: #808000\" href=\"https:\/\/whatsapp.com\/channel\/0029VaBQlmUEVccJs6JPNB0N\">Clique aqui<\/a><\/strong>\u00a0<\/span>para participar e fique por dentro de tudo o que \u00e9 destaque na nossa universidade.","post_title":"Pr\u00f3-Reitoria de Gest\u00e3o de Pessoas promove recep\u00e7\u00e3o e ambienta\u00e7\u00e3o para estagi\u00e1rios de 2026","post_excerpt":"Realizado nos tr\u00eas c\u00e2mpus da universidade, evento aborda regulamentos e temas como comunica\u00e7\u00e3o e postura no ambiente de trabalho.","post_status":"publish","comment_status":"open","ping_status":"open","post_password":"","post_name":"pro-reitoria-de-gestao-de-pessoas-promove-recepcao-e-ambientacao-para-estagiarios-de-2026","to_ping":"","pinged":"","post_modified":"2026-04-29 10:31:37","post_modified_gmt":"2026-04-29 13:31:37","post_content_filtered":"","post_parent":0,"guid":"https:\/\/www3.unicentro.br\/noticias\/?p=51327","menu_order":0,"post_type":"post","post_mime_type":"","comment_count":"0","filter":"raw","mobiconnector_feature_image":{"id":51334,"alt_text":"","caption":"","description":"","media_type":"image","post":51327,"source_url":"https:\/\/www3.unicentro.br\/noticias\/wp-content\/uploads\/sites\/3\/2026\/04\/IMG_8049.jpg","mobiconnector_small":"https:\/\/www3.unicentro.br\/noticias\/wp-content\/uploads\/sites\/3\/","mobiconnector_medium":"https:\/\/www3.unicentro.br\/noticias\/wp-content\/uploads\/sites\/3\/","mobiconnector_large":"https:\/\/www3.unicentro.br\/noticias\/wp-content\/uploads\/sites\/3\/","mobiconnector_x_large":"https:\/\/www3.unicentro.br\/noticias\/wp-content\/uploads\/sites\/3\/"}},{"ID":51305,"post_author":"9","post_date":"2026-04-28T09:10:50","post_date_gmt":"2026-04-28T12:10:50","post_content":"&nbsp;\r\n<h3 style=\"text-align: center\" data-start=\"1775\" data-end=\"1789\"><sup><em>A\u00e7\u00e3o do curso de Enfermagem oferece exames, orienta\u00e7\u00f5es e vacina\u00e7\u00e3o gratuita<\/em><\/sup><\/h3>\r\n<p style=\"text-align: justify\">Motoristas de caminh\u00e3o que passam pela Cooperativa Agr\u00e1ria Agroindustrial est\u00e3o recebendo atendimento de sa\u00fade gratuito por meio de uma a\u00e7\u00e3o desenvolvida por acad\u00eamicos da Universidade Estadual do Centro-Oeste (Unicentro). As atividades come\u00e7aram na \u00faltima segunda-feira (27) e seguem nesta ter\u00e7a-feira-feira, no p\u00e1tio da unidade de Guarapuava. Na quarta-feira (29), a programa\u00e7\u00e3o continua em Entre Rios, na Col\u00f4nia Vit\u00f3ria.<\/p>\r\n<p style=\"text-align: justify\">A iniciativa faz parte da disciplina de Sa\u00fade Coletiva, do quarto ano do curso de Enfermagem, e integra a proposta de curriculariza\u00e7\u00e3o da extens\u00e3o, que aproxima os estudantes das demandas reais da popula\u00e7\u00e3o.<\/p>\r\n<p style=\"text-align: justify\">De acordo com a professora Tatiane Baratieri, respons\u00e1vel pela a\u00e7\u00e3o, o foco \u00e9 um p\u00fablico historicamente vulner\u00e1vel no acesso \u00e0 sa\u00fade. \u201cOs caminhoneiros aut\u00f4nomos s\u00e3o trabalhadores que, muitas vezes, n\u00e3o t\u00eam acompanhamento peri\u00f3dico, plano de sa\u00fade ou acesso facilitado a consultas e exames. A proposta foi justamente selecionar um grupo com maior necessidade de aten\u00e7\u00e3o e desenvolver uma abordagem completa, voltada \u00e0 sa\u00fade do trabalhador\u201d, explica.<\/p>\r\n<p style=\"text-align: justify\">A programa\u00e7\u00e3o inclui aferi\u00e7\u00e3o de press\u00e3o arterial, teste de glicemia capilar, aplica\u00e7\u00e3o de question\u00e1rios de rastreamento e orienta\u00e7\u00f5es personalizadas. Entre os temas abordados est\u00e3o risco cardiovascular, preven\u00e7\u00e3o do diabetes, uso correto de medicamentos, sa\u00fade mental, qualidade do sono e preven\u00e7\u00e3o de infec\u00e7\u00f5es sexualmente transmiss\u00edveis (ISTs). Tamb\u00e9m s\u00e3o distribu\u00eddos materiais educativos e kits de preven\u00e7\u00e3o, al\u00e9m da oferta da vacina contra a influenza.<\/p>\r\n<p style=\"text-align: justify\">Outro diferencial da a\u00e7\u00e3o \u00e9 a adapta\u00e7\u00e3o das orienta\u00e7\u00f5es \u00e0 rotina dos caminhoneiros. \u201cPensamos em estrat\u00e9gias que realmente fa\u00e7am sentido para quem vive na estrada, como sugest\u00f5es de alimenta\u00e7\u00e3o poss\u00edvel nos pontos de parada e atividades f\u00edsicas que podem ser feitas dentro ou fora do caminh\u00e3o\u201d, destaca a professora.<\/p>\r\n<p style=\"text-align: justify\">Para o supervisor de log\u00edstica da cooperativa, Bruno Nunes Smuczek, a iniciativa tem impacto direto n\u00e3o apenas na sa\u00fade dos trabalhadores, mas tamb\u00e9m na seguran\u00e7a nas rodovias. \u201c\u00c9 uma classe muito importante para o pa\u00eds e, ao mesmo tempo, pouco assistida. Eles passam muito tempo sozinhos, vivem sob tens\u00e3o, com alimenta\u00e7\u00e3o pouco adequada. Esse acompanhamento \u00e9 fundamental para que se sintam valorizados e, ao mesmo tempo, isso contribui para um tr\u00e2nsito mais seguro\u201d, avalia.<\/p>\r\n<p style=\"text-align: justify\">Para os acad\u00eamicos, a experi\u00eancia tamb\u00e9m \u00e9 um momento essencial de forma\u00e7\u00e3o, conforme apontou a estudante Kamili Rafaeli Gomes. \u201cPara n\u00f3s, \u00e9 a oportunidade de colocar em pr\u00e1tica todo o conhecimento que constru\u00edmos ao longo do curso, percebendo, na realidade, o impacto disso na vida das pessoas\u201d, afirma.<\/p>\r\n<p style=\"text-align: justify\">Ela refor\u00e7a que esse contato direto com a comunidade contribui para a forma\u00e7\u00e3o de profissionais mais preparados e sens\u00edveis \u00e0s diferentes realidades. \u201cA gente atua tanto na preven\u00e7\u00e3o quanto na promo\u00e7\u00e3o da sa\u00fade, identificando fatores de risco e orientando sobre h\u00e1bitos mais saud\u00e1veis. \u00c9 uma popula\u00e7\u00e3o que muitas vezes n\u00e3o consegue acessar os servi\u00e7os de sa\u00fade, e estar aqui faz a gente perceber o quanto esse cuidado \u00e9 necess\u00e1rio\u201d, completa.<\/p>\r\n[gallery columns=\"2\" size=\"medium\" ids=\"51307,51306,51308,51310\"]\r\n\r\n&nbsp;\r\n\r\n<em>Por Poliana Kovalyk<\/em>\r\n\r\n<hr \/>\r\n\r\n<span style=\"color: #808000\"><strong>Voc\u00ea j\u00e1 conhece o canal de transmiss\u00e3o da Unicentro no WhatsApp?<\/strong><\/span>\r\n\r\nL\u00e1, voc\u00ea encontra not\u00edcias fresquinhas e em primeira m\u00e3o, al\u00e9m de comunicados oficiais, eventos, conquistas da galera e muito mais!\u00a0<span style=\"color: #808000\"><strong><a style=\"color: #808000\" href=\"https:\/\/whatsapp.com\/channel\/0029VaBQlmUEVccJs6JPNB0N\">Clique aqui<\/a><\/strong>\u00a0<\/span>para participar e fique por dentro de tudo o que \u00e9 destaque na nossa universidade.","post_title":"Unicentro leva atendimento de sa\u00fade a motoristas de caminh\u00e3o na Cooperativa Agr\u00e1ria","post_excerpt":"A\u00e7\u00e3o do curso de Enfermagem oferece exames, orienta\u00e7\u00f5es e vacina\u00e7\u00e3o gratuita.","post_status":"publish","comment_status":"open","ping_status":"open","post_password":"","post_name":"unicentro-leva-atendimento-de-saude-a-motoristas-de-caminhao-na-cooperativa-agraria","to_ping":"","pinged":"","post_modified":"2026-04-28 09:10:50","post_modified_gmt":"2026-04-28 12:10:50","post_content_filtered":"","post_parent":0,"guid":"https:\/\/www3.unicentro.br\/noticias\/?p=51305","menu_order":0,"post_type":"post","post_mime_type":"","comment_count":"0","filter":"raw","mobiconnector_feature_image":{"id":51325,"alt_text":"","caption":"","description":"","media_type":"image","post":51305,"source_url":"https:\/\/www3.unicentro.br\/noticias\/wp-content\/uploads\/sites\/3\/2026\/04\/IMG_5614.jpg","mobiconnector_small":"https:\/\/www3.unicentro.br\/noticias\/wp-content\/uploads\/sites\/3\/","mobiconnector_medium":"https:\/\/www3.unicentro.br\/noticias\/wp-content\/uploads\/sites\/3\/","mobiconnector_large":"https:\/\/www3.unicentro.br\/noticias\/wp-content\/uploads\/sites\/3\/","mobiconnector_x_large":"https:\/\/www3.unicentro.br\/noticias\/wp-content\/uploads\/sites\/3\/"}},{"ID":51313,"post_author":"255","post_date":"2026-04-27T15:21:21","post_date_gmt":"2026-04-27T18:21:21","post_content":"<p style=\"text-align: justify\">A Universidade Estadual do Centro-Oeste (Unicentro), por meio da Coordenadoria de Rela\u00e7\u00f5es Internacionais (Coori), promoveu nesta segunda-feira (27), a recep\u00e7\u00e3o oficial dos alunos do Programa de Estudantes-Conv\u00eanio de Gradua\u00e7\u00e3o (PEC-G) e Portugu\u00eas como L\u00edngua Estrangeira (PEC-PLE).<\/p>\r\n<p style=\"text-align: justify\">Neste ano, a universidade est\u00e1 recebendo alunos origin\u00e1rios de Angola, Guin\u00e9-Bissau, Rep\u00fablica do\u00a0Congo, Senegal e Panam\u00e1. \u201c\u00c9 um momento para que a comunidade acad\u00eamica conhe\u00e7a o trabalho que \u00e9 feito na institui\u00e7\u00e3o por meio desses programas de mobilidade internacional\u201d, compartilha a coordenadora de Rela\u00e7\u00f5es Internacionais, Cibele Krause Lemke. \u201cA Unicentro tem trabalhado junto ao Minist\u00e9rio de Rela\u00e7\u00f5es Exteriores para proporcionar essa possibilidade, que diferentes estudantes, sobretudo da \u00c1frica, tenham acesso tanto ao ensino superior na nossa institui\u00e7\u00e3o, como tamb\u00e9m aos cursos de l\u00edngua portuguesa na universidade\u201d, acrescenta a professora.<\/p>\r\n<p style=\"text-align: justify\">\u00c1lvaro Alonso de Le\u00f3n Quintero, um dos quatro estudantes que est\u00e3o na Unicentro por meio do PLE, veio do Panam\u00e1 e vai ficar em Guarapuava at\u00e9 novembro deste ano. O estudante avalia como positiva a participa\u00e7\u00e3o no programa. \u201cEu acho que ajuda muito para compreender a l\u00edngua, ajuda a praticar muito. Minha expectativa \u00e9 falar como um nativo\u201d, projeta.<\/p>\r\n<p style=\"text-align: justify\">Pelo PEC-G, o estudante Auric\u00e9lio Vidi da Cunha Insali, que veio da Guin\u00e9-Bissau, est\u00e1 matriculado no curso de Ci\u00eancia da Computa\u00e7\u00e3o. \u201cEstou aqui h\u00e1 dois meses, conhecendo as pessoas e fazendo muitas amizades\u201d, conta. \u201cEstou gostando muito de estar aqui, aprendendo bastante e me adaptando principalmente porque o portugu\u00eas que eu falava l\u00e1 na Guin\u00e9 \u00e9 bem diferente do que eu estou ouvindo aqui\u201d, compartilha.<\/p>\r\n[gallery link=\"file\" size=\"large\" ids=\"51318,51317,51316\"]\r\n<p style=\"text-align: justify\">Durante a recep\u00e7\u00e3o, a Coori ainda destacou o apoio de diversos setores da institui\u00e7\u00e3o, como a Reitoria, a Pr\u00f3-Reitoria de Extens\u00e3o e Cultura (Proec) e a Coordenadoria de Apoio ao Estudante (Coorae). As possibilidades de participa\u00e7\u00e3o em atividades ofertas pela universidade \u2013 como esporte, m\u00fasica e cursos de idiomas \u2013 tamb\u00e9m foram apresentadas aos estudantes. \u201cNesse momento, esses estudantes t\u00eam um reconhecimento da universidade que os acolhe. Eles precisam conhecer a estrutura da nossa universidade, todos os departamentos e pr\u00f3-reitorias que atuam nesse acolhimento\u201d, destaca a professora Cibele.<\/p>\r\n<p style=\"text-align: justify\">Para o reitor F\u00e1bio Hernandes, o crescente n\u00famero de estudantes estrangeiros demonstra o fortalecimento do processo de internacionaliza\u00e7\u00e3o da universidade. \u201cA vinda deles tem feito com que a Unicentro seja ainda mais reconhecida internacionalmente, porque a partir da vinda deles n\u00f3s estamos conseguindo tamb\u00e9m algumas parcerias com os pa\u00edses de origem\u201d, pontua. \u201cTamb\u00e9m demonstra que somos uma universidade voltada a todos, uma universidade plural e inclusiva. Isso faz com que sejamos ainda mais reconhecidos internacionalmente. \u00c9 esse o nosso foco, ser essa universidade transformadora\u201d, afirma.<\/p>\r\n<p style=\"text-align: justify\">Sobre os Programas \u2013 O Programa de Estudantes-Conv\u00eanio de Gradua\u00e7\u00e3o (PEC-G), \u00e9 uma iniciativa do Minist\u00e9rio das Rela\u00e7\u00f5es Exteriores em parceria com institui\u00e7\u00f5es de Ensino Superior brasileiras. Nessa modalidade, os estudantes internacionais v\u00eam ao Brasil com o curso de gradua\u00e7\u00e3o j\u00e1 definido. J\u00e1 o Programa de Portugu\u00eas como L\u00edngua Estrangeira (PEC-PLE), \u00e9 um curso de prepara\u00e7\u00e3o para o exame do Certificado de Profici\u00eancia em L\u00edngua Portuguesa para Estrangeiros (Celpe-Bras).<\/p>\r\n[gallery columns=\"2\" link=\"file\" size=\"large\" ids=\"51314,51319\"]\r\n<p style=\"text-align: justify\"><span style=\"font-size: 8pt\"><em>Por Ma\u00edra Machado<\/em><\/span><\/p>\r\n\r\n\r\n<hr \/>\r\n<p style=\"text-align: justify\"><span style=\"color: #808000\"><strong>Voc\u00ea j\u00e1 conhece o canal de transmiss\u00e3o da Unicentro no WhatsApp?<\/strong><\/span><\/p>\r\n<p style=\"text-align: justify\">L\u00e1, voc\u00ea encontra not\u00edcias fresquinhas e em primeira m\u00e3o, al\u00e9m de comunicados oficiais, eventos, conquistas da galera e muito mais!\u00a0<span style=\"color: #808000\"><strong><a style=\"color: #808000\" href=\"https:\/\/whatsapp.com\/channel\/0029VaBQlmUEVccJs6JPNB0N\">Clique aqui<\/a><\/strong>\u00a0<\/span>para participar e fique por dentro de tudo o que \u00e9 destaque na nossa universidade.<\/p>","post_title":"Unicentro d\u00e1 boas-vindas a estudantes internacionais de cinco pa\u00edses","post_excerpt":"Recep\u00e7\u00e3o oficial organizada pela Coori marcou a integra\u00e7\u00e3o dos estudantes estrangeiros \u00e0 comunidade acad\u00eamica ","post_status":"publish","comment_status":"open","ping_status":"open","post_password":"","post_name":"unicentro-da-boas-vindas-a-estudantes-internacionais-de-cinco-paises","to_ping":"","pinged":"","post_modified":"2026-04-27 15:26:48","post_modified_gmt":"2026-04-27 18:26:48","post_content_filtered":"","post_parent":0,"guid":"https:\/\/www3.unicentro.br\/noticias\/?p=51313","menu_order":0,"post_type":"post","post_mime_type":"","comment_count":"0","filter":"raw","mobiconnector_feature_image":{"id":51322,"alt_text":"","caption":"","description":"","media_type":"image","post":51313,"source_url":"https:\/\/www3.unicentro.br\/noticias\/wp-content\/uploads\/sites\/3\/2026\/04\/DSC_2765.jpg","mobiconnector_small":"https:\/\/www3.unicentro.br\/noticias\/wp-content\/uploads\/sites\/3\/","mobiconnector_medium":"https:\/\/www3.unicentro.br\/noticias\/wp-content\/uploads\/sites\/3\/","mobiconnector_large":"https:\/\/www3.unicentro.br\/noticias\/wp-content\/uploads\/sites\/3\/","mobiconnector_x_large":"https:\/\/www3.unicentro.br\/noticias\/wp-content\/uploads\/sites\/3\/"}},{"ID":51282,"post_author":"9","post_date":"2026-04-27T12:22:46","post_date_gmt":"2026-04-27T15:22:46","post_content":"&nbsp;\r\n<h3 style=\"text-align: center\" data-start=\"1775\" data-end=\"1789\"><sup><em>Projeto voltado a estudantes da rede p\u00fablica oferece aulas gratuitas e atividades preparat\u00f3rias para vestibulares e o Enem<\/em><\/sup><\/h3>\r\n<p style=\"text-align: justify\" data-start=\"209\" data-end=\"615\">A Universidade Estadual do Centro-Oeste (Unicentro) est\u00e1 com inscri\u00e7\u00f5es abertas para a edi\u00e7\u00e3o de 2026 do curso pr\u00e9-vestibular. Ao todo, s\u00e3o ofertadas 50 vagas destinadas a estudantes que cursaram todo o ensino m\u00e9dio na rede p\u00fablica, que estejam na terceira s\u00e9rie ou na quarta s\u00e9rie do ensino m\u00e9dio t\u00e9cnico. As inscri\u00e7\u00f5es podem ser feitas at\u00e9 o dia 13 de maio, pelo <strong><a href=\"https:\/\/evento.unicentro.br\/site\/prevestibular\/2026\/1\" target=\"_blank\" rel=\"noopener\">Sistema de Gest\u00e3o de Eventos<\/a><\/strong> da universidade.<\/p>\r\n<p style=\"text-align: justify\" data-start=\"1093\" data-end=\"1306\">O curso ter\u00e1 um processo de sele\u00e7\u00e3o para classificar os candidatos a partir de uma entrevista socioecon\u00f4mica de forma presencial. A lista de convocados para essa fase ser\u00e1 divulgada no dia 14 de maio, no <strong><a href=\"https:\/\/www3.unicentro.br\/proec\/\" target=\"_blank\" rel=\"noopener\">site da Pr\u00f3-Reitoria de Extens\u00e3o e Cultura (Proec)<\/a><\/strong>. As entrevistas est\u00e3o marcadas para o dia 18 de maio, das 19h \u00e0s 21h. No ato da entrevista \u00e9 preciso apresentar documentos que comprovem a renda e as despesas do grupo familiar (contas de luz, \u00e1gua e aluguel).<\/p>\r\n<p style=\"text-align: justify\" data-start=\"1308\" data-end=\"1692\">O resultado ser\u00e1 publicado no dia 25 de maio, com a classifica\u00e7\u00e3o dos candidatos convocados e uma lista de espera. A matr\u00edcula deve ser realizada no dia 28 de maio com a apresenta\u00e7\u00e3o do hist\u00f3rico escolar para alunos concluintes do Ensino M\u00e9dio ou a declara\u00e7\u00e3o de matr\u00edcula para alunos do Ensino M\u00e9dio. \u00c9 necess\u00e1rio a presen\u00e7a de um respons\u00e1vel no ato da matr\u00edcula para menores de 18 anos.<\/p>\r\n<p style=\"text-align: justify\" data-start=\"1308\" data-end=\"1692\">O projeto \u00e9 promovido h\u00e1 17 anos pela Diretoria de Extens\u00e3o, vinculada \u00e0 Proec. As atividades s\u00e3o realizadas por uma equipe de docentes, estudantes, bolsistas e volunt\u00e1rios com o objetivo de inserir jovens em situa\u00e7\u00e3o de vulnerabilidade social de Guarapuava e regi\u00e3o no contexto universit\u00e1rio. Al\u00e9m das aulas, o projeto oferece oficinas, semin\u00e1rios, debates e atividades culturais que contribuem para a prepara\u00e7\u00e3o dos participantes para vestibulares e para o Exame Nacional do Ensino M\u00e9dio (Enem).<\/p>\r\n<p style=\"text-align: justify\" data-start=\"1308\" data-end=\"1692\">De acordo com a diretora de Extens\u00e3o da Unicentro, Vania Gryczak, a troca de conhecimentos e a reflex\u00e3o de temas acad\u00eamicos e culturais possibilita a amplia\u00e7\u00e3o dos conhecimentos complementares \u00e0 escola, enquanto a comunidade acad\u00eamica aplica os saberes adquiridos na forma\u00e7\u00e3o universit\u00e1ria.\u00a0 \u201cIntegrar jovens com estudantes de gradua\u00e7\u00e3o e p\u00f3s-gradua\u00e7\u00e3o, com professores egressos e titulares da Unicentro, contribui para a forma\u00e7\u00e3o acad\u00eamica, cient\u00edfica e cultural dos envolvidos\u201d, afirma.<\/p>\r\n<p style=\"text-align: justify\" data-start=\"1308\" data-end=\"1692\">Segundo ela, \u00e9 uma oportunidade de reconhecimento da identidade individual e coletiva, da expressividade, dos valores da cidadania e da inclus\u00e3o social. \u201c\u00c9 uma perspectiva de ingresso no ensino superior com a constru\u00e7\u00e3o de conhecimentos para a profissionaliza\u00e7\u00e3o e transforma\u00e7\u00e3o da sociedade em que est\u00e3o inseridos\u201d, completa.<\/p>\r\n<p style=\"text-align: justify\" data-start=\"2788\" data-end=\"2908\" data-is-last-node=\"\" data-is-only-node=\"\">O per\u00edodo das aulas ser\u00e1 entre os dias 1\u00ba de junho e 9 de outubro, no C\u00e2mpus Santa Cruz, em Guarapuava, no per\u00edodo noturno, das 19h \u00e0s 22h15. Mais informa\u00e7\u00f5es podem ser obtidas no <strong><a href=\"https:\/\/www3.unicentro.br\/proec\/wp-content\/uploads\/sites\/73\/2026\/04\/Edital_001_2026_Abertura_de_Inscri_o_Curso_Pr_Vestibular_Unicentro_69dc40e3c55c7.pdf\" target=\"_blank\" rel=\"noopener\">edital<\/a><\/strong> dispon\u00edvel no site da Proec ou pelo e-mail <a class=\"decorated-link cursor-pointer\" rel=\"noopener\" data-start=\"2876\" data-end=\"2907\">cursoprevestunicentro@gmail.com<\/a>.<\/p>\r\n&nbsp;\r\n<h3 style=\"text-align: center\" data-start=\"1775\" data-end=\"1789\"><\/h3>\r\n<div class=\"wp-block-image\"><img class=\"wpa-warning wpa-image-missing-alt aligncenter wp-image-51284\" src=\"https:\/\/www3.unicentro.br\/noticias\/wp-content\/uploads\/sites\/3\/2026\/04\/DSC_9692.jpg\" alt=\"\" width=\"650\" height=\"433\" data-warning=\"Texto alternativo ausente\" \/><\/div>\r\n<p data-start=\"2788\" data-end=\"2908\" data-is-last-node=\"\" data-is-only-node=\"\"><\/p>\r\n&nbsp;\r\n<h3 style=\"text-align: center\" data-start=\"1775\" data-end=\"1789\"><\/h3>\r\n<p data-start=\"2788\" data-end=\"2908\" data-is-last-node=\"\" data-is-only-node=\"\"><em>Por Milena Kammer, com supervis\u00e3o de Giovani Ciquelero<\/em><\/p>\r\n\r\n\r\n<hr \/>\r\n\r\n<span style=\"color: #808000\"><strong>Voc\u00ea j\u00e1 conhece o canal de transmiss\u00e3o da Unicentro no WhatsApp?<\/strong><\/span>\r\n\r\nL\u00e1, voc\u00ea encontra not\u00edcias fresquinhas e em primeira m\u00e3o, al\u00e9m de comunicados oficiais, eventos, conquistas da galera e muito mais!\u00a0<span style=\"color: #808000\"><strong><a style=\"color: #808000\" href=\"https:\/\/whatsapp.com\/channel\/0029VaBQlmUEVccJs6JPNB0N\">Clique aqui<\/a><\/strong>\u00a0<\/span>para participar e fique por dentro de tudo o que \u00e9 destaque na nossa universidade.","post_title":"Curso pr\u00e9-vestibular da Unicentro est\u00e1 com inscri\u00e7\u00f5es abertas","post_excerpt":"Projeto voltado a estudantes da rede p\u00fablica oferece aulas e atividades preparat\u00f3rias para vestibulares e o Enem","post_status":"publish","comment_status":"open","ping_status":"open","post_password":"","post_name":"curso-pre-vestibular-da-unicentro-esta-com-inscricoes-abertas-2","to_ping":"","pinged":"","post_modified":"2026-04-27 12:22:46","post_modified_gmt":"2026-04-27 15:22:46","post_content_filtered":"","post_parent":0,"guid":"https:\/\/www3.unicentro.br\/noticias\/?p=51282","menu_order":0,"post_type":"post","post_mime_type":"","comment_count":"0","filter":"raw","mobiconnector_feature_image":{"id":51296,"alt_text":"","caption":"","description":"","media_type":"image","post":51282,"source_url":"https:\/\/www3.unicentro.br\/noticias\/wp-content\/uploads\/sites\/3\/2026\/04\/vestibular.jpg","mobiconnector_small":"https:\/\/www3.unicentro.br\/noticias\/wp-content\/uploads\/sites\/3\/","mobiconnector_medium":"https:\/\/www3.unicentro.br\/noticias\/wp-content\/uploads\/sites\/3\/","mobiconnector_large":"https:\/\/www3.unicentro.br\/noticias\/wp-content\/uploads\/sites\/3\/","mobiconnector_x_large":"https:\/\/www3.unicentro.br\/noticias\/wp-content\/uploads\/sites\/3\/"}}],"mobiconnector_full_category":[{"term_id":764,"name":"@ Contato","slug":"contato","term_group":0,"term_taxonomy_id":764,"taxonomy":"category","description":"","parent":0,"count":1,"filter":"raw"},{"term_id":756,"name":"Acontece","slug":"acontece","term_group":0,"term_taxonomy_id":756,"taxonomy":"category","description":"","parent":0,"count":392,"filter":"raw"},{"term_id":787,"name":"Aviso de pauta","slug":"aviso-de-pauta","term_group":0,"term_taxonomy_id":787,"taxonomy":"category","description":"","parent":0,"count":47,"filter":"raw"},{"term_id":28,"name":"Boletins Unicentro FM","slug":"boletins-unicentro-fm","term_group":0,"term_taxonomy_id":28,"taxonomy":"category","description":"","parent":0,"count":19,"filter":"raw"},{"term_id":754,"name":"Concursos","slug":"concursos","term_group":0,"term_taxonomy_id":754,"taxonomy":"category","description":"","parent":0,"count":13,"filter":"raw"},{"term_id":753,"name":"Cultura","slug":"cultura","term_group":0,"term_taxonomy_id":753,"taxonomy":"category","description":"","parent":0,"count":281,"filter":"raw"},{"term_id":898,"name":"Destaques","slug":"destaques","term_group":0,"term_taxonomy_id":898,"taxonomy":"category","description":"","parent":0,"count":14,"filter":"raw"},{"term_id":759,"name":"Estude na Unicentro","slug":"estude-na-unicentro","term_group":0,"term_taxonomy_id":759,"taxonomy":"category","description":"","parent":0,"count":496,"filter":"raw"},{"term_id":760,"name":"Eventos","slug":"eventos","term_group":0,"term_taxonomy_id":760,"taxonomy":"category","description":"","parent":0,"count":932,"filter":"raw"},{"term_id":888,"name":"Extens\u00e3o","slug":"extensao","term_group":0,"term_taxonomy_id":888,"taxonomy":"category","description":"","parent":0,"count":36,"filter":"raw"}],"mobiconnector_next_id":null,"mobiconnector_previous_id":51393,"mobiconnector_categories":[{"cat_ID":2,"cat_name":"Not\u00edcias","cat_slug":"noticias","cat_count":6358,"cat_description":"","cat_parent":0}],"_links":{"self":[{"href":"https:\/\/www3.unicentro.br\/noticias\/wp-json\/wp\/v2\/posts\/49848","targetHints":{"allow":["GET"]}}],"collection":[{"href":"https:\/\/www3.unicentro.br\/noticias\/wp-json\/wp\/v2\/posts"}],"about":[{"href":"https:\/\/www3.unicentro.br\/noticias\/wp-json\/wp\/v2\/types\/post"}],"author":[{"embeddable":true,"href":"https:\/\/www3.unicentro.br\/noticias\/wp-json\/wp\/v2\/users\/9"}],"replies":[{"embeddable":true,"href":"https:\/\/www3.unicentro.br\/noticias\/wp-json\/wp\/v2\/comments?post=49848"}],"version-history":[{"count":3,"href":"https:\/\/www3.unicentro.br\/noticias\/wp-json\/wp\/v2\/posts\/49848\/revisions"}],"predecessor-version":[{"id":49857,"href":"https:\/\/www3.unicentro.br\/noticias\/wp-json\/wp\/v2\/posts\/49848\/revisions\/49857"}],"wp:featuredmedia":[{"embeddable":true,"href":"https:\/\/www3.unicentro.br\/noticias\/wp-json\/wp\/v2\/media\/49858"}],"wp:attachment":[{"href":"https:\/\/www3.unicentro.br\/noticias\/wp-json\/wp\/v2\/media?parent=49848"}],"wp:term":[{"taxonomy":"category","embeddable":true,"href":"https:\/\/www3.unicentro.br\/noticias\/wp-json\/wp\/v2\/categories?post=49848"},{"taxonomy":"post_tag","embeddable":true,"href":"https:\/\/www3.unicentro.br\/noticias\/wp-json\/wp\/v2\/tags?post=49848"}],"curies":[{"name":"wp","href":"https:\/\/api.w.org\/{rel}","templated":true}]}}