{"id":36289,"date":"2024-07-26T17:24:22","date_gmt":"2024-07-26T20:24:22","guid":{"rendered":"https:\/\/www3.unicentro.br\/noticias\/?p=36289"},"modified":"2024-07-26T19:46:08","modified_gmt":"2024-07-26T22:46:08","slug":"combate-ao-feminicidio-unidade-escola-de-enfermagem-e-referencia-no-atendimento-as-mulheres-vitimas-de-violencia","status":"publish","type":"post","link":"https:\/\/www3.unicentro.br\/noticias\/2024\/07\/26\/combate-ao-feminicidio-unidade-escola-de-enfermagem-e-referencia-no-atendimento-as-mulheres-vitimas-de-violencia\/","title":{"rendered":"Combate ao Feminic\u00eddio: Unidade Escola de Enfermagem \u00e9 refer\u00eancia no atendimento \u00e0s mulheres v\u00edtimas de viol\u00eancia"},"content":{"rendered":"<p>&nbsp;<\/p>\n<p style=\"text-align: justify\"><span style=\"font-weight: 400\">A parceria entre o Centro de Refer\u00eancia de Atendimento a Mulher em Situa\u00e7\u00e3o de Viol\u00eancia (Cram) de Guarapuava e a Unidade Escola de Enfermagem da Unicentro destaca-se como um modelo de atendimento integral \u00e0s mulheres v\u00edtimas de viol\u00eancia no munic\u00edpio. A colabora\u00e7\u00e3o, que remonta \u00e0 cria\u00e7\u00e3o da Secretaria de Pol\u00edticas para Mulheres de Guarapuava e a Unidade Escola, tem sido fundamental para oferecer suporte abrangente e especializado \u00e0s mulheres em situa\u00e7\u00e3o de vulnerabilidade.<\/span><\/p>\n<p style=\"text-align: justify\"><b>Uma parceria de longa data<\/b><\/p>\n<p style=\"text-align: justify\"><span style=\"font-weight: 400\">Desde o in\u00edcio da secretaria, professoras do curso de Enfermagem da Unicentro, com pesquisas focadas na viol\u00eancia contra a mulher, t\u00eam colaborado estreitamente nesse atendimento. Esse envolvimento inclui a participa\u00e7\u00e3o na rede de enfrentamento \u00e0 viol\u00eancia e o desenvolvimento de est\u00e1gios na unidade do Cram. \u201cDesde a cria\u00e7\u00e3o da secretaria, as professoras do curso que j\u00e1 desenvolviam pesquisas na \u00e1rea da viol\u00eancia contra mulher passaram a acompanhar os trabalhos da secretaria e tamb\u00e9m participar da rede de enfrentamento \u00e0 viol\u00eancia contra as mulheres. Elas sempre desenvolveram um trabalho de atendimento com as mulheres, desenvolviam est\u00e1gios aqui tamb\u00e9m, realizando um olhar mesmo na \u00e1rea da sa\u00fade, elas t\u00eam todo um olhar espec\u00edfico, voltado para mulheres em situa\u00e7\u00e3o de viol\u00eancia e conseguem fazer uma escuta bem completa com essas mulheres\u201d, relata Thalyta Forquim Buco, assistente social e coordenadora do Cram.<\/span><\/p>\n<p style=\"text-align: justify\"><span style=\"font-weight: 400\">A cria\u00e7\u00e3o da Unidade Escola de Enfermagem, em 2021, fortaleceu ainda mais essa parceria, permitindo que as mulheres atendidas no Cram tenham acesso a um cuidado especializado e diferenciado na \u00e1rea da sa\u00fade. \u201cN\u00f3s encaminhamos as mulheres interessadas em atendimento na \u00e1rea de sa\u00fade para a Unidade Escola, garantindo um olhar integral e articulado sobre suas necessidades,\u201d acrescenta Thalyta.<\/span><\/p>\n<p style=\"text-align: justify\"><b>Atendimento integral e articulado<\/b><\/p>\n<p style=\"text-align: justify\"><span style=\"font-weight: 400\">O objetivo central dessa colabora\u00e7\u00e3o \u00e9 proporcionar um atendimento integral \u00e0s mulheres, englobando as diversas demandas que surgem em casos de viol\u00eancia, que podem variar desde quest\u00f5es de sa\u00fade at\u00e9 necessidades sociais, jur\u00eddicas e educacionais. \u201cA viol\u00eancia contra as mulheres \u00e9 um problema complexo que demanda uma atua\u00e7\u00e3o conjunta de v\u00e1rios setores,\u201d explica Thalyta. \u201c\u00c9 fundamental esse trabalho muito pr\u00f3ximo e articulado entre n\u00f3s e o Departamento de Enfermagem\u201d.<\/span><\/p>\n<p style=\"text-align: justify\"><span style=\"font-weight: 400\">No Cram, o atendimento \u00e9 multidisciplinar, oferecendo suporte social, jur\u00eddico e psicol\u00f3gico. As demandas de sa\u00fade s\u00e3o encaminhadas para a Unidade Escola de Enfermagem, onde s\u00e3o tratadas por profissionais especializados. \u201c\u00c9 um atendimento bem completo na \u00e1rea da sa\u00fade, onde se identificam as diversas demandas e \u00e9 um servi\u00e7o que \u00e9 articulado com a Sa\u00fade do munic\u00edpio\u201d, destaca a coordenadora.<\/span><\/p>\n<p style=\"text-align: justify\"><span style=\"font-weight: 400\">Cada caso \u00e9 tratado de maneira individualizada, com monitoramento cont\u00ednuo conforme necess\u00e1rio. \u201cAlguns casos exigem um monitoramento maior, conforme avalia\u00e7\u00e3o de risco, conforme a situa\u00e7\u00e3o de viol\u00eancia e a gente procura fazer um monitoramento dos casos\u201d, explica Thalyta. O Cram se compromete a oferecer suporte at\u00e9 que as mulheres estejam fortalecidas e prontas para seguir adiante.<\/span><\/p>\n<p style=\"text-align: justify\"><b>Acesso ao Servi\u00e7o<\/b><\/p>\n<p style=\"text-align: justify\"><span style=\"font-weight: 400\">O Cram est\u00e1 localizado na Avenida Moacyr J\u00falio Silvestri, 1545, bairro Batel, e atende de segunda a sexta, das 8h \u00e0s 17h. As mulheres podem entrar em contato via telefone ou WhatsApp para agendar atendimentos ou tirar d\u00favidas, pelo (42) 3142-1150 e (42) 98405-6206 (WhatsApp). Em situa\u00e7\u00f5es de viol\u00eancia iminente, \u00e9 crucial acionar o 190 da Pol\u00edcia Militar. \u201cN\u00f3s estamos de portas abertas, essas mulheres podem entrar em contato conosco para tirar d\u00favidas, agendar um atendimento e para pedir esse apoio\u201d, conta Thalyta.<\/span><\/p>\n<p style=\"text-align: justify\"><span style=\"font-weight: 400\">J\u00e1 a Unidade Escola de Enfermagem da Unicentro est\u00e1 localizada no C\u00e2mpus Cedeteg, em Guarapuava, e atende de segunda a sexta-feira, das 9h \u00e0s 12h30 e de 13h30 \u00e0s 17h30.<\/span><\/p>\n<p><em>Por Giovani Ciquelero<\/em><\/p>\n<hr \/>\n<p><span style=\"color: #808000\"><strong>Voc\u00ea j\u00e1 conhece o canal de transmiss\u00e3o da Unicentro no WhatsApp?<\/strong><\/span><\/p>\n<p>L\u00e1, voc\u00ea encontra not\u00edcias fresquinhas e em primeira m\u00e3o, al\u00e9m de comunicados oficiais, eventos, conquistas da galera e muito mais!\u00a0<span style=\"color: #808000\"><strong><a style=\"color: #808000\" href=\"https:\/\/whatsapp.com\/channel\/0029VaBQlmUEVccJs6JPNB0N\">Clique aqui<\/a><\/strong>\u00a0<\/span>para participar e fique por dentro de tudo o que \u00e9 destaque na nossa universidade.<\/p>\n","protected":false},"excerpt":{"rendered":"<p>Parceria entre Centro de Refer\u00eancia de Atendimento \u00e0 Mulher e unidade da Unicentro \u00e9 modelo de atendimento integral <a class=\"continue\" href=\"https:\/\/www3.unicentro.br\/noticias\/2024\/07\/26\/combate-ao-feminicidio-unidade-escola-de-enfermagem-e-referencia-no-atendimento-as-mulheres-vitimas-de-violencia\/\"><span> Combate ao Feminic\u00eddio: Unidade Escola de Enfermagem \u00e9 refer\u00eancia no atendimento \u00e0s mulheres v\u00edtimas de viol\u00eancia<\/span><\/a><\/p>\n","protected":false},"author":9,"featured_media":36297,"comment_status":"open","ping_status":"open","sticky":false,"template":"","format":"standard","meta":{"_exactmetrics_skip_tracking":false,"_exactmetrics_sitenote_active":false,"_exactmetrics_sitenote_note":"","_exactmetrics_sitenote_category":0,"fifu_image_url":"https:\/\/www3.unicentro.br\/noticias\/wp-content\/uploads\/sites\/3\/2024\/07\/WhatsApp-Image-2024-07-26-at-17.18.26.jpeg","fifu_image_alt":"","footnotes":"","_links_to":"","_links_to_target":""},"categories":[2],"tags":[],"class_list":["post-36289","post","type-post","status-publish","format-standard","has-post-thumbnail","hentry","category-noticias"],"mobiconnector_feature_image":{"id":36297,"alt_text":"","caption":"","description":"","media_type":"image","post":36289,"source_url":"https:\/\/www3.unicentro.br\/noticias\/wp-content\/uploads\/sites\/3\/2024\/07\/WhatsApp-Image-2024-07-26-at-17.18.26.jpeg","mobiconnector_small":"https:\/\/www3.unicentro.br\/noticias\/wp-content\/uploads\/sites\/3\/","mobiconnector_medium":"https:\/\/www3.unicentro.br\/noticias\/wp-content\/uploads\/sites\/3\/","mobiconnector_large":"https:\/\/www3.unicentro.br\/noticias\/wp-content\/uploads\/sites\/3\/","mobiconnector_x_large":"https:\/\/www3.unicentro.br\/noticias\/wp-content\/uploads\/sites\/3\/"},"mobiconnector_total_comments":{"approved":0,"spam":0,"trash":0,"post-trashed":0,"all":0,"total_comments":0,"moderated":0},"mobiconnector_author_name":"gciquelero","mobiconnector_total_views":"1","mobiconnector_comments":[],"mobiconnector_posts_incategory":[{"ID":51313,"post_author":"255","post_date":"2026-04-27T15:21:21","post_date_gmt":"2026-04-27T18:21:21","post_content":"<p style=\"text-align: justify\">A Universidade Estadual do Centro-Oeste (Unicentro), por meio da Coordenadoria de Rela\u00e7\u00f5es Internacionais (Coori), promoveu nesta segunda-feira (27), a recep\u00e7\u00e3o oficial dos alunos do Programa de Estudantes-Conv\u00eanio de Gradua\u00e7\u00e3o (PEC-G) e Portugu\u00eas como L\u00edngua Estrangeira (PEC-PLE).<\/p>\r\n<p style=\"text-align: justify\">Neste ano, a universidade est\u00e1 recebendo alunos origin\u00e1rios de Angola, Guin\u00e9-Bissau, Rep\u00fablica do\u00a0Congo, Senegal e Panam\u00e1. \u201c\u00c9 um momento para que a comunidade acad\u00eamica conhe\u00e7a o trabalho que \u00e9 feito na institui\u00e7\u00e3o por meio desses programas de mobilidade internacional\u201d, compartilha a coordenadora de Rela\u00e7\u00f5es Internacionais, Cibele Krause Lemke. \u201cA Unicentro tem trabalhado junto ao Minist\u00e9rio de Rela\u00e7\u00f5es Exteriores para proporcionar essa possibilidade, que diferentes estudantes, sobretudo da \u00c1frica, tenham acesso tanto ao ensino superior na nossa institui\u00e7\u00e3o, como tamb\u00e9m aos cursos de l\u00edngua portuguesa na universidade\u201d, acrescenta a professora.<\/p>\r\n<p style=\"text-align: justify\">\u00c1lvaro Alonso de Le\u00f3n Quintero, um dos quatro estudantes que est\u00e3o na Unicentro por meio do PLE, veio do Panam\u00e1 e vai ficar em Guarapuava at\u00e9 novembro deste ano. O estudante avalia como positiva a participa\u00e7\u00e3o no programa. \u201cEu acho que ajuda muito para compreender a l\u00edngua, ajuda a praticar muito. Minha expectativa \u00e9 falar como um nativo\u201d, projeta.<\/p>\r\n<p style=\"text-align: justify\">Pelo PEC-G, o estudante Auric\u00e9lio Vidi da Cunha Insali, que veio da Guin\u00e9-Bissau, est\u00e1 matriculado no curso de Ci\u00eancia da Computa\u00e7\u00e3o. \u201cEstou aqui h\u00e1 dois meses, conhecendo as pessoas e fazendo muitas amizades\u201d, conta. \u201cEstou gostando muito de estar aqui, aprendendo bastante e me adaptando principalmente porque o portugu\u00eas que eu falava l\u00e1 na Guin\u00e9 \u00e9 bem diferente do que eu estou ouvindo aqui\u201d, compartilha.<\/p>\r\n[gallery link=\"file\" size=\"large\" ids=\"51318,51317,51316\"]\r\n<p style=\"text-align: justify\">Durante a recep\u00e7\u00e3o, a Coori ainda destacou o apoio de diversos setores da institui\u00e7\u00e3o, como a Reitoria, a Pr\u00f3-Reitoria de Extens\u00e3o e Cultura (Proec) e a Coordenadoria de Apoio ao Estudante (Coorae). As possibilidades de participa\u00e7\u00e3o em atividades ofertas pela universidade \u2013 como esporte, m\u00fasica e cursos de idiomas \u2013 tamb\u00e9m foram apresentadas aos estudantes. \u201cNesse momento, esses estudantes t\u00eam um reconhecimento da universidade que os acolhe. Eles precisam conhecer a estrutura da nossa universidade, todos os departamentos e pr\u00f3-reitorias que atuam nesse acolhimento\u201d, destaca a professora Cibele.<\/p>\r\n<p style=\"text-align: justify\">Para o reitor F\u00e1bio Hernandes, o crescente n\u00famero de estudantes estrangeiros demonstra o fortalecimento do processo de internacionaliza\u00e7\u00e3o da universidade. \u201cA vinda deles tem feito com que a Unicentro seja ainda mais reconhecida internacionalmente, porque a partir da vinda deles n\u00f3s estamos conseguindo tamb\u00e9m algumas parcerias com os pa\u00edses de origem\u201d, pontua. \u201cTamb\u00e9m demonstra que somos uma universidade voltada a todos, uma universidade plural e inclusiva. Isso faz com que sejamos ainda mais reconhecidos internacionalmente. \u00c9 esse o nosso foco, ser essa universidade transformadora\u201d, afirma.<\/p>\r\n<p style=\"text-align: justify\">Sobre os Programas \u2013 O Programa de Estudantes-Conv\u00eanio de Gradua\u00e7\u00e3o (PEC-G), \u00e9 uma iniciativa do Minist\u00e9rio das Rela\u00e7\u00f5es Exteriores em parceria com institui\u00e7\u00f5es de Ensino Superior brasileiras. Nessa modalidade, os estudantes internacionais v\u00eam ao Brasil com o curso de gradua\u00e7\u00e3o j\u00e1 definido. J\u00e1 o Programa de Portugu\u00eas como L\u00edngua Estrangeira (PEC-PLE), \u00e9 um curso de prepara\u00e7\u00e3o para o exame do Certificado de Profici\u00eancia em L\u00edngua Portuguesa para Estrangeiros (Celpe-Bras).<\/p>\r\n[gallery columns=\"2\" link=\"file\" size=\"large\" ids=\"51314,51319\"]\r\n<p style=\"text-align: justify\"><span style=\"font-size: 8pt\"><em>Por Ma\u00edra Machado<\/em><\/span><\/p>\r\n\r\n\r\n<hr \/>\r\n<p style=\"text-align: justify\"><span style=\"color: #808000\"><strong>Voc\u00ea j\u00e1 conhece o canal de transmiss\u00e3o da Unicentro no WhatsApp?<\/strong><\/span><\/p>\r\n<p style=\"text-align: justify\">L\u00e1, voc\u00ea encontra not\u00edcias fresquinhas e em primeira m\u00e3o, al\u00e9m de comunicados oficiais, eventos, conquistas da galera e muito mais!\u00a0<span style=\"color: #808000\"><strong><a style=\"color: #808000\" href=\"https:\/\/whatsapp.com\/channel\/0029VaBQlmUEVccJs6JPNB0N\">Clique aqui<\/a><\/strong>\u00a0<\/span>para participar e fique por dentro de tudo o que \u00e9 destaque na nossa universidade.<\/p>","post_title":"Unicentro d\u00e1 boas-vindas a estudantes internacionais de cinco pa\u00edses","post_excerpt":"Recep\u00e7\u00e3o oficial organizada pela Coori marcou a integra\u00e7\u00e3o dos estudantes estrangeiros \u00e0 comunidade acad\u00eamica ","post_status":"publish","comment_status":"open","ping_status":"open","post_password":"","post_name":"unicentro-da-boas-vindas-a-estudantes-internacionais-de-cinco-paises","to_ping":"","pinged":"","post_modified":"2026-04-27 15:26:48","post_modified_gmt":"2026-04-27 18:26:48","post_content_filtered":"","post_parent":0,"guid":"https:\/\/www3.unicentro.br\/noticias\/?p=51313","menu_order":0,"post_type":"post","post_mime_type":"","comment_count":"0","filter":"raw","mobiconnector_feature_image":{"id":51322,"alt_text":"","caption":"","description":"","media_type":"image","post":51313,"source_url":"https:\/\/www3.unicentro.br\/noticias\/wp-content\/uploads\/sites\/3\/2026\/04\/DSC_2765.jpg","mobiconnector_small":"https:\/\/www3.unicentro.br\/noticias\/wp-content\/uploads\/sites\/3\/","mobiconnector_medium":"https:\/\/www3.unicentro.br\/noticias\/wp-content\/uploads\/sites\/3\/","mobiconnector_large":"https:\/\/www3.unicentro.br\/noticias\/wp-content\/uploads\/sites\/3\/","mobiconnector_x_large":"https:\/\/www3.unicentro.br\/noticias\/wp-content\/uploads\/sites\/3\/"}},{"ID":51282,"post_author":"9","post_date":"2026-04-27T12:22:46","post_date_gmt":"2026-04-27T15:22:46","post_content":"&nbsp;\r\n<h3 style=\"text-align: center\" data-start=\"1775\" data-end=\"1789\"><sup><em>Projeto voltado a estudantes da rede p\u00fablica oferece aulas gratuitas e atividades preparat\u00f3rias para vestibulares e o Enem<\/em><\/sup><\/h3>\r\n<p style=\"text-align: justify\" data-start=\"209\" data-end=\"615\">A Universidade Estadual do Centro-Oeste (Unicentro) est\u00e1 com inscri\u00e7\u00f5es abertas para a edi\u00e7\u00e3o de 2026 do curso pr\u00e9-vestibular. Ao todo, s\u00e3o ofertadas 50 vagas destinadas a estudantes que cursaram todo o ensino m\u00e9dio na rede p\u00fablica, que estejam na terceira s\u00e9rie ou na quarta s\u00e9rie do ensino m\u00e9dio t\u00e9cnico. As inscri\u00e7\u00f5es podem ser feitas at\u00e9 o dia 13 de maio, pelo <strong><a href=\"https:\/\/evento.unicentro.br\/site\/prevestibular\/2026\/1\" target=\"_blank\" rel=\"noopener\">Sistema de Gest\u00e3o de Eventos<\/a><\/strong> da universidade.<\/p>\r\n<p style=\"text-align: justify\" data-start=\"1093\" data-end=\"1306\">O curso ter\u00e1 um processo de sele\u00e7\u00e3o para classificar os candidatos a partir de uma entrevista socioecon\u00f4mica de forma presencial. A lista de convocados para essa fase ser\u00e1 divulgada no dia 14 de maio, no <strong><a href=\"https:\/\/www3.unicentro.br\/proec\/\" target=\"_blank\" rel=\"noopener\">site da Pr\u00f3-Reitoria de Extens\u00e3o e Cultura (Proec)<\/a><\/strong>. As entrevistas est\u00e3o marcadas para o dia 18 de maio, das 19h \u00e0s 21h. No ato da entrevista \u00e9 preciso apresentar documentos que comprovem a renda e as despesas do grupo familiar (contas de luz, \u00e1gua e aluguel).<\/p>\r\n<p style=\"text-align: justify\" data-start=\"1308\" data-end=\"1692\">O resultado ser\u00e1 publicado no dia 25 de maio, com a classifica\u00e7\u00e3o dos candidatos convocados e uma lista de espera. A matr\u00edcula deve ser realizada no dia 28 de maio com a apresenta\u00e7\u00e3o do hist\u00f3rico escolar para alunos concluintes do Ensino M\u00e9dio ou a declara\u00e7\u00e3o de matr\u00edcula para alunos do Ensino M\u00e9dio. \u00c9 necess\u00e1rio a presen\u00e7a de um respons\u00e1vel no ato da matr\u00edcula para menores de 18 anos.<\/p>\r\n<p style=\"text-align: justify\" data-start=\"1308\" data-end=\"1692\">O projeto \u00e9 promovido h\u00e1 17 anos pela Diretoria de Extens\u00e3o, vinculada \u00e0 Proec. As atividades s\u00e3o realizadas por uma equipe de docentes, estudantes, bolsistas e volunt\u00e1rios com o objetivo de inserir jovens em situa\u00e7\u00e3o de vulnerabilidade social de Guarapuava e regi\u00e3o no contexto universit\u00e1rio. Al\u00e9m das aulas, o projeto oferece oficinas, semin\u00e1rios, debates e atividades culturais que contribuem para a prepara\u00e7\u00e3o dos participantes para vestibulares e para o Exame Nacional do Ensino M\u00e9dio (Enem).<\/p>\r\n<p style=\"text-align: justify\" data-start=\"1308\" data-end=\"1692\">De acordo com a diretora de Extens\u00e3o da Unicentro, Vania Gryczak, a troca de conhecimentos e a reflex\u00e3o de temas acad\u00eamicos e culturais possibilita a amplia\u00e7\u00e3o dos conhecimentos complementares \u00e0 escola, enquanto a comunidade acad\u00eamica aplica os saberes adquiridos na forma\u00e7\u00e3o universit\u00e1ria.\u00a0 \u201cIntegrar jovens com estudantes de gradua\u00e7\u00e3o e p\u00f3s-gradua\u00e7\u00e3o, com professores egressos e titulares da Unicentro, contribui para a forma\u00e7\u00e3o acad\u00eamica, cient\u00edfica e cultural dos envolvidos\u201d, afirma.<\/p>\r\n<p style=\"text-align: justify\" data-start=\"1308\" data-end=\"1692\">Segundo ela, \u00e9 uma oportunidade de reconhecimento da identidade individual e coletiva, da expressividade, dos valores da cidadania e da inclus\u00e3o social. \u201c\u00c9 uma perspectiva de ingresso no ensino superior com a constru\u00e7\u00e3o de conhecimentos para a profissionaliza\u00e7\u00e3o e transforma\u00e7\u00e3o da sociedade em que est\u00e3o inseridos\u201d, completa.<\/p>\r\n<p style=\"text-align: justify\" data-start=\"2788\" data-end=\"2908\" data-is-last-node=\"\" data-is-only-node=\"\">O per\u00edodo das aulas ser\u00e1 entre os dias 1\u00ba de junho e 9 de outubro, no C\u00e2mpus Santa Cruz, em Guarapuava, no per\u00edodo noturno, das 19h \u00e0s 22h15. Mais informa\u00e7\u00f5es podem ser obtidas no <strong><a href=\"https:\/\/www3.unicentro.br\/proec\/wp-content\/uploads\/sites\/73\/2026\/04\/Edital_001_2026_Abertura_de_Inscri_o_Curso_Pr_Vestibular_Unicentro_69dc40e3c55c7.pdf\" target=\"_blank\" rel=\"noopener\">edital<\/a><\/strong> dispon\u00edvel no site da Proec ou pelo e-mail <a class=\"decorated-link cursor-pointer\" rel=\"noopener\" data-start=\"2876\" data-end=\"2907\">cursoprevestunicentro@gmail.com<\/a>.<\/p>\r\n&nbsp;\r\n<h3 style=\"text-align: center\" data-start=\"1775\" data-end=\"1789\"><\/h3>\r\n<div class=\"wp-block-image\"><img class=\"wpa-warning wpa-image-missing-alt aligncenter wp-image-51284\" src=\"https:\/\/www3.unicentro.br\/noticias\/wp-content\/uploads\/sites\/3\/2026\/04\/DSC_9692.jpg\" alt=\"\" width=\"650\" height=\"433\" data-warning=\"Texto alternativo ausente\" \/><\/div>\r\n<p data-start=\"2788\" data-end=\"2908\" data-is-last-node=\"\" data-is-only-node=\"\"><\/p>\r\n&nbsp;\r\n<h3 style=\"text-align: center\" data-start=\"1775\" data-end=\"1789\"><\/h3>\r\n<p data-start=\"2788\" data-end=\"2908\" data-is-last-node=\"\" data-is-only-node=\"\"><em>Por Milena Kammer, com supervis\u00e3o de Giovani Ciquelero<\/em><\/p>\r\n\r\n\r\n<hr \/>\r\n\r\n<span style=\"color: #808000\"><strong>Voc\u00ea j\u00e1 conhece o canal de transmiss\u00e3o da Unicentro no WhatsApp?<\/strong><\/span>\r\n\r\nL\u00e1, voc\u00ea encontra not\u00edcias fresquinhas e em primeira m\u00e3o, al\u00e9m de comunicados oficiais, eventos, conquistas da galera e muito mais!\u00a0<span style=\"color: #808000\"><strong><a style=\"color: #808000\" href=\"https:\/\/whatsapp.com\/channel\/0029VaBQlmUEVccJs6JPNB0N\">Clique aqui<\/a><\/strong>\u00a0<\/span>para participar e fique por dentro de tudo o que \u00e9 destaque na nossa universidade.","post_title":"Curso pr\u00e9-vestibular da Unicentro est\u00e1 com inscri\u00e7\u00f5es abertas","post_excerpt":"Projeto voltado a estudantes da rede p\u00fablica oferece aulas e atividades preparat\u00f3rias para vestibulares e o Enem","post_status":"publish","comment_status":"open","ping_status":"open","post_password":"","post_name":"curso-pre-vestibular-da-unicentro-esta-com-inscricoes-abertas-2","to_ping":"","pinged":"","post_modified":"2026-04-27 12:22:46","post_modified_gmt":"2026-04-27 15:22:46","post_content_filtered":"","post_parent":0,"guid":"https:\/\/www3.unicentro.br\/noticias\/?p=51282","menu_order":0,"post_type":"post","post_mime_type":"","comment_count":"0","filter":"raw","mobiconnector_feature_image":{"id":51296,"alt_text":"","caption":"","description":"","media_type":"image","post":51282,"source_url":"https:\/\/www3.unicentro.br\/noticias\/wp-content\/uploads\/sites\/3\/2026\/04\/vestibular.jpg","mobiconnector_small":"https:\/\/www3.unicentro.br\/noticias\/wp-content\/uploads\/sites\/3\/","mobiconnector_medium":"https:\/\/www3.unicentro.br\/noticias\/wp-content\/uploads\/sites\/3\/","mobiconnector_large":"https:\/\/www3.unicentro.br\/noticias\/wp-content\/uploads\/sites\/3\/","mobiconnector_x_large":"https:\/\/www3.unicentro.br\/noticias\/wp-content\/uploads\/sites\/3\/"}},{"ID":51260,"post_author":"9","post_date":"2026-04-27T11:19:21","post_date_gmt":"2026-04-27T14:19:21","post_content":"&nbsp;\r\n<h3 style=\"text-align: center\" data-start=\"1775\" data-end=\"1789\"><sup><em>Refer\u00eancia na forma\u00e7\u00e3o regional, curso promove um resgate hist\u00f3rico para reafirmar o valor da doc\u00eancia diante dos desafios atuais<\/em><\/sup><\/h3>\r\n<p style=\"text-align: justify\" data-start=\"101\" data-end=\"498\">O curso de Pedagogia de Guarapuava da <span class=\"hover:entity-accent entity-underline inline cursor-pointer align-baseline\"><span class=\"whitespace-normal\">Universidade Estadual do Centro-Oeste<\/span><\/span> completa <strong data-start=\"172\" data-end=\"191\">50 anos <\/strong>em 2026, consolidando-se como refer\u00eancia na forma\u00e7\u00e3o de professores, pedagogos e pedagogas na regi\u00e3o. Para celebrar o cinquenten\u00e1rio, o Departamento de Pedagogia (Deped\/G) prepara uma programa\u00e7\u00e3o comemorativa com atividades acad\u00eamicas, homenagens e o lan\u00e7amento de um livro que resgata a trajet\u00f3ria do curso.<\/p>\r\n<p style=\"text-align: justify\" data-start=\"500\" data-end=\"1007\">As celebra\u00e7\u00f5es est\u00e3o previstas para setembro, com eventos em <span class=\"hover:entity-accent entity-underline inline cursor-pointer align-baseline\"><span class=\"whitespace-normal\">Guarapuava<\/span><\/span>, <span class=\"hover:entity-accent entity-underline inline cursor-pointer align-baseline\"><span class=\"whitespace-normal\">Chopinzinho<\/span><\/span> e <span class=\"hover:entity-accent entity-underline inline cursor-pointer align-baseline\"><span class=\"whitespace-normal\">Coronel Vivida<\/span><\/span>. Entre as a\u00e7\u00f5es programadas est\u00e3o o lan\u00e7amento de uma obra sobre a hist\u00f3ria do curso, uma semana pedag\u00f3gica comemorativa, projetos de extens\u00e3o vinculados \u00e0s disciplinas, homenagens a ex-professores, al\u00e9m de palestras, mesas-redondas e atividades festivas.<\/p>\r\n\r\n\r\n[caption id=\"attachment_51261\" align=\"alignright\" width=\"380\"]<a href=\"https:\/\/www3.unicentro.br\/noticias\/wp-content\/uploads\/sites\/3\/2026\/04\/WhatsApp-Image-2026-04-22-at-15.59.07.jpeg\"><img id=\"longdesc-return-51261\" class=\"wpa-warning wpa-image-missing-alt wp-image-51261\" src=\"https:\/\/www3.unicentro.br\/noticias\/wp-content\/uploads\/sites\/3\/2026\/04\/WhatsApp-Image-2026-04-22-at-15.59.07.jpeg\" alt=\"\" width=\"380\" height=\"253\" longdesc=\"https:\/\/www3.unicentro.br\/noticias?longdesc=51261&amp;referrer=51260\" data-warning=\"Texto alternativo ausente\" \/><\/a> A professora Melissa Rodrigues da Silva destacou a forma\u00e7\u00e3o de educadores na regi\u00e3o.[\/caption]\r\n<p style=\"text-align: justify\" data-start=\"500\" data-end=\"1007\"><span style=\"font-weight: 400\">A Pedagogia est\u00e1 entre os cursos pioneiros da universidade, ao lado de Hist\u00f3ria, Matem\u00e1tica, Letras e Geografia, ainda no per\u00edodo em que a institui\u00e7\u00e3o era a <strong data-start=\"1166\" data-end=\"1233\">Faculdade de Filosofia, Ci\u00eancias e Letras de Guarapuava (Fafig)<\/strong>. <\/span>O projeto do curso teve in\u00edcio em 1975 e o decreto foi oficialmente aprovado no ano seguinte.<\/p>\r\n<p style=\"text-align: justify\" data-start=\"500\" data-end=\"1007\">A chefe do Deped, professora Melissa Rodrigues da Silva, explica que a comemora\u00e7\u00e3o dos 50 anos representa uma oportunidade de valorizar a hist\u00f3ria constru\u00edda por professores e estudantes ao longo das d\u00e9cadas. \u201cA import\u00e2ncia desse resgate hist\u00f3rico e comemorativo \u00e9 para que os alunos reconhe\u00e7am como se deu o in\u00edcio do curso, como essa forma\u00e7\u00e3o de professores veio acontecendo no decorrer desses 50 anos, o que foi mudado\u201d, destaca.<\/p>\r\n<p style=\"text-align: justify\" data-start=\"500\" data-end=\"1007\">Segundo a professora, o cronograma comemorativo e a produ\u00e7\u00e3o do livro t\u00eam como objetivo organizar e registrar em cap\u00edtulos momentos importantes da hist\u00f3ria da gradua\u00e7\u00e3o, incluindo programas como o Pibid, os est\u00e1gios, as disciplinas e a coordena\u00e7\u00e3o pedag\u00f3gica. \u201cAl\u00e9m de um processo formativo, \u00e9 para se entender um pouquinho mais desse contexto hist\u00f3rico, social, pol\u00edtico. \u00c9 para que eles se reconhe\u00e7am tamb\u00e9m como parte desse cinquenten\u00e1rio e dessa comemora\u00e7\u00e3o festiva que a gente vai ter no curso esse ano\u201d, complementa.<\/p>\r\n\r\n\r\n[caption id=\"attachment_51265\" align=\"alignleft\" width=\"380\"]<a href=\"https:\/\/www3.unicentro.br\/noticias\/wp-content\/uploads\/sites\/3\/2026\/04\/WhatsApp-Image-2026-04-22-at-16.00.53-1.jpeg\"><img id=\"longdesc-return-51265\" class=\"wpa-warning wpa-image-missing-alt wp-image-51265\" src=\"https:\/\/www3.unicentro.br\/noticias\/wp-content\/uploads\/sites\/3\/2026\/04\/WhatsApp-Image-2026-04-22-at-16.00.53-1.jpeg\" alt=\"\" width=\"380\" height=\"253\" longdesc=\"https:\/\/www3.unicentro.br\/noticias?longdesc=51265&amp;referrer=51260\" data-warning=\"Texto alternativo ausente\" \/><\/a> O professor Aur\u00e9lio Bona destacou a qualifica\u00e7\u00e3o do ensino ao longo da hist\u00f3ria do curso.[\/caption]\r\n<p style=\"text-align: justify\" data-start=\"1831\" data-end=\"2375\"><span style=\"font-weight: 400\">O vice-chefe do departamento, professor <span class=\"hover:entity-accent entity-underline inline cursor-pointer align-baseline\"><span class=\"whitespace-normal\">Aur\u00e9lio Bona J\u00fanior<\/span><\/span>, refor\u00e7a como esse marco hist\u00f3rico \u00e9 importante, n\u00e3o s\u00f3 para o Unicentro, mas para todo o Estado, colocando a Unicentro como a maior formadora de pedagogos e pedagogas de toda a regi\u00e3o. \u201cOs seus cursos s\u00e3o de qualidade de destaque nacional nos mecanismos de avalia\u00e7\u00e3o. O curso de Pedagogia \u00e9 um dos seus carros-chefes, \u00e9 o maior curso da universidade\u201d, conta.<\/span><\/p>\r\n<p style=\"text-align: justify\" data-start=\"1831\" data-end=\"2375\">Ao longo dessas cinco d\u00e9cadas, a universidade formou aproximadamente <strong data-start=\"2721\" data-end=\"2740\">4 mil pedagogos<\/strong>, sendo <strong data-start=\"2748\" data-end=\"2778\">2.500 apenas em Guarapuava<\/strong>, acompanhando diferentes contextos e transforma\u00e7\u00f5es na educa\u00e7\u00e3o brasileira. Para Aur\u00e9lio, celebrar essa trajet\u00f3ria \u00e9 ainda mais significativo diante da atual queda no interesse pelas licenciaturas. <span style=\"font-weight: 400\">\u201cNo momento em que o pa\u00eds vive pela primeira vez uma crise de licenciaturas, temos a previs\u00e3o de um apag\u00e3o docente num espa\u00e7o curto, m\u00e9dio de tempo, porque os jovens n\u00e3o est\u00e3o mais se interessando pela carreira de ser professor. Ent\u00e3o, resistir a isso, estar com um curso com essa marca, realmente \u00e9 digno de bastante comemora\u00e7\u00e3o da nossa parte\u201d, afirma.\u00a0<\/span><\/p>\r\n<p style=\"text-align: justify\"><span style=\"font-weight: 400\">O livro sobre a hist\u00f3ria da Pedagogia na Unicentro est\u00e1 sendo estruturado por uma equipe de professores que vai coletar dados, fotografias antigas e relatos para compor cerca de 15 cap\u00edtulos sobre diferentes aspectos do curso. O lan\u00e7amento da obra est\u00e1 previsto para setembro e deve se tornar um marco no resgate da mem\u00f3ria do curso e na valoriza\u00e7\u00e3o da forma\u00e7\u00e3o de educadores na Unicentro.<\/span><\/p>\r\n[gallery columns=\"2\" size=\"medium\" ids=\"51264,51263\"]\r\n\r\n<em>Por Milena Kammer, com supervis\u00e3o de Giovani Ciquelero<\/em>\r\n\r\n<hr \/>\r\n\r\n<span style=\"color: #808000\"><strong>Voc\u00ea j\u00e1 conhece o canal de transmiss\u00e3o da Unicentro no WhatsApp?<\/strong><\/span>\r\n\r\nL\u00e1, voc\u00ea encontra not\u00edcias fresquinhas e em primeira m\u00e3o, al\u00e9m de comunicados oficiais, eventos, conquistas da galera e muito mais!\u00a0<span style=\"color: #808000\"><strong><a style=\"color: #808000\" href=\"https:\/\/whatsapp.com\/channel\/0029VaBQlmUEVccJs6JPNB0N\">Clique aqui<\/a><\/strong>\u00a0<\/span>para participar e fique por dentro de tudo o que \u00e9 destaque na nossa universidade.\r\n\r\n&nbsp;","post_title":"Curso de Pedagogia da Unicentro celebra 50 anos de hist\u00f3ria e legado na forma\u00e7\u00e3o de professores","post_excerpt":"Refer\u00eancia na forma\u00e7\u00e3o regional, curso promove um resgate hist\u00f3rico para reafirmar o valor da doc\u00eancia diante dos desafios atuais.","post_status":"publish","comment_status":"open","ping_status":"open","post_password":"","post_name":"curso-de-pedagogia-da-unicentro-celebra-50-anos-de-historia-e-legado-na-formacao-de-professores","to_ping":"","pinged":"","post_modified":"2026-04-27 11:19:21","post_modified_gmt":"2026-04-27 14:19:21","post_content_filtered":"","post_parent":0,"guid":"https:\/\/www3.unicentro.br\/noticias\/?p=51260","menu_order":0,"post_type":"post","post_mime_type":"","comment_count":"0","filter":"raw","mobiconnector_feature_image":{"id":51281,"alt_text":"","caption":"","description":"","media_type":"image","post":51260,"source_url":"https:\/\/www3.unicentro.br\/noticias\/wp-content\/uploads\/sites\/3\/2026\/04\/selo-50-e1777298899942.jpg","mobiconnector_small":"https:\/\/www3.unicentro.br\/noticias\/wp-content\/uploads\/sites\/3\/","mobiconnector_medium":"https:\/\/www3.unicentro.br\/noticias\/wp-content\/uploads\/sites\/3\/","mobiconnector_large":"https:\/\/www3.unicentro.br\/noticias\/wp-content\/uploads\/sites\/3\/","mobiconnector_x_large":"https:\/\/www3.unicentro.br\/noticias\/wp-content\/uploads\/sites\/3\/"}},{"ID":51254,"post_author":"9","post_date":"2026-04-27T09:31:06","post_date_gmt":"2026-04-27T12:31:06","post_content":"&nbsp;\r\n<h3 style=\"text-align: center\" data-start=\"1775\" data-end=\"1789\"><sup><em>Projeto oferece aos acad\u00eamicos uma experi\u00eancia de responsabilidade social e cidadania<\/em><\/sup><\/h3>\r\n<p style=\"text-align: justify\" data-start=\"72\" data-end=\"530\">Acad\u00eamicos da <span class=\"hover:entity-accent entity-underline inline cursor-pointer align-baseline\"><span class=\"whitespace-normal\">Universidade Estadual do Centro-Oeste<\/span><\/span> (Unicentro) j\u00e1 podem se inscrever para participar da <strong data-start=\"165\" data-end=\"196\">Opera\u00e7\u00e3o Rondon Paran\u00e1 2026<\/strong>, projeto de extens\u00e3o universit\u00e1ria que promove a\u00e7\u00f5es de cidadania e desenvolvimento social em munic\u00edpios paranaenses. As inscri\u00e7\u00f5es seguem abertas at\u00e9 o dia <strong data-start=\"354\" data-end=\"368\">21 de maio<\/strong>, e a opera\u00e7\u00e3o ser\u00e1 realizada entre <strong data-start=\"404\" data-end=\"432\">10 e 23 de julho<\/strong>, nos munic\u00edpios de <span class=\"hover:entity-accent entity-underline inline cursor-pointer align-baseline\"><span class=\"whitespace-normal\">Iva\u00ed<\/span><\/span> e <span class=\"hover:entity-accent entity-underline inline cursor-pointer align-baseline\"><span class=\"whitespace-normal\">Ipiranga<\/span><\/span>.<\/p>\r\n<p style=\"text-align: justify\" data-start=\"72\" data-end=\"530\">Para se inscrever, os interessados devem acessar o <strong><a href=\"https:\/\/evento.unicentro.br\/site\/rondon\/2026\/1\" target=\"_blank\" rel=\"noopener\">Sistema de Gest\u00e3o de Eventos da universidade<\/a> <\/strong>e anexar os documentos exigidos no <strong><a href=\"https:\/\/www3.unicentro.br\/proec\/wp-content\/uploads\/sites\/73\/2026\/04\/Edital_001_2026_Abertura_de_Inscri_es_OPR_69e8e0c191ac0.pdf\" target=\"_blank\" rel=\"noopener\">edital<\/a> <\/strong>do processo seletivo. A iniciativa \u00e9 organizada pela <span class=\"hover:entity-accent entity-underline inline cursor-pointer align-baseline\"><span class=\"whitespace-normal\">Secretaria da Ci\u00eancia, Tecnologia e Ensino Superior (Seti)<\/span><\/span>, em parceria com a Pr\u00f3-Reitoria de Extens\u00e3o e Cultura (Proec) da Unicentro, e busca promover cidadania, inclus\u00e3o social e desenvolvimento sustent\u00e1vel.<\/p>\r\n<p style=\"text-align: justify\" data-start=\"72\" data-end=\"530\"><span style=\"font-weight: 400\">Os requisitos para os acad\u00eamicos que desejam participar da imers\u00e3o de 14 dias s\u00e3o: estar regularmente matriculados no ano letivo de 2026, cursando a partir da 2\u00aa S\u00e9rie; ter 18 anos ou mais at\u00e9 a data de 9 de julho de 2026; disponibilidade para participar das atividades preparat\u00f3rias e para a Opera\u00e7\u00e3o, al\u00e9m de n\u00e3o ter participado de opera\u00e7\u00f5es anteriores. O edital de homologa\u00e7\u00e3o de inscri\u00e7\u00f5es ser\u00e1 publicado no dia 22 de maio <\/span><span style=\"font-weight: 400\">e a pr\u00f3xima fase est\u00e1 prevista para os dias 25 e 26 de maio.<\/span><\/p>\r\n<p style=\"text-align: justify\" data-start=\"72\" data-end=\"530\"><span style=\"font-weight: 400\">A sele\u00e7\u00e3o vai ser dividida em duas etapas: an\u00e1lise da ficha de inscri\u00e7\u00e3o e das propostas de trabalho e, posteriormente, entrevistas com os candidatos selecionados na primeira etapa, realizada pelos professores coordenadores e pela coordena\u00e7\u00e3o institucional.<\/span><\/p>\r\n<p style=\"text-align: justify\" data-start=\"72\" data-end=\"530\"><span style=\"font-weight: 400\">Os rondonistas ter\u00e3o hospedagem, transporte e alimenta\u00e7\u00e3o custeados pela Seti. O projeto est\u00e1 dividido em dois conjuntos constitu\u00eddos por dois professores e dez acad\u00eamicos dos cursos de gradua\u00e7\u00e3o. O<strong> conjunto A<\/strong> engloba <strong>Cultura, Direitos Humanos e Justi\u00e7a, Educa\u00e7\u00e3o, Sa\u00fade<\/strong>; e o<strong> conjunto B<\/strong>, desenvolver\u00e1 atividades nas \u00e1reas de <strong>Comunica\u00e7\u00e3o, Tecnologia e Produ\u00e7\u00e3o, Meio Ambiente e Trabalho<\/strong>.\u00a0<\/span><\/p>\r\n<p style=\"text-align: justify\" data-start=\"2186\" data-end=\"2612\">Segundo a pr\u00f3-reitora de Extens\u00e3o e Cultura da Unicentro, <span class=\"hover:entity-accent entity-underline inline cursor-pointer align-baseline\"><span class=\"whitespace-normal\">Luc\u00e9lia de Souza<\/span><\/span>, durante a participa\u00e7\u00e3o na Opera\u00e7\u00e3o Rondon Paran\u00e1, os estudantes t\u00eam a oportunidade de estarem inseridos em realidades sociais diferenciadas, muitas vezes marcadas por vulnerabilidades econ\u00f4micas, culturais e estruturais. \u201cEsse contato direto com tais comunidades permite desenvolver empatia, senso de responsabilidade social e compreens\u00e3o concreta das desigualdades, algo que vai muito al\u00e9m do conhecimento te\u00f3rico\u201d, destaca.<\/p>\r\n<p style=\"text-align: justify\"><span style=\"font-weight: 400\">Segundo Luc\u00e9lia, a iniciativa n\u00e3o apenas amplia o alcance da extens\u00e3o, mas tamb\u00e9m ressignifica a pr\u00e1tica de forma mais inclusiva, participativa e socialmente comprometida. \u201cA Opera\u00e7\u00e3o atinge munic\u00edpios diversos, muitos deles com menor acesso a pol\u00edticas p\u00fablicas e a\u00e7\u00f5es universit\u00e1rias, incentivando uma pr\u00e1tica mais din\u00e2mica, interdisciplinar e conectada com demandas reais da sociedade\u201d, complementa.<\/span><\/p>\r\n<p style=\"text-align: justify\"><span style=\"font-weight: 400\">Para mais informa\u00e7\u00f5es, entre em contato com a Secretaria da Proec pelo e-mail mnunes@unicentro.br.<\/span><\/p>\r\n&nbsp;\r\n\r\n<em>Por Milena Kammer, com supervis\u00e3o de Giovani Ciquelero<\/em>\r\n\r\n<hr \/>\r\n\r\n<span style=\"color: #808000\"><strong>Voc\u00ea j\u00e1 conhece o canal de transmiss\u00e3o da Unicentro no WhatsApp?<\/strong><\/span>\r\n\r\nL\u00e1, voc\u00ea encontra not\u00edcias fresquinhas e em primeira m\u00e3o, al\u00e9m de comunicados oficiais, eventos, conquistas da galera e muito mais!\u00a0<span style=\"color: #808000\"><strong><a style=\"color: #808000\" href=\"https:\/\/whatsapp.com\/channel\/0029VaBQlmUEVccJs6JPNB0N\">Clique aqui<\/a><\/strong>\u00a0<\/span>para participar e fique por dentro de tudo o que \u00e9 destaque na nossa universidade.","post_title":"Inscri\u00e7\u00f5es abertas para a Opera\u00e7\u00e3o Rondon Paran\u00e1 2026","post_excerpt":"Projeto oferece aos acad\u00eamicos uma experi\u00eancia de responsabilidade social e cidadania","post_status":"publish","comment_status":"open","ping_status":"open","post_password":"","post_name":"inscricoes-abertas-para-a-operacao-rondon-parana-2026","to_ping":"","pinged":"","post_modified":"2026-04-27 09:31:06","post_modified_gmt":"2026-04-27 12:31:06","post_content_filtered":"","post_parent":0,"guid":"https:\/\/www3.unicentro.br\/noticias\/?p=51254","menu_order":0,"post_type":"post","post_mime_type":"","comment_count":"0","filter":"raw","mobiconnector_feature_image":{"id":51259,"alt_text":"","caption":"","description":"","media_type":"image","post":51254,"source_url":"https:\/\/www3.unicentro.br\/noticias\/wp-content\/uploads\/sites\/3\/2026\/04\/Materia-Rondon.webp","mobiconnector_small":"https:\/\/www3.unicentro.br\/noticias\/wp-content\/uploads\/sites\/3\/","mobiconnector_medium":"https:\/\/www3.unicentro.br\/noticias\/wp-content\/uploads\/sites\/3\/","mobiconnector_large":"https:\/\/www3.unicentro.br\/noticias\/wp-content\/uploads\/sites\/3\/","mobiconnector_x_large":"https:\/\/www3.unicentro.br\/noticias\/wp-content\/uploads\/sites\/3\/"}},{"ID":51248,"post_author":"578","post_date":"2026-04-24T18:59:10","post_date_gmt":"2026-04-24T21:59:10","post_content":"<p style=\"text-align: justify\"><span style=\"font-weight: 400\">Promover a cidadania fiscal e colaborar com o desenvolvimento social da regi\u00e3o. Esses s\u00e3o alguns dos princ\u00edpios que fundamentam o \u201cDia D \u2013 Doa Irati e Doa Prudent\u00f3polis\u201d. Realizada neste s\u00e1bado (25) pelo Departamento de Ci\u00eancias Cont\u00e1beis (Decic\/I) da Universidade Estadual do Centro-Oeste (Unicentro), a mobiliza\u00e7\u00e3o ocorre simultaneamente nas duas cidades, das 9h \u00e0s 15h. O objetivo central \u00e9 orientar a popula\u00e7\u00e3o sobre como direcionar parte do imposto de renda devido para os fundos municipais de assist\u00eancia social, e sem que tenha que pagar nada a mais por isso.\u00a0<\/span><\/p>\r\n<p style=\"text-align: justify\"><span style=\"font-weight: 400\">\u201cEssa pol\u00edtica p\u00fablica incentiva o contribuinte a deixar parte do imposto de renda no seu pr\u00f3prio munic\u00edpio. Ent\u00e3o, ele n\u00e3o tem \u00f4nus, porque essa parcela que vai ser encaminhada para os fundos municipais \u00e9 deduzida do que ele j\u00e1 teria que pagar\u201d, explica a professora Ana L\u00e9a Macohon Klosowski, coordenadora do projeto.<\/span><\/p>\r\n<p style=\"text-align: justify\"><span style=\"font-weight: 400\">Em Prudent\u00f3polis, a atividade acontece na Pra\u00e7a da Matriz. Com o intuito de atrair as fam\u00edlias, a programa\u00e7\u00e3o inclui oficina de educa\u00e7\u00e3o financeira para crian\u00e7as, carrinho de pipoca e uma feira de troca de livros. J\u00e1 em Irati, a equipe estar\u00e1 dispon\u00edvel para sanar d\u00favidas sobre o preenchimento da declara\u00e7\u00e3o no estacionamento do Supermercado GCenter, na esquina das ruas Quinze de Julho e Munhoz da Rocha.\u00a0<\/span><\/p>\r\n<p style=\"text-align: justify\"><span style=\"font-weight: 400\">A a\u00e7\u00e3o integra a terceira edi\u00e7\u00e3o do projeto de extens\u00e3o \u201cM\u00e3os que Incentivam\u201d, do Departamento de Ci\u00eancias Cont\u00e1beis do C\u00e2mpus de Irati (Decic\/I) da Unicentro. A iniciativa conta ainda com o apoio de diversos parceiros, como as prefeituras de Irati e Prudent\u00f3polis, Conselho Regional de Contabilidade, Sicredi, Sicoob, Cresol, Lions Irati e Biblioteca P\u00fablica de Prudent\u00f3polis.<\/span><\/p>\r\n<p style=\"text-align: justify\"><b>Como fazer a destina\u00e7\u00e3o<\/b><\/p>\r\n<p style=\"text-align: justify\"><span style=\"font-weight: 400\">Para participar, o contribuinte deve obrigatoriamente utilizar o modelo completo da declara\u00e7\u00e3o. Dentro do programa da Receita Federal, o processo \u00e9 realizado na ficha \u201cDoa\u00e7\u00f5es Diretamente na Declara\u00e7\u00e3o\u201d. O sistema permite destinar at\u00e9 3% para o Fundo Municipal dos Direitos da Crian\u00e7a e do Adolescente e outros 3% para o Fundo Municipal da Pessoa Idosa. Ap\u00f3s a escolha, o contribuinte emite um Documento de Arrecada\u00e7\u00e3o de Receitas Federais (Darf) para o pagamento. Esse valor \u00e9 deduzido do imposto total a pagar ou, caso haja restitui\u00e7\u00e3o, o montante repassado retorna ao contribuinte com corre\u00e7\u00e3o pela Taxa Selic. O prazo para a entrega da declara\u00e7\u00e3o do Imposto de Renda de Pessoa F\u00edsica 2026 encerra no dia 29 de maio.\u00a0<\/span><\/p>\r\n<p style=\"text-align: justify\"><b>Impacto na regi\u00e3o<\/b><\/p>\r\n<p style=\"text-align: justify\"><span style=\"font-weight: 400\">A professora Ana L\u00e9a cita que, de acordo com dados da Receita Federal, a arrecada\u00e7\u00e3o por meio desse mecanismo tem potencial significativo: R$ 1 milh\u00e3o em Prudent\u00f3polis, e R$ 2 milh\u00f5es em Irati. Entretanto, no \u00faltimo ano, as cidades realizaram apenas 10% e 5% disso, respectivamente.<\/span><\/p>\r\n<p style=\"text-align: justify\"><span style=\"font-weight: 400\">Outro ponto destacado pela organiza\u00e7\u00e3o \u00e9 que os valores direcionados aos fundos s\u00e3o aplicados diretamente em projetos locais. Acad\u00eamica do curso de Cont\u00e1beis de Prudent\u00f3polis, Keli Santos destaca que, em edi\u00e7\u00f5es passadas, o recurso j\u00e1 viabilizou a reforma de estofados no Lar dos Idosos e investimentos no projeto Invernada Cultural, voltado a crian\u00e7as e adolescentes da cidade. \u201cA gente consegue perceber muitas mudan\u00e7as que s\u00e3o poss\u00edveis fazer. Quando a gente consegue levar o dinheiro para boas a\u00e7\u00f5es, isso traz muita mudan\u00e7a para o munic\u00edpio\u201d, ressalta a aluna.<\/span><\/p>\r\n<p style=\"text-align: justify\"><b>Engajamento acad\u00eamico<\/b><\/p>\r\n<p style=\"text-align: justify\"><span style=\"font-weight: 400\">Com o apoio dos professores do Decic, s\u00e3o os estudantes que assumem a linha de frente do projeto. Desde que come\u00e7ou o per\u00edodo de declara\u00e7\u00e3o do IRPF em abril, eles j\u00e1 produziram materiais de divulga\u00e7\u00e3o, gravaram v\u00eddeos para as redes sociais e deram entrevistas para r\u00e1dios locais.<\/span><\/p>\r\n<p style=\"text-align: justify\"><span style=\"font-weight: 400\">Para o acad\u00eamico Eduardo da Costa, do 3\u00ba ano de Ci\u00eancias Cont\u00e1beis do C\u00e2mpus de Irati, a atividade se torna fundamental ao conectar aprendizado t\u00e9cnico e impacto social direto. \u201cAl\u00e9m do benef\u00edcio para o munic\u00edpio, agrega tamb\u00e9m a integra\u00e7\u00e3o acad\u00eamica dos estudantes\u201d, pontua Eduardo. \u201cEsse projeto \u00e9 algo muito especial porque \u00e9 um valor que, de qualquer maneira, dever\u00e1 ser pago. Ent\u00e3o, com o dinheiro sendo investido mais perto da gente, posteriormente, eu verei com os meus pr\u00f3prios olhos os resultados no munic\u00edpio\u201d, ressalta o estudante.<\/span><\/p>\r\n<p style=\"text-align: justify\"><span style=\"font-weight: 400\">\u201cN\u00f3s trabalhamos isso com a nossa comunidade acad\u00eamica, para que o aluno entenda essa pol\u00edtica, para que ele entenda o papel social, a forma\u00e7\u00e3o humana, a forma\u00e7\u00e3o cidad\u00e3 do profissional da contabilidade e oriente o seu cliente para que fa\u00e7a essa destina\u00e7\u00e3o\u201d, refor\u00e7a a professora Ana L\u00e9a.<\/span><\/p>\r\nPara saber mais sobre o projeto, siga o <a href=\"https:\/\/www.instagram.com\/maos_que_incentivam\/?hl=pt-br\"><strong>perfil do Instagram \"M\u00e3os que Incentivam<\/strong><\/a>\".\r\n\r\n&nbsp;\r\n<p style=\"text-align: justify\"><span style=\"font-size: 8pt\"><em><span style=\"font-weight: 400\">Por Wyllian Correa<\/span><\/em><\/span><\/p>\r\n\r\n\r\n<hr \/>\r\n<p style=\"text-align: justify\"><span style=\"color: #808000\"><strong>Voc\u00ea j\u00e1 conhece o canal de transmiss\u00e3o da Unicentro no WhatsApp?<\/strong><\/span><\/p>\r\n<p style=\"text-align: justify\">L\u00e1, voc\u00ea encontra not\u00edcias fresquinhas e em primeira m\u00e3o, al\u00e9m de comunicados oficiais, eventos, conquistas da galera e muito mais!\u00a0<span style=\"color: #808000\"><strong><a style=\"color: #808000\" href=\"https:\/\/whatsapp.com\/channel\/0029VaBQlmUEVccJs6JPNB0N\">Clique aqui<\/a><\/strong><\/span>\u00a0para participar e fique por dentro de tudo o que \u00e9 destaque na nossa universidade.<span style=\"font-weight: 400\">\u00a0<\/span><\/p>\r\n<p style=\"text-align: justify\"><span style=\"font-weight: 400\">\u00a0<\/span><\/p>","post_title":"Unicentro promove \u201cDia D\u201d de incentivo \u00e0 destina\u00e7\u00e3o do Imposto de Renda a fundos sociais","post_excerpt":"A\u00e7\u00e3o do Departamento de Ci\u00eancias Cont\u00e1beis acontece neste s\u00e1bado (25) em Irati e Prudent\u00f3polis.","post_status":"publish","comment_status":"open","ping_status":"open","post_password":"","post_name":"unicentro-promove-dia-d-de-incentivo-a-destinacao-do-imposto-de-renda-a-fundos-sociais","to_ping":"","pinged":"","post_modified":"2026-04-24 19:10:37","post_modified_gmt":"2026-04-24 22:10:37","post_content_filtered":"","post_parent":0,"guid":"https:\/\/www3.unicentro.br\/noticias\/?p=51248","menu_order":0,"post_type":"post","post_mime_type":"","comment_count":"0","filter":"raw","mobiconnector_feature_image":{"id":51250,"alt_text":"","caption":"","description":"","media_type":"image","post":51248,"source_url":"https:\/\/www3.unicentro.br\/noticias\/wp-content\/uploads\/sites\/3\/2026\/04\/aaaaaaaaaa_69ebbd0893268-e1777067937137.jpg","mobiconnector_small":"https:\/\/www3.unicentro.br\/noticias\/wp-content\/uploads\/sites\/3\/","mobiconnector_medium":"https:\/\/www3.unicentro.br\/noticias\/wp-content\/uploads\/sites\/3\/","mobiconnector_large":"https:\/\/www3.unicentro.br\/noticias\/wp-content\/uploads\/sites\/3\/","mobiconnector_x_large":"https:\/\/www3.unicentro.br\/noticias\/wp-content\/uploads\/sites\/3\/"}},{"ID":51233,"post_author":"9","post_date":"2026-04-24T15:39:17","post_date_gmt":"2026-04-24T18:39:17","post_content":"&nbsp;\r\n<h3 style=\"text-align: center\" data-start=\"1775\" data-end=\"1789\"><sup><em>A proposta envolve institui\u00e7\u00f5es paranaenses e o Instituto Polit\u00e9cnico de Bragan\u00e7a\u00a0<\/em><\/sup><\/h3>\r\n<p style=\"text-align: justify\">Entre os dias 19 e 24 de abril, o pr\u00f3-reitor de Pesquisa e P\u00f3s-Gradua\u00e7\u00e3o, Paulo Roberto da Silva, e o diretor de P\u00f3s-Gradua\u00e7\u00e3o, Jackson Kawakami, da Pr\u00f3-Reitoria de Pesquisa e P\u00f3s-Gradua\u00e7\u00e3o (Propesp) da Unicentro, integraram uma miss\u00e3o internacional em Portugal. O objetivo central da viagem foi fortalecer a internacionaliza\u00e7\u00e3o dos programas de p\u00f3s-gradua\u00e7\u00e3o e contribuir para o projeto de um doutorado interinstitucional e internacional envolvendo universidades paranaenses e o Instituto Polit\u00e9cnico de Bragan\u00e7a (IPB).<\/p>\r\n<p style=\"text-align: justify\"><span style=\"font-weight: 400\">A agenda do professor Paulo Roberto incluiu uma reuni\u00e3o estrat\u00e9gica na sede da Ag\u00eancia de Avalia\u00e7\u00e3o e Acredita\u00e7\u00e3o do Ensino Superior de Portugal (A3ES), em Lisboa. O \u00f3rg\u00e3o \u00e9 o equivalente \u00e0 Capes no sistema educacional portugu\u00eas. Segundo o pr\u00f3-reitor, o encontro contou com a participa\u00e7\u00e3o do presidente da A3ES, Jo\u00e3o de Deus Santos S\u00e0\u00e1gua, e dos conselheiros Jo\u00e3o Ant\u00f3nio de Sampaio Rodrigues Queiroz e Helena Maria da N\u00f3brega Teixeira Avelino. Tamb\u00e9m estiveram presentes representantes Capes, <\/span>da Funda\u00e7\u00e3o Arauc\u00e1ria, da Universidade Estadual de Londrina (UEL), da da <span class=\"hover:entity-accent entity-underline inline cursor-pointer align-baseline\"><span class=\"whitespace-normal\">Universidade Tecnol\u00f3gica Federal do Paran\u00e1 (<\/span><\/span>UTFPR)\u00a0e da c\u00fapula do Instituto Polit\u00e9cnico de Bragan\u00e7a, representada pelo reitor Orlando Isidoro Afonso Rodrigues e pelo vice-reitor Agostinho Gomes Alves.<\/p>\r\n<p style=\"text-align: justify\"><span style=\"font-weight: 400\">\u201cDurante a reuni\u00e3o, foi apresentada a pr\u00e9-proposta do doutorado internacional que envolve, al\u00e9m do IPB e da Unicentro, a UTFPR, a UEL, a UEM, a UEPG e a Unioeste. O di\u00e1logo foi produtivo e um passo fundamental para a diplomacia acad\u00eamica entre o Paran\u00e1 e Portugal. O projeto foi recebido com entusiasmo pelas ag\u00eancias de fomento\u201d, contou Paulo Roberto.<\/span><\/p>\r\n<p style=\"text-align: justify\"><span style=\"font-weight: 400\">Ap\u00f3s os compromissos na capital portuguesa, o pr\u00f3-reitor seguiu para Bragan\u00e7a para se juntar ao professor Jackson e a uma equipe de pesquisadores das institui\u00e7\u00f5es parceiras. O grupo trabalhou no alinhamento t\u00e9cnico da reda\u00e7\u00e3o da proposta do curso, adequando-a \u00e0s normas regulat\u00f3rias de ambos os pa\u00edses.\u00a0<\/span><\/p>\r\n<p style=\"text-align: justify\"><span style=\"font-weight: 400\">De acordo com o diretor de P\u00f3s-Gradua\u00e7\u00e3o, o esfor\u00e7o resultou em um sum\u00e1rio executivo consolidado para apresenta\u00e7\u00e3o \u00e0s ag\u00eancias reguladoras. Durante a estadia, Kawakami tamb\u00e9m realizou visitas t\u00e9cnicas aos laborat\u00f3rios do IPB para estabelecer contatos e futuras frentes de pesquisa conjunta. \u201cAp\u00f3s uma semana de muito trabalho chegamos a um documento norteador que foi constru\u00eddo conjuntamente pelos representantes das institui\u00e7\u00f5es. Foi muito produtivo\u201d, ressaltou Jackson.<\/span><\/p>\r\n<p style=\"text-align: justify\"><span style=\"font-weight: 400\">Ao avaliar os resultados da miss\u00e3o internacional, Paulo Roberto afirmou que a viagem abriu perspectivas concretas para a aprova\u00e7\u00e3o de um doutorado focado na forma\u00e7\u00e3o de pessoal de alto n\u00edvel. \u201cO objetivo ser\u00e1 capacitar profissionais com experi\u00eancia internacional para participar e\/ou coordenar redes de pesquisa dedicadas principalmente \u00e0 resolu\u00e7\u00e3o de problemas pr\u00e1ticos do setor n\u00e3o acad\u00eamico\u201d, finalizou o pr\u00f3-reitor.<\/span><\/p>\r\n\r\n<div class=\"wp-block-image\">\r\n\r\n[caption id=\"attachment_51235\" align=\"aligncenter\" width=\"650\"]<img id=\"longdesc-return-51235\" class=\"wpa-warning wpa-image-missing-alt wp-image-51235\" src=\"https:\/\/www3.unicentro.br\/noticias\/wp-content\/uploads\/sites\/3\/2026\/04\/Jackson-e-Paulo-Roberto.jpeg\" alt=\"\" width=\"650\" height=\"557\" longdesc=\"https:\/\/www3.unicentro.br\/noticias?longdesc=51235&amp;referrer=51233\" data-warning=\"Texto alternativo ausente\" \/> Diretor de P\u00f3s-Gradua\u00e7\u00e3o, Jackson Kawakami, e pr\u00f3-reitor de Pesquisa e P\u00f3s-Gradua\u00e7\u00e3o, Paulo Roberto da Silva.[\/caption]\r\n\r\n<div class=\"wp-block-image\"><\/div>\r\n<\/div>","post_title":"Unicentro participa de miss\u00e3o em Portugal para cria\u00e7\u00e3o de doutorado internacional","post_excerpt":"A proposta envolve institui\u00e7\u00f5es paranaenses e o Instituto Polit\u00e9cnico de Bragan\u00e7a.","post_status":"publish","comment_status":"open","ping_status":"open","post_password":"","post_name":"unicentro-participa-de-missao-em-portugal-para-criacao-de-doutorado-internacional","to_ping":"","pinged":"","post_modified":"2026-04-24 15:39:17","post_modified_gmt":"2026-04-24 18:39:17","post_content_filtered":"","post_parent":0,"guid":"https:\/\/www3.unicentro.br\/noticias\/?p=51233","menu_order":0,"post_type":"post","post_mime_type":"","comment_count":"0","filter":"raw","mobiconnector_feature_image":{"id":51239,"alt_text":"","caption":"","description":"","media_type":"image","post":51233,"source_url":"https:\/\/www3.unicentro.br\/noticias\/wp-content\/uploads\/sites\/3\/2026\/04\/Reuniao-A3ES.jpeg","mobiconnector_small":"https:\/\/www3.unicentro.br\/noticias\/wp-content\/uploads\/sites\/3\/","mobiconnector_medium":"https:\/\/www3.unicentro.br\/noticias\/wp-content\/uploads\/sites\/3\/","mobiconnector_large":"https:\/\/www3.unicentro.br\/noticias\/wp-content\/uploads\/sites\/3\/","mobiconnector_x_large":"https:\/\/www3.unicentro.br\/noticias\/wp-content\/uploads\/sites\/3\/"}},{"ID":51240,"post_author":"9","post_date":"2026-04-24T13:59:02","post_date_gmt":"2026-04-24T16:59:02","post_content":"&nbsp;\r\n<h3 style=\"text-align: center\" data-start=\"1775\" data-end=\"1789\"><sup><em>Coordenadores e professores estiveram nos munic\u00edpios de Iva\u00ed e Ipiranga para alinhar log\u00edstica e demandas locais<\/em><\/sup><\/h3>\r\n<p style=\"text-align: justify\">Entre os dias 14 e 17 de abril, coordenadores e professores da Universidade Estadual do Centro-Oeste (Unicentro) realizaram uma visita t\u00e9cnica aos munic\u00edpios de Iva\u00ed e Ipiranga, em prepara\u00e7\u00e3o para a Opera\u00e7\u00e3o Rondon Paran\u00e1 2026, prevista para ocorrer em julho.\u00a0<span style=\"font-weight: 400\">A atividade foi a primeira a\u00e7\u00e3o pr\u00e1tica dos professores-coordenadores nos munic\u00edpios para conhecer os espa\u00e7os e organizar as demandas com os gestores locais.\u00a0<\/span><\/p>\r\n<p style=\"text-align: justify\">Durante a viagem, a equipe tamb\u00e9m participou de reuni\u00f5es com representantes da Secretaria da Ci\u00eancia, Tecnologia e Ensino Superior do Paran\u00e1 (Seti), bem como com as coordena\u00e7\u00f5es institucionais e de equipe da opera\u00e7\u00e3o, para definir encaminhamentos e alinhar os \u00faltimos detalhes da Opera\u00e7\u00e3o Rondon Paran\u00e1 de 2026.<\/p>\r\n<p style=\"text-align: justify\">De acordo com a coordenadora da Opera\u00e7\u00e3o Rondon na Unicentro, M\u00f4nica Cristina Nunes, o projeto visa contribuir para o exerc\u00edcio da cidadania ao promover mudan\u00e7as, capacitar academicamente e incentivar atividades sustent\u00e1veis e \u00e9ticas na sociedade. \u201cN\u00f3s da Unicentro esperamos que o projeto contribua significativamente para a forma\u00e7\u00e3o dos estudantes, ao mesmo tempo em que promova melhorias concretas nas regi\u00f5es atendidas\u201d, afirma.<\/p>\r\n<p style=\"text-align: justify\">Para a coordenadora, a iniciativa proporciona uma troca de saberes entre universit\u00e1rios e popula\u00e7\u00e3o local ao favorecer o di\u00e1logo entre o conhecimento cient\u00edfico e o saber popular. \u201cO projeto n\u00e3o apenas levar\u00e1 conhecimento t\u00e9cnico, mas tamb\u00e9m atuar\u00e1 na promo\u00e7\u00e3o da qualidade de vida e no fortalecimento das comunidades envolvidas\u201d, complementa.<\/p>\r\n&nbsp;\r\n\r\n<em>Por Milena Kammer, com supervis\u00e3o de Giovani Ciquelero<\/em>\r\n\r\n<hr \/>\r\n\r\n<span style=\"color: #808000\"><strong>Voc\u00ea j\u00e1 conhece o canal de transmiss\u00e3o da Unicentro no WhatsApp?<\/strong><\/span>\r\n\r\nL\u00e1, voc\u00ea encontra not\u00edcias fresquinhas e em primeira m\u00e3o, al\u00e9m de comunicados oficiais, eventos, conquistas da galera e muito mais!\u00a0<strong><a href=\"https:\/\/whatsapp.com\/channel\/0029VaBQlmUEVccJs6JPNB0N\"><span style=\"color: #808000\">Clique aqui<\/span><\/a><\/strong>\u00a0para participar e fique por dentro de tudo o que \u00e9 destaque na nossa universidade.","post_title":"Equipe da Unicentro realiza visita preparat\u00f3ria para a Opera\u00e7\u00e3o Rondon Paran\u00e1 2026","post_excerpt":"Coordenadores e professores estiveram nos munic\u00edpios de Iva\u00ed e Ipiranga para alinhar log\u00edstica e demandas locais.\r\n","post_status":"publish","comment_status":"open","ping_status":"open","post_password":"","post_name":"equipe-da-unicentro-realiza-visita-preparatoria-para-a-operacao-rondon-parana-2026","to_ping":"","pinged":"","post_modified":"2026-04-24 16:50:58","post_modified_gmt":"2026-04-24 19:50:58","post_content_filtered":"","post_parent":0,"guid":"https:\/\/www3.unicentro.br\/noticias\/?p=51240","menu_order":0,"post_type":"post","post_mime_type":"","comment_count":"0","filter":"raw","mobiconnector_feature_image":{"id":51245,"alt_text":"","caption":"","description":"","media_type":"image","post":51240,"source_url":"https:\/\/www3.unicentro.br\/noticias\/wp-content\/uploads\/sites\/3\/2026\/04\/Imagem_Viagem__Precursora_69e8fc21b7fe7.jpeg","mobiconnector_small":"https:\/\/www3.unicentro.br\/noticias\/wp-content\/uploads\/sites\/3\/","mobiconnector_medium":"https:\/\/www3.unicentro.br\/noticias\/wp-content\/uploads\/sites\/3\/","mobiconnector_large":"https:\/\/www3.unicentro.br\/noticias\/wp-content\/uploads\/sites\/3\/","mobiconnector_x_large":"https:\/\/www3.unicentro.br\/noticias\/wp-content\/uploads\/sites\/3\/"}},{"ID":51216,"post_author":"9","post_date":"2026-04-24T11:36:56","post_date_gmt":"2026-04-24T14:36:56","post_content":"&nbsp;\r\n<h3 style=\"text-align: center\" data-start=\"1775\" data-end=\"1789\"><sup><em>Evento gratuito debate os desafios da exposi\u00e7\u00e3o digital de crian\u00e7as e prepara futuros educadores<\/em><\/sup><\/h3>\r\n<div class=\"\" data-turn-id-container=\"request-WEB:db82fa42-05ae-4dd5-81fe-2c792124ed42-1\" data-is-intersecting=\"true\"><section class=\"text-token-text-primary w-full focus:outline-none [--shadow-height:45px] has-data-writing-block:pointer-events-none has-data-writing-block:-mt-(--shadow-height) has-data-writing-block:pt-(--shadow-height) [&amp;:has([data-writing-block])&gt;*]:pointer-events-auto R6Vx5W_threadScrollVars scroll-mb-[calc(var(--scroll-root-safe-area-inset-bottom,0px)+var(--thread-response-height))] scroll-mt-[calc(var(--header-height)+min(200px,max(70px,20svh)))]\" dir=\"auto\" data-turn-id=\"request-WEB:db82fa42-05ae-4dd5-81fe-2c792124ed42-1\" data-testid=\"conversation-turn-4\" data-scroll-anchor=\"false\" data-turn=\"assistant\">\r\n<div class=\"text-base my-auto mx-auto pb-10 [--thread-content-margin:var(--thread-content-margin-xs,calc(var(--spacing)*4))] @w-sm\/main:[--thread-content-margin:var(--thread-content-margin-sm,calc(var(--spacing)*6))] @w-lg\/main:[--thread-content-margin:var(--thread-content-margin-lg,calc(var(--spacing)*16))] px-(--thread-content-margin)\">\r\n<div class=\"[--thread-content-max-width:40rem] @w-lg\/main:[--thread-content-max-width:48rem] mx-auto max-w-(--thread-content-max-width) flex-1 group\/turn-messages focus-visible:outline-hidden relative flex w-full min-w-0 flex-col agent-turn\">\r\n<div class=\"flex max-w-full flex-col gap-4 grow\">\r\n<div class=\"min-h-8 text-message relative flex w-full flex-col items-end gap-2 text-start break-words whitespace-normal outline-none keyboard-focused:focus-ring [.text-message+&amp;]:mt-1\" dir=\"auto\" data-message-author-role=\"assistant\" data-message-id=\"f0f4bd37-ce05-40a0-ab3a-ab4b6a733c0e\" data-message-model-slug=\"gpt-5-3\" data-turn-start-message=\"true\">\r\n<div class=\"flex w-full flex-col gap-1 empty:hidden\">\r\n<div class=\"markdown prose dark:prose-invert w-full wrap-break-word light markdown-new-styling\">\r\n<p style=\"text-align: justify\" data-start=\"205\" data-end=\"507\">O Departamento de Pedagogia de Guarapuava da Unicentro promove, na pr\u00f3xima segunda-feira (27), a palestra<strong> \"Compartilhar ou Proteger? O dilema da imagem infantil na internet\"<\/strong>. O evento, que faz parte da disciplina de est\u00e1gio supervisionado, acontece \u00e0s 19h15, no Miniaudit\u00f3rio do C\u00e2mpus Santa Cruz.<\/p>\r\n<p style=\"text-align: justify\" data-start=\"509\" data-end=\"845\">Organizado pela professora Solange Collares, o evento tem como p\u00fablico principal os acad\u00eamicos do curso de Pedagogia, visando prepar\u00e1-los para a atua\u00e7\u00e3o em escolas e col\u00e9gios estaduais. O debate central, conduzido pela advogada Rafaela Huren Modolon, abordar\u00e1 as quest\u00f5es do ECA Digital em rela\u00e7\u00e3o a crian\u00e7as e jovens, conjunto de diretrizes que passou a integrar a rotina das institui\u00e7\u00f5es de ensino estaduais a partir de mar\u00e7o deste ano.<\/p>\r\n<p style=\"text-align: justify\" data-start=\"1195\" data-end=\"1478\">De acordo com a organiza\u00e7\u00e3o, compreender o papel do educador diante da exposi\u00e7\u00e3o digital \u00e9 essencial para o desempenho profissional nos novos contextos escolares,\u00a0especialmente no que diz respeito \u00e0 preserva\u00e7\u00e3o da imagem e aos direitos das crian\u00e7as no ambiente virtual.<\/p>\r\n<p style=\"text-align: justify\" data-start=\"1480\" data-end=\"1708\" data-is-last-node=\"\" data-is-only-node=\"\">A palestra \u00e9 aberta a toda a comunidade interessada na tem\u00e1tica da prote\u00e7\u00e3o da imagem infantil. A participa\u00e7\u00e3o \u00e9 gratuita e n\u00e3o \u00e9 necess\u00e1rio realizar inscri\u00e7\u00e3o pr\u00e9via.<\/p>\r\n<p data-start=\"1480\" data-end=\"1708\" data-is-last-node=\"\" data-is-only-node=\"\"><\/p>\r\n\r\n<\/div>\r\n<div class=\"wp-block-image\"><img class=\"wpa-warning wpa-image-missing-alt wp-image-51217 aligncenter\" src=\"https:\/\/www3.unicentro.br\/noticias\/wp-content\/uploads\/sites\/3\/2026\/04\/9450de47-fc97-4044-9e12-b5b3852e7570.jpg\" alt=\"\" width=\"500\" height=\"625\" data-warning=\"Texto alternativo ausente\" \/><\/div>\r\n<p data-start=\"1480\" data-end=\"1708\" data-is-last-node=\"\" data-is-only-node=\"\"><\/p>\r\n<p data-start=\"1480\" data-end=\"1708\" data-is-last-node=\"\" data-is-only-node=\"\"><em>Por Evelyne Dutra, com supervis\u00e3o de Giovani Ciquelero<\/em><\/p>\r\n\r\n\r\n<hr \/>\r\n\r\n<span style=\"color: #808000\"><strong>Voc\u00ea j\u00e1 conhece o canal de transmiss\u00e3o da Unicentro no WhatsApp?<\/strong><\/span>\r\n\r\nL\u00e1, voc\u00ea encontra not\u00edcias fresquinhas e em primeira m\u00e3o, al\u00e9m de comunicados oficiais, eventos, conquistas da galera e muito mais!\u00a0<strong><a href=\"https:\/\/whatsapp.com\/channel\/0029VaBQlmUEVccJs6JPNB0N\"><span style=\"color: #808000\">Clique aqui<\/span><\/a><\/strong>\u00a0para participar e fique por dentro de tudo o que \u00e9 destaque na nossa universidade.\r\n\r\n<\/div>\r\n<\/div>\r\n<\/div>\r\n<\/div>\r\n<\/div>\r\n<\/section><\/div>","post_title":"Palestra discute dilemas e exposi\u00e7\u00e3o de crian\u00e7as na internet","post_excerpt":"Evento gratuito debate os desafios da exposi\u00e7\u00e3o digital de crian\u00e7as e prepara futuros educadores para atua\u00e7\u00e3o nas escolas.","post_status":"publish","comment_status":"open","ping_status":"open","post_password":"","post_name":"palestra-discute-dilemas-e-exposicao-de-criancas-na-internet","to_ping":"","pinged":"","post_modified":"2026-04-24 11:36:56","post_modified_gmt":"2026-04-24 14:36:56","post_content_filtered":"","post_parent":0,"guid":"https:\/\/www3.unicentro.br\/noticias\/?p=51216","menu_order":0,"post_type":"post","post_mime_type":"","comment_count":"0","filter":"raw","mobiconnector_feature_image":{"id":51232,"alt_text":"","caption":"","description":"","media_type":"image","post":51216,"source_url":"https:\/\/www3.unicentro.br\/noticias\/wp-content\/uploads\/sites\/3\/2026\/04\/9450de47-fc97-4044-9e12-b5b3852e7570-1-e1777040766302.jpg","mobiconnector_small":"https:\/\/www3.unicentro.br\/noticias\/wp-content\/uploads\/sites\/3\/","mobiconnector_medium":"https:\/\/www3.unicentro.br\/noticias\/wp-content\/uploads\/sites\/3\/","mobiconnector_large":"https:\/\/www3.unicentro.br\/noticias\/wp-content\/uploads\/sites\/3\/","mobiconnector_x_large":"https:\/\/www3.unicentro.br\/noticias\/wp-content\/uploads\/sites\/3\/"}},{"ID":51199,"post_author":"9","post_date":"2026-04-24T09:57:42","post_date_gmt":"2026-04-24T12:57:42","post_content":"&nbsp;\r\n<h3 style=\"text-align: center\" data-start=\"1775\" data-end=\"1789\"><sup><em>Iniciativa prepara profissionais para conserva\u00e7\u00e3o de estradas e prote\u00e7\u00e3o de nascentes na regi\u00e3o<\/em><\/sup><\/h3>\r\n<p style=\"text-align: justify\" data-start=\"251\" data-end=\"375\">O C\u00e2mpus Cedeteg da Universidade Estadual do Centro-Oeste (Unicentro) sediou, na \u00faltima quinta-feira (23), a capacita\u00e7\u00e3o regional do projeto Patrulheiros da Sustentabilidade. A iniciativa tem como prop\u00f3sito fortalecer a sustentabilidade rural no Paran\u00e1, por meio da forma\u00e7\u00e3o de uma rede colaborativa que une inova\u00e7\u00e3o tecnol\u00f3gica, transforma\u00e7\u00e3o digital e boas pr\u00e1ticas ambientais.<\/p>\r\n<p style=\"text-align: justify\" data-start=\"781\" data-end=\"1210\">O projeto integra um programa estadual que \u00e9 resultado de uma constru\u00e7\u00e3o integrada que envolve o Governo do Paran\u00e1, a Funda\u00e7\u00e3o Arauc\u00e1ria, a Universidade Estadual de Maring\u00e1 (UEM), a Unicentro e o Instituto de Desenvolvimento Rural do Paran\u00e1 (IDR-PR). <span style=\"font-weight: 400\">Com foco na conserva\u00e7\u00e3o de vias rurais e na prote\u00e7\u00e3o de fontes h\u00eddricas, o projeto re\u00fane representantes de dez munic\u00edpios da regi\u00e3o: Guarapuava, Cand\u00f3i, Cantagalo, Prudent\u00f3polis, Campina do Sim\u00e3o, Goioxim, Turvo, Pinh\u00e3o, Foz do Jord\u00e3o e Reserva do Igua\u00e7u.<\/span><\/p>\r\n<p style=\"text-align: justify\" data-start=\"1605\" data-end=\"1932\">A proposta consolida uma nova vis\u00e3o de atua\u00e7\u00e3o no campo, em que operadores de m\u00e1quinas pesadas passam a assumir tamb\u00e9m o papel de agentes de preserva\u00e7\u00e3o ambiental. Os profissionais s\u00e3o preparados para atuar com t\u00e9cnica, consci\u00eancia e responsabilidade na manuten\u00e7\u00e3o de estradas rurais, no cuidado com o solo, na drenagem adequada e na prote\u00e7\u00e3o de nascentes.<\/p>\r\n<p style=\"text-align: justify\" data-start=\"1605\" data-end=\"1932\"><span style=\"font-weight: 400\">Mobilizador do evento, o doutorando do Programa de P\u00f3s-Gradua\u00e7\u00e3o em Agronomia da Unicentro (PPGA), Dagoberto M\u00e1rcio de Oliveira, explica que o ciclo de palestras que iniciou \u00e9 o primeiro m\u00f3dulo da capacita\u00e7\u00e3o. \u201cN\u00f3s vamos realizar oito encontros te\u00f3ricos e dois encontros pr\u00e1ticos, nos quais os operadores ter\u00e3o a oportunidade de aplicar, na pr\u00e1tica, todo o conhecimento adquirido. Nesses momentos, eles ir\u00e3o treinar as t\u00e9cnicas aprendidas, colocando em a\u00e7\u00e3o a capacita\u00e7\u00e3o recebida, especialmente nas \u00e1reas de drenagem de estradas e recupera\u00e7\u00e3o de nascentes\u201d, explica.<\/span><\/p>\r\n<p style=\"text-align: justify\" data-start=\"2295\" data-end=\"2690\">A forma\u00e7\u00e3o ter\u00e1 carga hor\u00e1ria de 80 horas, divididas entre conte\u00fados sobre sustentabilidade e mecaniza\u00e7\u00e3o conservacionista. Entre os temas abordados est\u00e3o mudan\u00e7as clim\u00e1ticas, desenvolvimento econ\u00f4mico e ESG (Ambiental, Social e Governan\u00e7a), gest\u00e3o h\u00eddrica, recupera\u00e7\u00e3o de nascentes e \u00e1reas de preserva\u00e7\u00e3o permanente (APPs), manejo e conserva\u00e7\u00e3o do solo e da \u00e1gua, al\u00e9m de pr\u00e1ticas sustent\u00e1veis aplicadas \u00e0 mecaniza\u00e7\u00e3o em estradas rurais e educa\u00e7\u00e3o ambiental.<\/p>\r\n<p style=\"text-align: justify\"><span style=\"font-weight: 400\">De acordo com o assessor de projetos do IDR-Paran\u00e1, Leandro Michalovicz, a expectativa \u00e9 capacitar 2.793 profissionais, promover a atua\u00e7\u00e3o em n\u00facleos regionais e formar multiplicadores. \u201cNossa a\u00e7\u00e3o est\u00e1 voltada principalmente para a integra\u00e7\u00e3o das estradas com as \u00e1reas produtivas, com foco especial na conserva\u00e7\u00e3o do solo e da \u00e1gua. <\/span><span style=\"font-weight: 400\">Dentro das propriedades rurais, tamb\u00e9m ser\u00e1 desenvolvido um dos m\u00f3dulos do programa Patrulheiros da Sustentabilidade, dedicado especificamente \u00e0 prote\u00e7\u00e3o de nascentes\u201d, destaca.<\/span><\/p>\r\n[gallery columns=\"2\" size=\"medium\" ids=\"51203,51205,51206,51207\"]\r\n\r\n&nbsp;\r\n\r\n<em>Por Mylena Camargo, com supervis\u00e3o de Giovani Ciquelero<\/em>\r\n\r\n<hr \/>\r\n\r\n<span style=\"color: #808000\"><strong>Voc\u00ea j\u00e1 conhece o canal de transmiss\u00e3o da Unicentro no WhatsApp?<\/strong><\/span>\r\n\r\nL\u00e1, voc\u00ea encontra not\u00edcias fresquinhas e em primeira m\u00e3o, al\u00e9m de comunicados oficiais, eventos, conquistas da galera e muito mais!\u00a0<strong><a href=\"https:\/\/whatsapp.com\/channel\/0029VaBQlmUEVccJs6JPNB0N\"><span style=\"color: #808000\">Clique aqui<\/span><\/a><\/strong>\u00a0para participar e fique por dentro de tudo o que \u00e9 destaque na nossa universidade.","post_title":"Unicentro sedia capacita\u00e7\u00e3o regional do projeto Patrulheiros da Sustentabilidade","post_excerpt":"Iniciativa prepara profissionais para conserva\u00e7\u00e3o de estradas e prote\u00e7\u00e3o de nascentes em 10 munic\u00edpios da regi\u00e3o.","post_status":"publish","comment_status":"open","ping_status":"open","post_password":"","post_name":"unicentro-sedia-capacitacao-regional-do-projeto-patrulheiros-da-sustentabilidade","to_ping":"","pinged":"","post_modified":"2026-04-24 09:57:42","post_modified_gmt":"2026-04-24 12:57:42","post_content_filtered":"","post_parent":0,"guid":"https:\/\/www3.unicentro.br\/noticias\/?p=51199","menu_order":0,"post_type":"post","post_mime_type":"","comment_count":"0","filter":"raw","mobiconnector_feature_image":{"id":51215,"alt_text":"","caption":"","description":"","media_type":"image","post":51199,"source_url":"https:\/\/www3.unicentro.br\/noticias\/wp-content\/uploads\/sites\/3\/2026\/04\/DSC_2594.jpg","mobiconnector_small":"https:\/\/www3.unicentro.br\/noticias\/wp-content\/uploads\/sites\/3\/","mobiconnector_medium":"https:\/\/www3.unicentro.br\/noticias\/wp-content\/uploads\/sites\/3\/","mobiconnector_large":"https:\/\/www3.unicentro.br\/noticias\/wp-content\/uploads\/sites\/3\/","mobiconnector_x_large":"https:\/\/www3.unicentro.br\/noticias\/wp-content\/uploads\/sites\/3\/"}},{"ID":51141,"post_author":"9","post_date":"2026-04-24T09:12:08","post_date_gmt":"2026-04-24T12:12:08","post_content":"&nbsp;\r\n<h3 style=\"text-align: center\" data-start=\"1775\" data-end=\"1789\"><sup><em>Evento discutiu avan\u00e7os cient\u00edficos, tecnol\u00f3gicos e formativos na \u00e1rea<\/em><\/sup><\/h3>\r\n<p style=\"text-align: justify\">Docentes e discentes da Universidade Estadual do Centro-Oeste (Unicentro) participaram do 7\u00ba<em> World Physiotherapy South America Region Conference<\/em> (Confer\u00eancia Sul-Americana da World Physiotherapy), realizada entre os dias 16 e 18 de abril em Punta del Este, no Uruguai. Considerado um dos principais eventos da \u00e1rea no continente, o congresso reuniu pesquisadores e profissionais de diferentes pa\u00edses para discutir avan\u00e7os cient\u00edficos, tecnol\u00f3gicos e formativos na fisioterapia.<\/p>\r\n<p style=\"text-align: justify\">A participa\u00e7\u00e3o da universidade foi marcada pela apresenta\u00e7\u00e3o de nove trabalhos cient\u00edficos, al\u00e9m da presen\u00e7a ativa de professores em debates e atividades acad\u00eamicas. A professora Sibele de Andrade Knaut integrou a programa\u00e7\u00e3o oficial como palestrante, um espa\u00e7o restrito a poucos brasileiros. \u201cN\u00f3s tivemos somente tr\u00eas palestrantes brasileiros dentro da grade, e eu fui a \u00fanica com duas participa\u00e7\u00f5es\u201d, relata. Segundo ela, uma das apresenta\u00e7\u00f5es ocorreu na \u00e1rea de neuroci\u00eancia, tecnologia e inova\u00e7\u00e3o, enquanto a outra foi uma plen\u00e1ria, equivalente a uma palestra magna, direcionada a todo o p\u00fablico do evento. \u201cForam mais de 400 pessoas. Fiquei muito feliz por poder representar a Unicentro e o Brasil nesse contexto\u201d, destaca.<\/p>\r\n<p style=\"text-align: justify\">A professora Aline Cristina Carrasco ressalta que o congresso ampliou horizontes, principalmente em rela\u00e7\u00e3o \u00e0s novas tecnologias aplicadas \u00e0 fisioterapia. \u201cA participa\u00e7\u00e3o no evento abriu novos caminhos para o conhecimento. Permitiu atualiza\u00e7\u00e3o em temas como tecnologia e intelig\u00eancia artificial na nossa \u00e1rea, al\u00e9m de possibilitar networking e troca de experi\u00eancias\u201d, afirma.<\/p>\r\n<p style=\"text-align: justify\">J\u00e1 a professora C\u00edntia Raquel Bim Quartiero destacou dois eixos principais: a forma\u00e7\u00e3o profissional e a atua\u00e7\u00e3o em sa\u00fade p\u00fablica. \u201cUm dos momentos mais relevantes foi a discuss\u00e3o sobre o ensino da fisioterapia, refletindo sobre a constru\u00e7\u00e3o de um curr\u00edculo m\u00ednimo para a Am\u00e9rica Latina\u201d. Segundo ela, o interc\u00e2mbio com profissionais de pa\u00edses como Uruguai, Col\u00f4mbia e Rep\u00fablica Dominicana tamb\u00e9m permitiu comparar realidades e identificar avan\u00e7os. \u201cIsso traz atualiza\u00e7\u00e3o para nossas pr\u00e1ticas e at\u00e9 para projetos de pesquisa e extens\u00e3o. Sa\u00edmos de l\u00e1 com muitas ideias para aplicar, j\u00e1 vislumbrando um evento mundial que ocorrer\u00e1 em 2027 no M\u00e9xico\u201d, pontua.<\/p>\r\n<p style=\"text-align: justify\">A programa\u00e7\u00e3o do evento tamb\u00e9m refor\u00e7ou a import\u00e2ncia da forma\u00e7\u00e3o continuada. \u201cFoi destacado que a capacita\u00e7\u00e3o do professor deve ser constante, pensando na forma\u00e7\u00e3o de novos profissionais e na qualidade do atendimento aos pacientes\u201d, acrescenta C\u00edntia.<\/p>\r\n<p style=\"text-align: justify\">Durante a viagem, as docentes ainda realizaram uma visita t\u00e9cnica \u00e0 Universidad de la Rep\u00fablica, em Montevid\u00e9u. A agenda teve como foco o Departamento de Fisioterapia e Bioengenharia, especialmente em fun\u00e7\u00e3o da implanta\u00e7\u00e3o de um novo laborat\u00f3rio de an\u00e1lise de movimento na Unicentro. A estrutura contar\u00e1 com tecnologias avan\u00e7adas para avalia\u00e7\u00e3o e reabilita\u00e7\u00e3o de pacientes, incluindo equipamentos de an\u00e1lise de for\u00e7a isocin\u00e9tica e um exoesqueleto, que auxilia pacientes a retomar ou melhorar a capacidade de caminhar. \u201cO sistema que eles utilizam \u00e9 o mesmo que estamos adquirindo. Essa aproxima\u00e7\u00e3o permite n\u00e3o s\u00f3 qualificar a implementa\u00e7\u00e3o, mas tamb\u00e9m fortalecer parcerias, vislumbrando oportunidades futuras de est\u00e1gios e outras formas de colabora\u00e7\u00e3o internacional\u201d, finaliza a professora Sibele.<\/p>\r\n[gallery columns=\"2\" size=\"medium\" ids=\"51155,51156,51157,51158\"]\r\n\r\n&nbsp;\r\n\r\n<em>Por Poliana Kovalyk<\/em>\r\n\r\n<hr \/>\r\n\r\n<span style=\"color: #808000\"><strong>Voc\u00ea j\u00e1 conhece o canal de transmiss\u00e3o da Unicentro no WhatsApp?<\/strong><\/span>\r\n\r\nL\u00e1, voc\u00ea encontra not\u00edcias fresquinhas e em primeira m\u00e3o, al\u00e9m de comunicados oficiais, eventos, conquistas da galera e muito mais!\u00a0<span style=\"color: #808000\"><strong><a style=\"color: #808000\" href=\"https:\/\/whatsapp.com\/channel\/0029VaBQlmUEVccJs6JPNB0N\">Clique aqui<\/a><\/strong>\u00a0<\/span>para participar e fique por dentro de tudo o que \u00e9 destaque na nossa universidade.","post_title":"Docentes e discentes da Unicentro participam de confer\u00eancia sul-americana de fisioterapia no Uruguai","post_excerpt":"Evento discutiu avan\u00e7os cient\u00edficos, tecnol\u00f3gicos e formativos na \u00e1rea.","post_status":"publish","comment_status":"open","ping_status":"open","post_password":"","post_name":"docentes-e-discentes-da-unicentro-participam-de-conferencia-mundial-de-fisioterapia-no-uruguai","to_ping":"","pinged":"","post_modified":"2026-04-24 09:38:13","post_modified_gmt":"2026-04-24 12:38:13","post_content_filtered":"","post_parent":0,"guid":"https:\/\/www3.unicentro.br\/noticias\/?p=51141","menu_order":0,"post_type":"post","post_mime_type":"","comment_count":"0","filter":"raw","mobiconnector_feature_image":{"id":51198,"alt_text":"","caption":"","description":"","media_type":"image","post":51141,"source_url":"https:\/\/www3.unicentro.br\/noticias\/wp-content\/uploads\/sites\/3\/2026\/04\/02.jpg","mobiconnector_small":"https:\/\/www3.unicentro.br\/noticias\/wp-content\/uploads\/sites\/3\/","mobiconnector_medium":"https:\/\/www3.unicentro.br\/noticias\/wp-content\/uploads\/sites\/3\/","mobiconnector_large":"https:\/\/www3.unicentro.br\/noticias\/wp-content\/uploads\/sites\/3\/","mobiconnector_x_large":"https:\/\/www3.unicentro.br\/noticias\/wp-content\/uploads\/sites\/3\/"}}],"mobiconnector_full_category":[{"term_id":764,"name":"@ Contato","slug":"contato","term_group":0,"term_taxonomy_id":764,"taxonomy":"category","description":"","parent":0,"count":1,"filter":"raw"},{"term_id":756,"name":"Acontece","slug":"acontece","term_group":0,"term_taxonomy_id":756,"taxonomy":"category","description":"","parent":0,"count":392,"filter":"raw"},{"term_id":787,"name":"Aviso de pauta","slug":"aviso-de-pauta","term_group":0,"term_taxonomy_id":787,"taxonomy":"category","description":"","parent":0,"count":47,"filter":"raw"},{"term_id":28,"name":"Boletins Unicentro FM","slug":"boletins-unicentro-fm","term_group":0,"term_taxonomy_id":28,"taxonomy":"category","description":"","parent":0,"count":19,"filter":"raw"},{"term_id":754,"name":"Concursos","slug":"concursos","term_group":0,"term_taxonomy_id":754,"taxonomy":"category","description":"","parent":0,"count":13,"filter":"raw"},{"term_id":753,"name":"Cultura","slug":"cultura","term_group":0,"term_taxonomy_id":753,"taxonomy":"category","description":"","parent":0,"count":281,"filter":"raw"},{"term_id":898,"name":"Destaques","slug":"destaques","term_group":0,"term_taxonomy_id":898,"taxonomy":"category","description":"","parent":0,"count":14,"filter":"raw"},{"term_id":759,"name":"Estude na Unicentro","slug":"estude-na-unicentro","term_group":0,"term_taxonomy_id":759,"taxonomy":"category","description":"","parent":0,"count":496,"filter":"raw"},{"term_id":760,"name":"Eventos","slug":"eventos","term_group":0,"term_taxonomy_id":760,"taxonomy":"category","description":"","parent":0,"count":932,"filter":"raw"},{"term_id":888,"name":"Extens\u00e3o","slug":"extensao","term_group":0,"term_taxonomy_id":888,"taxonomy":"category","description":"","parent":0,"count":36,"filter":"raw"}],"mobiconnector_next_id":null,"mobiconnector_previous_id":51282,"mobiconnector_categories":[{"cat_ID":2,"cat_name":"Not\u00edcias","cat_slug":"noticias","cat_count":6350,"cat_description":"","cat_parent":0}],"_links":{"self":[{"href":"https:\/\/www3.unicentro.br\/noticias\/wp-json\/wp\/v2\/posts\/36289","targetHints":{"allow":["GET"]}}],"collection":[{"href":"https:\/\/www3.unicentro.br\/noticias\/wp-json\/wp\/v2\/posts"}],"about":[{"href":"https:\/\/www3.unicentro.br\/noticias\/wp-json\/wp\/v2\/types\/post"}],"author":[{"embeddable":true,"href":"https:\/\/www3.unicentro.br\/noticias\/wp-json\/wp\/v2\/users\/9"}],"replies":[{"embeddable":true,"href":"https:\/\/www3.unicentro.br\/noticias\/wp-json\/wp\/v2\/comments?post=36289"}],"version-history":[{"count":2,"href":"https:\/\/www3.unicentro.br\/noticias\/wp-json\/wp\/v2\/posts\/36289\/revisions"}],"predecessor-version":[{"id":36304,"href":"https:\/\/www3.unicentro.br\/noticias\/wp-json\/wp\/v2\/posts\/36289\/revisions\/36304"}],"wp:featuredmedia":[{"embeddable":true,"href":"https:\/\/www3.unicentro.br\/noticias\/wp-json\/wp\/v2\/media\/36297"}],"wp:attachment":[{"href":"https:\/\/www3.unicentro.br\/noticias\/wp-json\/wp\/v2\/media?parent=36289"}],"wp:term":[{"taxonomy":"category","embeddable":true,"href":"https:\/\/www3.unicentro.br\/noticias\/wp-json\/wp\/v2\/categories?post=36289"},{"taxonomy":"post_tag","embeddable":true,"href":"https:\/\/www3.unicentro.br\/noticias\/wp-json\/wp\/v2\/tags?post=36289"}],"curies":[{"name":"wp","href":"https:\/\/api.w.org\/{rel}","templated":true}]}}