{"id":27208,"date":"2023-11-01T16:25:59","date_gmt":"2023-11-01T19:25:59","guid":{"rendered":"https:\/\/www3.unicentro.br\/noticias\/?p=27208"},"modified":"2023-11-01T16:32:41","modified_gmt":"2023-11-01T19:32:41","slug":"unicentro-inaugura-novas-instalacoes-do-cedoc-em-irati","status":"publish","type":"post","link":"https:\/\/www3.unicentro.br\/noticias\/2023\/11\/01\/unicentro-inaugura-novas-instalacoes-do-cedoc-em-irati\/","title":{"rendered":"Unicentro inaugura novas instala\u00e7\u00f5es do Cedoc em Irati"},"content":{"rendered":"<div dir=\"ltr\">\n<p dir=\"ltr\" style=\"text-align: justify\">O Centro de Documenta\u00e7\u00e3o e Mem\u00f3ria do C\u00e2mpus de Irati, o Cedoc, tem agora um novo pr\u00e9dio. O espa\u00e7o, com quase 350m\u00b2, foi inaugurado nesta quarta-feira (1\u00ba), com a presen\u00e7a de autoridades, professores, funcion\u00e1rios e alunos da universidade. \u201c\u00c9 mais uma importante obra, n\u00e3o somente para o curso de Hist\u00f3ria, para os nossos cursos de gradua\u00e7\u00e3o e p\u00f3s-gradua\u00e7\u00e3o, mas tamb\u00e9m para a nossa comunidade aqui de Irati e regi\u00e3o, haja vista que muitas das mem\u00f3rias da nossa regi\u00e3o est\u00e3o aqui no nosso Cedoc\u201d, ressalta o reitor da Unicentro, professor F\u00e1bio Hernandes.<\/p>\n<p dir=\"ltr\" style=\"text-align: justify\">A obra custou cerca de R$ 535 mil e foi viabilizada com recursos pr\u00f3prios da institui\u00e7\u00e3o e com verbas obtidas por meio de emendas parlamentares do deputado federal Sandro Alex, que atualmente \u00e9 secret\u00e1rio de Estado de Infraestrutura e Log\u00edstica do Paran\u00e1. O deputado, que j\u00e1 destinou mais de R$ 10 milh\u00f5es ao C\u00e2mpus de Irati, destacou que \u201co ensino p\u00fablico, gratuito e universal ainda \u00e9, no estado do Paran\u00e1, uma das refer\u00eancias para o Brasil. E as universidades estaduais precisam de apoio, de amparo. Em Irati, constru\u00edmos uma biblioteca, come\u00e7amos a colaborar com os cursos e investimos agora aqui no novo Centro de Documenta\u00e7\u00e3o. Vamos entregar o gin\u00e1sio do curso de Educa\u00e7\u00e3o F\u00edsica, e estamos avan\u00e7ando com obras estrat\u00e9gicas, junto com o professor Aldo Bona, que hoje \u00e9 o secret\u00e1rio da Ci\u00eancia, Tecnologia e Ensino Superior, junto com a Reitoria, as atuais diretoras, ex-diretores, alunos e com a comunidade\u201d.<\/p>\n<div class=\"wp-block-image\">\n<div id=\"attachment_27214\" style=\"width: 419px\" class=\"wp-caption alignleft\"><img loading=\"lazy\" decoding=\"async\" aria-describedby=\"caption-attachment-27214\" class=\"wp-image-27214 size-thumb_409x258\" src=\"https:\/\/www3.unicentro.br\/noticias\/wp-content\/uploads\/sites\/3\/2023\/11\/WhatsApp-Image-2023-11-01-at-15.20.51-409x258.jpeg\" alt=\"\" width=\"409\" height=\"258\" srcset=\"https:\/\/www3.unicentro.br\/noticias\/wp-content\/uploads\/sites\/3\/2023\/11\/WhatsApp-Image-2023-11-01-at-15.20.51-409x258.jpeg 409w, https:\/\/www3.unicentro.br\/noticias\/wp-content\/uploads\/sites\/3\/2023\/11\/WhatsApp-Image-2023-11-01-at-15.20.51-139x89.jpeg 139w, https:\/\/www3.unicentro.br\/noticias\/wp-content\/uploads\/sites\/3\/2023\/11\/WhatsApp-Image-2023-11-01-at-15.20.51-818x516.jpeg 818w\" sizes=\"auto, (max-width: 409px) 100vw, 409px\" \/><p id=\"caption-attachment-27214\" class=\"wp-caption-text\"><em>Espa\u00e7o tem quase 350m\u00b2 e conta com acervo, salas de estudos, sala de administra\u00e7\u00e3o e banheiros acess\u00edveis (Foto: Coorc) <\/em><\/p><\/div>\n<\/div>\n<p dir=\"ltr\" style=\"text-align: justify\">Diretora do C\u00e2mpus de Irati, a professora Andrea Nogueira Dias lembrou que muitas dessas obras conseguiram ser retomadas nos \u00faltimos dois anos, depois de serem interrompidas durante a pandemia. \u201cAssim como a obra \u00e9 constru\u00edda tijolo por tijolo, n\u00f3s s\u00f3 conseguimos fazer isso com o apoio da comunidade interna, que s\u00e3o os professores, os agentes, os acad\u00eamicos, a Reitoria que nos apoia para que isso seja viabilizado, e com os recursos externos, porque juntamente com o Governo, n\u00f3s precisamos dessa for\u00e7a pol\u00edtica para que essas emendas saiam e a gente consiga realizar essas obras no C\u00e2mpus\u201d, salienta.<\/p>\n<p dir=\"ltr\" style=\"text-align: justify\">Para a chefe da Divis\u00e3o do Centro de Documenta\u00e7\u00e3o e Mem\u00f3ria, professora M\u00e9ri Frotscher Kramer, a amplia\u00e7\u00e3o da estrutura do Cedoc \u00e9 fundamental para a melhoria das condi\u00e7\u00f5es de trabalho da equipe e da qualidade dos servi\u00e7os prestados. Ela lembra que o local atende tanto \u00e0 comunidade acad\u00eamica, sendo um laborat\u00f3rio que oferece suporte \u00e0s atividades de ensino, pesquisa e extens\u00e3o, quanto \u00e0 sociedade em geral. \u201cEle \u00e9 um \u00f3rg\u00e3o muito importante, porque ele tem como principal objetivo captar acervos de valor hist\u00f3rico n\u00e3o s\u00f3 para a Unicentro, mas tamb\u00e9m para entidades da sociedade civil, \u00f3rg\u00e3os p\u00fablicos, empresas e particulares da comunidade, n\u00e3o s\u00f3 de Irati, mas tamb\u00e9m de toda a regi\u00e3o centro-sul do Paran\u00e1. Tem ainda como objetivo o tratamento arquiv\u00edstico desse material e o preparo desse material para o acesso a pesquisadores e tamb\u00e9m para a consulta\u201d, destaca a docente.<\/p>\n<p dir=\"ltr\" style=\"text-align: justify\">Durante o evento desta quarta-feira, tamb\u00e9m foi oficializado o conv\u00eanio entre a Unicentro e a Prefeitura de Irati, por meio da Secretaria de Cultura e Turismo, para o tratamento dos arquivos que estavam guardados no museu da cidade. \u201cN\u00f3s reunimos a documenta\u00e7\u00e3o produzida pelo Executivo e armazenada no Museu Municipal do per\u00edodo de 1907, que \u00e9 a emancipa\u00e7\u00e3o do munic\u00edpio, at\u00e9 2004, ainda que com grandes lacunas. H\u00e1 uma documenta\u00e7\u00e3o farta do in\u00edcio da d\u00e9cada de 1920, 1930, que registra o movimento da cidade, o crescimento urbano, a organiza\u00e7\u00e3o do espa\u00e7o urbano, a quest\u00e3o do legislativo, as leis que foram promulgadas nesse per\u00edodo, quest\u00f5es de fiscaliza\u00e7\u00e3o, de inspetores. \u00c9 uma documenta\u00e7\u00e3o muito interessante, muito incr\u00edvel, porque \u00e9 toda manuscrita\u201d, relata a arquivista M\u00e1rcia Dor\u00e9.<\/p>\n<div id=\"attachment_27215\" style=\"width: 419px\" class=\"wp-caption alignright\"><img loading=\"lazy\" decoding=\"async\" aria-describedby=\"caption-attachment-27215\" class=\"wp-image-27215 size-thumb_409x258\" src=\"https:\/\/www3.unicentro.br\/noticias\/wp-content\/uploads\/sites\/3\/2023\/11\/WhatsApp-Image-2023-11-01-at-15.22.31-409x258.jpeg\" alt=\"\" width=\"409\" height=\"258\" srcset=\"https:\/\/www3.unicentro.br\/noticias\/wp-content\/uploads\/sites\/3\/2023\/11\/WhatsApp-Image-2023-11-01-at-15.22.31-409x258.jpeg 409w, https:\/\/www3.unicentro.br\/noticias\/wp-content\/uploads\/sites\/3\/2023\/11\/WhatsApp-Image-2023-11-01-at-15.22.31-139x89.jpeg 139w, https:\/\/www3.unicentro.br\/noticias\/wp-content\/uploads\/sites\/3\/2023\/11\/WhatsApp-Image-2023-11-01-at-15.22.31-818x516.jpeg 818w\" sizes=\"auto, (max-width: 409px) 100vw, 409px\" \/><p id=\"caption-attachment-27215\" class=\"wp-caption-text\"><em>Conv\u00eanio com a Prefeitura de Irati prev\u00ea a realiza\u00e7\u00e3o de tratamento t\u00e9cnico do acervo do Museu Municipal (Foto: Coorc)<\/em><\/p><\/div>\n<p dir=\"ltr\" style=\"text-align: justify\">O prefeito de Irati, Jorge Derbli, foi mais um dos que celebrou a parceria. \u201c\u00c9 um tesouro que n\u00f3s temos no Cedoc. N\u00f3s temos arquivada aqui a hist\u00f3ria da Unicentro, de Irati, dos munic\u00edpios da regi\u00e3o. Que traz para n\u00f3s o passado, que a gente vai ver no jornal, vai ver nos livros, vai ver agora num arquivo digital daqui para frente, que vai servir para o curso de Hist\u00f3ria, para toda a comunidade\u201d, enfatiza Derbli.<\/p>\n<p dir=\"ltr\" style=\"text-align: justify\">Para o vice-reitor da Unicentro, professor Ademir Fanfa Ribas, a pr\u00f3pria inaugura\u00e7\u00e3o \u00e9 um marco importante, que deve ser preservado como exemplo da relev\u00e2ncia do ensino superior p\u00fablico. \u201cN\u00f3s temos um trip\u00e9 muito claro, que \u00e9 o ensino, a pesquisa e a extens\u00e3o. E hoje n\u00f3s estamos demonstrando isso. Quantas pesquisas foram feitas aqui, quantos professores de Hist\u00f3ria que est\u00e3o agora no Estado, nas escolas particulares, aprenderam a manusear os conte\u00fados hist\u00f3ricos atrav\u00e9s deste centro. Isso \u00e9 fundamental para o desenvolvimento do nosso Estado. A gente pode passar um bom tempo ali, lendo, aprendendo, conhecendo. Daqui 100 anos, 200 anos, eu espero que as pr\u00f3ximas gera\u00e7\u00f5es tamb\u00e9m tenham um Cedoc, e que algu\u00e9m possa estar pesquisando momentos como esse da import\u00e2ncia da universidade p\u00fablica\u201d.<\/p>\n<\/div>\n<p><strong>Para conhecer mais sobre o trabalho desenvolvido pelo CEDOC, voc\u00ea pode assistir \u00e0 participa\u00e7\u00e3o da professora M\u00e9ri Frotscher Kramer na 7\u00aa Semana Nacional de Arquivos:<\/strong><\/p>\n<p>&nbsp;<\/p>\n<p><iframe loading=\"lazy\" title=\"Mesa - Centros de Documenta\u00e7\u00e3o do Paran\u00e1: perspectivas contempor\u00e2neas - Parte 01\" width=\"900\" height=\"506\" src=\"https:\/\/www.youtube.com\/embed\/nCzxIS4Uf0w?start=2897&#038;feature=oembed\" frameborder=\"0\" allow=\"accelerometer; autoplay; clipboard-write; encrypted-media; gyroscope; picture-in-picture; web-share\" allowfullscreen><\/iframe><\/p>\n<p><strong>\u00a0<\/strong><\/p>\n<div dir=\"ltr\"><\/div>\n","protected":false},"excerpt":{"rendered":"<p>Na ocasi\u00e3o tamb\u00e9m foi assinado um termo de coopera\u00e7\u00e3o entre a universidade e Prefeitura de Irati para tratamento do acervo do Museu Municipal <a class=\"continue\" href=\"https:\/\/www3.unicentro.br\/noticias\/2023\/11\/01\/unicentro-inaugura-novas-instalacoes-do-cedoc-em-irati\/\"><span> Unicentro inaugura novas instala\u00e7\u00f5es do Cedoc em Irati<\/span><\/a><\/p>\n","protected":false},"author":578,"featured_media":27213,"comment_status":"open","ping_status":"open","sticky":false,"template":"","format":"standard","meta":{"_exactmetrics_skip_tracking":false,"_exactmetrics_sitenote_active":false,"_exactmetrics_sitenote_note":"","_exactmetrics_sitenote_category":0,"fifu_image_url":"","fifu_image_alt":"","footnotes":"","_links_to":"","_links_to_target":""},"categories":[2],"tags":[],"class_list":["post-27208","post","type-post","status-publish","format-standard","has-post-thumbnail","hentry","category-noticias"],"mobiconnector_feature_image":{"id":27213,"alt_text":"","caption":"","description":"","media_type":"image","post":27208,"source_url":"https:\/\/www3.unicentro.br\/noticias\/wp-content\/uploads\/sites\/3\/2023\/11\/WhatsApp-Image-2023-11-01-at-15.25.25.jpeg","mobiconnector_small":"https:\/\/www3.unicentro.br\/noticias\/wp-content\/uploads\/sites\/3\/2023\/11\/whatsapp-image-2023-11-01-at-15.25.25_mobiconnector_small_320_240.jpeg","mobiconnector_medium":"https:\/\/www3.unicentro.br\/noticias\/wp-content\/uploads\/sites\/3\/2023\/11\/whatsapp-image-2023-11-01-at-15.25.25_mobiconnector_medium_480_360.jpeg","mobiconnector_large":"https:\/\/www3.unicentro.br\/noticias\/wp-content\/uploads\/sites\/3\/2023\/11\/whatsapp-image-2023-11-01-at-15.25.25_mobiconnector_large_752_564.jpeg","mobiconnector_x_large":"https:\/\/www3.unicentro.br\/noticias\/wp-content\/uploads\/sites\/3\/2023\/11\/whatsapp-image-2023-11-01-at-15.25.25_mobiconnector_x_large_1080_810.jpeg"},"mobiconnector_total_comments":{"approved":0,"spam":0,"trash":0,"post-trashed":0,"all":0,"total_comments":0,"moderated":0},"mobiconnector_author_name":"Wyllian Correa","mobiconnector_total_views":"1","mobiconnector_comments":[],"mobiconnector_posts_incategory":[{"ID":51337,"post_author":"9","post_date":"2026-04-28T11:16:04","post_date_gmt":"2026-04-28T14:16:04","post_content":"&nbsp;\r\n<h3 style=\"text-align: center\" data-start=\"1775\" data-end=\"1789\"><sup><em>Inscri\u00e7\u00f5es seguem at\u00e9 10 de maio e contemplam acad\u00eamica dos c\u00e2mpus Santa Cruz ou Cedeteg<\/em><\/sup><\/h3>\r\n<p style=\"text-align: justify\" data-start=\"237\" data-end=\"500\">A <span class=\"hover:entity-accent entity-underline inline cursor-pointer align-baseline\"><span class=\"whitespace-normal\">Universidade Estadual do Centro-Oeste<\/span><\/span> est\u00e1 com inscri\u00e7\u00f5es abertas para o preenchimento de uma vaga remanescente de moradia estudantil feminina referente ao primeiro semestre letivo de 2026, em Guarapuava. As interessadas podem se inscrever at\u00e9 o dia 10 de maio.<\/p>\r\n<p style=\"text-align: justify\" data-start=\"237\" data-end=\"500\"><span style=\"font-weight: 400\">A oportunidade integra o Programa de Moradia Estudantil (More), vinculado a Pr\u00f3-Reitoria de Apoio aos Estudantes (Proae), que tem como objetivo oferecer vagas, de car\u00e1ter pessoal e intransfer\u00edvel, na Casa Universit\u00e1ria para estudantes de gradua\u00e7\u00e3o presencial que n\u00e3o residam no munic\u00edpio de Guarapuava. <\/span><span style=\"font-weight: 400\">A vaga dispon\u00edvel \u00e9 destinada exclusivamente a estudante do sexo feminino, regularmente matriculada em curso presencial de gradua\u00e7\u00e3o da Unicentro, nos c\u00e2mpus Santa Cruz ou Cedeteg.<\/span><\/p>\r\n<p style=\"text-align: justify\" data-start=\"989\" data-end=\"1419\">Para participar da sele\u00e7\u00e3o, a candidata deve possuir renda familiar per capita de at\u00e9 um sal\u00e1rio m\u00ednimo nacional, n\u00e3o residir em Guarapuava nem ter n\u00facleo familiar no munic\u00edpio, estar cursando a primeira gradua\u00e7\u00e3o, ter no m\u00ednimo 18 anos completos ou ser emancipada e residir em munic\u00edpio que n\u00e3o ofere\u00e7a transporte p\u00fablico para os c\u00e2mpus da universidade, ou em zona rural ou distritos sem acesso ao servi\u00e7o.<\/p>\r\n<p style=\"text-align: justify\" data-start=\"1421\" data-end=\"1555\"><span style=\"font-weight: 400\">Mais informa\u00e7\u00f5es sobre o processo seletivo, documenta\u00e7\u00e3o necess\u00e1ria e crit\u00e9rios de avalia\u00e7\u00e3o podem ser consultadas no<\/span><a href=\"https:\/\/www3.unicentro.br\/proae\/wp-content\/uploads\/sites\/4\/2026\/04\/Edital_28.2026_moradia_guarapuava_29_assinado-1.pdf\" target=\"_blank\" rel=\"noopener\"><span style=\"font-weight: 400\"> <strong>edital<\/strong><\/span><\/a><strong>.<\/strong><\/p>\r\n\r\n\r\n<hr \/>\r\n\r\n<span style=\"color: #808000\"><strong>Voc\u00ea j\u00e1 conhece o canal de transmiss\u00e3o da Unicentro no WhatsApp?<\/strong><\/span>\r\n\r\nL\u00e1, voc\u00ea encontra not\u00edcias fresquinhas e em primeira m\u00e3o, al\u00e9m de comunicados oficiais, eventos, conquistas da galera e muito mais!\u00a0<span style=\"color: #808000\"><strong><a style=\"color: #808000\" href=\"https:\/\/whatsapp.com\/channel\/0029VaBQlmUEVccJs6JPNB0N\">Clique aqui<\/a><\/strong>\u00a0<\/span>para participar e fique por dentro de tudo o que \u00e9 destaque na nossa universidade.","post_title":"Pr\u00f3-Reitoria de Apoio aos Estudantes abre inscri\u00e7\u00e3o para vaga remanescente de moradia estudantil feminina em Guarapuava","post_excerpt":"Inscri\u00e7\u00f5es seguem at\u00e9 10 de maio e contemplam acad\u00eamica dos c\u00e2mpus Santa Cruz ou Cedeteg.","post_status":"publish","comment_status":"open","ping_status":"open","post_password":"","post_name":"pro-reitoria-de-apoio-aos-estudantes-abre-inscricao-para-vaga-remanescente-de-moradia-estudantil-feminina-em-guarapuava","to_ping":"","pinged":"","post_modified":"2026-04-28 11:16:04","post_modified_gmt":"2026-04-28 14:16:04","post_content_filtered":"","post_parent":0,"guid":"https:\/\/www3.unicentro.br\/noticias\/?p=51337","menu_order":0,"post_type":"post","post_mime_type":"","comment_count":"0","filter":"raw","mobiconnector_feature_image":{"id":51343,"alt_text":"","caption":"","description":"","media_type":"image","post":51337,"source_url":"https:\/\/www3.unicentro.br\/noticias\/wp-content\/uploads\/sites\/3\/2026\/04\/study-789631_1280.webp","mobiconnector_small":"https:\/\/www3.unicentro.br\/noticias\/wp-content\/uploads\/sites\/3\/","mobiconnector_medium":"https:\/\/www3.unicentro.br\/noticias\/wp-content\/uploads\/sites\/3\/","mobiconnector_large":"https:\/\/www3.unicentro.br\/noticias\/wp-content\/uploads\/sites\/3\/","mobiconnector_x_large":"https:\/\/www3.unicentro.br\/noticias\/wp-content\/uploads\/sites\/3\/"}},{"ID":51327,"post_author":"9","post_date":"2026-04-28T10:25:56","post_date_gmt":"2026-04-28T13:25:56","post_content":"&nbsp;\r\n<h3 style=\"text-align: center\" data-start=\"1775\" data-end=\"1789\"><sup><em>Realizado nos tr\u00eas c\u00e2mpus da universidade, evento aborda regulamentos e temas como comunica\u00e7\u00e3o e postura no ambiente de trabalho<\/em><\/sup><\/h3>\r\n<p style=\"text-align: justify\">A Universidade Estadual do Centro-Oeste (Unicentro) realiza nesta semana a recep\u00e7\u00e3o de aproximadamente 200 estagi\u00e1rios que atuar\u00e3o na institui\u00e7\u00e3o em 2026. A iniciativa da Pr\u00f3-Reitoria de Gest\u00e3o de Pessoas (Progesp) teve in\u00edcio na \u00faltima segunda-feira (27), no c\u00e2mpus Santa Cruz, e contou com palestras visando o crescimento e aperfei\u00e7oamento das rotinas de trabalho.<\/p>\r\n<p style=\"text-align: justify\">Durante o encontro, a professora do Departamento de Comunica\u00e7\u00e3o Social, Andressa Rickli, abordou a import\u00e2ncia de uma comunica\u00e7\u00e3o efetiva no ambiente de trabalho. J\u00e1 a t\u00e9cnica administrativa da Progesp, Helissa Gon\u00e7alves Rosa, apresentou as normas e os procedimentos relacionados ao est\u00e1gio na universidade.<\/p>\r\n<p style=\"text-align: justify\">Para a estagi\u00e1ria do Departamento de Pedagogia, Maria Paula de Oliveira, a recep\u00e7\u00e3o foi imprescind\u00edvel para estar mais confiante na realiza\u00e7\u00e3o das atividades. Acad\u00eamica do segundo ano de Pedagogia, ela destaca que a Unicentro tem muitas oportunidades e \u00e9 um \u00f3timo lugar para se come\u00e7ar a vida profissional. \u201c\u00c9 muito f\u00e1cil de voc\u00ea conseguir engatar uma carreira depois que voc\u00ea passa por aqui, acho que \u00e9 um bom crit\u00e9rio para ter no curr\u00edculo\u201d, afirma.<\/p>\r\n<p style=\"text-align: justify\">A diretora de Desenvolvimento de Pessoas, M\u00e1rcia Marconato, explica que todo ano cerca de 80% do quadro de estagi\u00e1rios se renova, ent\u00e3o \u00e9 preciso proporcionar uma orienta\u00e7\u00e3o para os estudantes no primeiro contato com o mercado de trabalho. \u201cN\u00f3s proporcionamos uma oficina para falar de postura profissional, regulamentos, normas, hierarquias, que n\u00f3s somos uma equipe, da import\u00e2ncia deles para a institui\u00e7\u00e3o, como ter um bom desempenho e que esse est\u00e1gio abre portas para outras oportunidades\u201d, explica.<\/p>\r\n<p style=\"text-align: justify\">Angelo Gabriel Machado, estagi\u00e1rio da Diretoria de Pessoal e aluno do 2\u00ba ano de Administra\u00e7\u00e3o, conta que \u00e9 essencial relembrar as quest\u00f5es t\u00e9cnicas e de comportamento no trabalho. De acordo com ele, o est\u00e1gio abre muitas portas e complementa muito para fornecer uma vis\u00e3o mais pr\u00e1tica da profiss\u00e3o. \u201cAbre muito meu leque de oportunidades de trabalho porque j\u00e1 apareceram v\u00e1rias designadas \u00e0 fun\u00e7\u00e3o que eu fa\u00e7o aqui. Ent\u00e3o, o meu est\u00e1gio na Unicentro hoje me ajuda muito para o meu trabalho fora daqui\u201d, acrescenta.<\/p>\r\nAs atividades de recep\u00e7\u00e3o e ambienta\u00e7\u00e3o dos estagi\u00e1rios continuam nesta ter\u00e7a-feira (28), no c\u00e2mpus Cedeteg, em Guarapuava, e ser\u00e3o encerradas na quarta-feira (30), no c\u00e2mpus de Irati.\r\n\r\n[gallery size=\"medium\" ids=\"51331,51330,51328\"]\r\n\r\n&nbsp;\r\n\r\n<em>Por Milena Kammer, com supervis\u00e3o de Giovani Ciquelero<\/em>\r\n\r\n<hr \/>\r\n\r\n<span style=\"color: #808000\"><strong>Voc\u00ea j\u00e1 conhece o canal de transmiss\u00e3o da Unicentro no WhatsApp?<\/strong><\/span>\r\n\r\nL\u00e1, voc\u00ea encontra not\u00edcias fresquinhas e em primeira m\u00e3o, al\u00e9m de comunicados oficiais, eventos, conquistas da galera e muito mais!\u00a0<span style=\"color: #808000\"><strong><a style=\"color: #808000\" href=\"https:\/\/whatsapp.com\/channel\/0029VaBQlmUEVccJs6JPNB0N\">Clique aqui<\/a><\/strong>\u00a0<\/span>para participar e fique por dentro de tudo o que \u00e9 destaque na nossa universidade.","post_title":"Pr\u00f3-Reitoria de Gest\u00e3o de Pessoas promove recep\u00e7\u00e3o e ambienta\u00e7\u00e3o para estagi\u00e1rios de 2026","post_excerpt":"Realizado nos tr\u00eas c\u00e2mpus da universidade, evento aborda regulamentos e temas como comunica\u00e7\u00e3o e postura no ambiente de trabalho.","post_status":"publish","comment_status":"open","ping_status":"open","post_password":"","post_name":"pro-reitoria-de-gestao-de-pessoas-promove-recepcao-e-ambientacao-para-estagiarios-de-2026","to_ping":"","pinged":"","post_modified":"2026-04-28 10:26:59","post_modified_gmt":"2026-04-28 13:26:59","post_content_filtered":"","post_parent":0,"guid":"https:\/\/www3.unicentro.br\/noticias\/?p=51327","menu_order":0,"post_type":"post","post_mime_type":"","comment_count":"0","filter":"raw","mobiconnector_feature_image":{"id":51334,"alt_text":"","caption":"","description":"","media_type":"image","post":51327,"source_url":"https:\/\/www3.unicentro.br\/noticias\/wp-content\/uploads\/sites\/3\/2026\/04\/IMG_8049.jpg","mobiconnector_small":"https:\/\/www3.unicentro.br\/noticias\/wp-content\/uploads\/sites\/3\/","mobiconnector_medium":"https:\/\/www3.unicentro.br\/noticias\/wp-content\/uploads\/sites\/3\/","mobiconnector_large":"https:\/\/www3.unicentro.br\/noticias\/wp-content\/uploads\/sites\/3\/","mobiconnector_x_large":"https:\/\/www3.unicentro.br\/noticias\/wp-content\/uploads\/sites\/3\/"}},{"ID":51305,"post_author":"9","post_date":"2026-04-28T09:10:50","post_date_gmt":"2026-04-28T12:10:50","post_content":"&nbsp;\r\n<h3 style=\"text-align: center\" data-start=\"1775\" data-end=\"1789\"><sup><em>A\u00e7\u00e3o do curso de Enfermagem oferece exames, orienta\u00e7\u00f5es e vacina\u00e7\u00e3o gratuita<\/em><\/sup><\/h3>\r\n<p style=\"text-align: justify\">Motoristas de caminh\u00e3o que passam pela Cooperativa Agr\u00e1ria Agroindustrial est\u00e3o recebendo atendimento de sa\u00fade gratuito por meio de uma a\u00e7\u00e3o desenvolvida por acad\u00eamicos da Universidade Estadual do Centro-Oeste (Unicentro). As atividades come\u00e7aram na \u00faltima segunda-feira (27) e seguem nesta ter\u00e7a-feira-feira, no p\u00e1tio da unidade de Guarapuava. Na quarta-feira (29), a programa\u00e7\u00e3o continua em Entre Rios, na Col\u00f4nia Vit\u00f3ria.<\/p>\r\n<p style=\"text-align: justify\">A iniciativa faz parte da disciplina de Sa\u00fade Coletiva, do quarto ano do curso de Enfermagem, e integra a proposta de curriculariza\u00e7\u00e3o da extens\u00e3o, que aproxima os estudantes das demandas reais da popula\u00e7\u00e3o.<\/p>\r\n<p style=\"text-align: justify\">De acordo com a professora Tatiane Baratieri, respons\u00e1vel pela a\u00e7\u00e3o, o foco \u00e9 um p\u00fablico historicamente vulner\u00e1vel no acesso \u00e0 sa\u00fade. \u201cOs caminhoneiros aut\u00f4nomos s\u00e3o trabalhadores que, muitas vezes, n\u00e3o t\u00eam acompanhamento peri\u00f3dico, plano de sa\u00fade ou acesso facilitado a consultas e exames. A proposta foi justamente selecionar um grupo com maior necessidade de aten\u00e7\u00e3o e desenvolver uma abordagem completa, voltada \u00e0 sa\u00fade do trabalhador\u201d, explica.<\/p>\r\n<p style=\"text-align: justify\">A programa\u00e7\u00e3o inclui aferi\u00e7\u00e3o de press\u00e3o arterial, teste de glicemia capilar, aplica\u00e7\u00e3o de question\u00e1rios de rastreamento e orienta\u00e7\u00f5es personalizadas. Entre os temas abordados est\u00e3o risco cardiovascular, preven\u00e7\u00e3o do diabetes, uso correto de medicamentos, sa\u00fade mental, qualidade do sono e preven\u00e7\u00e3o de infec\u00e7\u00f5es sexualmente transmiss\u00edveis (ISTs). Tamb\u00e9m s\u00e3o distribu\u00eddos materiais educativos e kits de preven\u00e7\u00e3o, al\u00e9m da oferta da vacina contra a influenza.<\/p>\r\n<p style=\"text-align: justify\">Outro diferencial da a\u00e7\u00e3o \u00e9 a adapta\u00e7\u00e3o das orienta\u00e7\u00f5es \u00e0 rotina dos caminhoneiros. \u201cPensamos em estrat\u00e9gias que realmente fa\u00e7am sentido para quem vive na estrada, como sugest\u00f5es de alimenta\u00e7\u00e3o poss\u00edvel nos pontos de parada e atividades f\u00edsicas que podem ser feitas dentro ou fora do caminh\u00e3o\u201d, destaca a professora.<\/p>\r\n<p style=\"text-align: justify\">Para o supervisor de log\u00edstica da cooperativa, Bruno Nunes Smuczek, a iniciativa tem impacto direto n\u00e3o apenas na sa\u00fade dos trabalhadores, mas tamb\u00e9m na seguran\u00e7a nas rodovias. \u201c\u00c9 uma classe muito importante para o pa\u00eds e, ao mesmo tempo, pouco assistida. Eles passam muito tempo sozinhos, vivem sob tens\u00e3o, com alimenta\u00e7\u00e3o pouco adequada. Esse acompanhamento \u00e9 fundamental para que se sintam valorizados e, ao mesmo tempo, isso contribui para um tr\u00e2nsito mais seguro\u201d, avalia.<\/p>\r\n<p style=\"text-align: justify\">Para os acad\u00eamicos, a experi\u00eancia tamb\u00e9m \u00e9 um momento essencial de forma\u00e7\u00e3o, conforme apontou a estudante Kamili Rafaeli Gomes. \u201cPara n\u00f3s, \u00e9 a oportunidade de colocar em pr\u00e1tica todo o conhecimento que constru\u00edmos ao longo do curso, percebendo, na realidade, o impacto disso na vida das pessoas\u201d, afirma.<\/p>\r\n<p style=\"text-align: justify\">Ela refor\u00e7a que esse contato direto com a comunidade contribui para a forma\u00e7\u00e3o de profissionais mais preparados e sens\u00edveis \u00e0s diferentes realidades. \u201cA gente atua tanto na preven\u00e7\u00e3o quanto na promo\u00e7\u00e3o da sa\u00fade, identificando fatores de risco e orientando sobre h\u00e1bitos mais saud\u00e1veis. \u00c9 uma popula\u00e7\u00e3o que muitas vezes n\u00e3o consegue acessar os servi\u00e7os de sa\u00fade, e estar aqui faz a gente perceber o quanto esse cuidado \u00e9 necess\u00e1rio\u201d, completa.<\/p>\r\n[gallery columns=\"2\" size=\"medium\" ids=\"51307,51306,51308,51310\"]\r\n\r\n&nbsp;\r\n\r\n<em>Por Poliana Kovalyk<\/em>\r\n\r\n<hr \/>\r\n\r\n<span style=\"color: #808000\"><strong>Voc\u00ea j\u00e1 conhece o canal de transmiss\u00e3o da Unicentro no WhatsApp?<\/strong><\/span>\r\n\r\nL\u00e1, voc\u00ea encontra not\u00edcias fresquinhas e em primeira m\u00e3o, al\u00e9m de comunicados oficiais, eventos, conquistas da galera e muito mais!\u00a0<span style=\"color: #808000\"><strong><a style=\"color: #808000\" href=\"https:\/\/whatsapp.com\/channel\/0029VaBQlmUEVccJs6JPNB0N\">Clique aqui<\/a><\/strong>\u00a0<\/span>para participar e fique por dentro de tudo o que \u00e9 destaque na nossa universidade.","post_title":"Unicentro leva atendimento de sa\u00fade a motoristas de caminh\u00e3o na Cooperativa Agr\u00e1ria","post_excerpt":"A\u00e7\u00e3o do curso de Enfermagem oferece exames, orienta\u00e7\u00f5es e vacina\u00e7\u00e3o gratuita.","post_status":"publish","comment_status":"open","ping_status":"open","post_password":"","post_name":"unicentro-leva-atendimento-de-saude-a-motoristas-de-caminhao-na-cooperativa-agraria","to_ping":"","pinged":"","post_modified":"2026-04-28 09:10:50","post_modified_gmt":"2026-04-28 12:10:50","post_content_filtered":"","post_parent":0,"guid":"https:\/\/www3.unicentro.br\/noticias\/?p=51305","menu_order":0,"post_type":"post","post_mime_type":"","comment_count":"0","filter":"raw","mobiconnector_feature_image":{"id":51325,"alt_text":"","caption":"","description":"","media_type":"image","post":51305,"source_url":"https:\/\/www3.unicentro.br\/noticias\/wp-content\/uploads\/sites\/3\/2026\/04\/IMG_5614.jpg","mobiconnector_small":"https:\/\/www3.unicentro.br\/noticias\/wp-content\/uploads\/sites\/3\/","mobiconnector_medium":"https:\/\/www3.unicentro.br\/noticias\/wp-content\/uploads\/sites\/3\/","mobiconnector_large":"https:\/\/www3.unicentro.br\/noticias\/wp-content\/uploads\/sites\/3\/","mobiconnector_x_large":"https:\/\/www3.unicentro.br\/noticias\/wp-content\/uploads\/sites\/3\/"}},{"ID":51313,"post_author":"255","post_date":"2026-04-27T15:21:21","post_date_gmt":"2026-04-27T18:21:21","post_content":"<p style=\"text-align: justify\">A Universidade Estadual do Centro-Oeste (Unicentro), por meio da Coordenadoria de Rela\u00e7\u00f5es Internacionais (Coori), promoveu nesta segunda-feira (27), a recep\u00e7\u00e3o oficial dos alunos do Programa de Estudantes-Conv\u00eanio de Gradua\u00e7\u00e3o (PEC-G) e Portugu\u00eas como L\u00edngua Estrangeira (PEC-PLE).<\/p>\r\n<p style=\"text-align: justify\">Neste ano, a universidade est\u00e1 recebendo alunos origin\u00e1rios de Angola, Guin\u00e9-Bissau, Rep\u00fablica do\u00a0Congo, Senegal e Panam\u00e1. \u201c\u00c9 um momento para que a comunidade acad\u00eamica conhe\u00e7a o trabalho que \u00e9 feito na institui\u00e7\u00e3o por meio desses programas de mobilidade internacional\u201d, compartilha a coordenadora de Rela\u00e7\u00f5es Internacionais, Cibele Krause Lemke. \u201cA Unicentro tem trabalhado junto ao Minist\u00e9rio de Rela\u00e7\u00f5es Exteriores para proporcionar essa possibilidade, que diferentes estudantes, sobretudo da \u00c1frica, tenham acesso tanto ao ensino superior na nossa institui\u00e7\u00e3o, como tamb\u00e9m aos cursos de l\u00edngua portuguesa na universidade\u201d, acrescenta a professora.<\/p>\r\n<p style=\"text-align: justify\">\u00c1lvaro Alonso de Le\u00f3n Quintero, um dos quatro estudantes que est\u00e3o na Unicentro por meio do PLE, veio do Panam\u00e1 e vai ficar em Guarapuava at\u00e9 novembro deste ano. O estudante avalia como positiva a participa\u00e7\u00e3o no programa. \u201cEu acho que ajuda muito para compreender a l\u00edngua, ajuda a praticar muito. Minha expectativa \u00e9 falar como um nativo\u201d, projeta.<\/p>\r\n<p style=\"text-align: justify\">Pelo PEC-G, o estudante Auric\u00e9lio Vidi da Cunha Insali, que veio da Guin\u00e9-Bissau, est\u00e1 matriculado no curso de Ci\u00eancia da Computa\u00e7\u00e3o. \u201cEstou aqui h\u00e1 dois meses, conhecendo as pessoas e fazendo muitas amizades\u201d, conta. \u201cEstou gostando muito de estar aqui, aprendendo bastante e me adaptando principalmente porque o portugu\u00eas que eu falava l\u00e1 na Guin\u00e9 \u00e9 bem diferente do que eu estou ouvindo aqui\u201d, compartilha.<\/p>\r\n[gallery link=\"file\" size=\"large\" ids=\"51318,51317,51316\"]\r\n<p style=\"text-align: justify\">Durante a recep\u00e7\u00e3o, a Coori ainda destacou o apoio de diversos setores da institui\u00e7\u00e3o, como a Reitoria, a Pr\u00f3-Reitoria de Extens\u00e3o e Cultura (Proec) e a Coordenadoria de Apoio ao Estudante (Coorae). As possibilidades de participa\u00e7\u00e3o em atividades ofertas pela universidade \u2013 como esporte, m\u00fasica e cursos de idiomas \u2013 tamb\u00e9m foram apresentadas aos estudantes. \u201cNesse momento, esses estudantes t\u00eam um reconhecimento da universidade que os acolhe. Eles precisam conhecer a estrutura da nossa universidade, todos os departamentos e pr\u00f3-reitorias que atuam nesse acolhimento\u201d, destaca a professora Cibele.<\/p>\r\n<p style=\"text-align: justify\">Para o reitor F\u00e1bio Hernandes, o crescente n\u00famero de estudantes estrangeiros demonstra o fortalecimento do processo de internacionaliza\u00e7\u00e3o da universidade. \u201cA vinda deles tem feito com que a Unicentro seja ainda mais reconhecida internacionalmente, porque a partir da vinda deles n\u00f3s estamos conseguindo tamb\u00e9m algumas parcerias com os pa\u00edses de origem\u201d, pontua. \u201cTamb\u00e9m demonstra que somos uma universidade voltada a todos, uma universidade plural e inclusiva. Isso faz com que sejamos ainda mais reconhecidos internacionalmente. \u00c9 esse o nosso foco, ser essa universidade transformadora\u201d, afirma.<\/p>\r\n<p style=\"text-align: justify\">Sobre os Programas \u2013 O Programa de Estudantes-Conv\u00eanio de Gradua\u00e7\u00e3o (PEC-G), \u00e9 uma iniciativa do Minist\u00e9rio das Rela\u00e7\u00f5es Exteriores em parceria com institui\u00e7\u00f5es de Ensino Superior brasileiras. Nessa modalidade, os estudantes internacionais v\u00eam ao Brasil com o curso de gradua\u00e7\u00e3o j\u00e1 definido. J\u00e1 o Programa de Portugu\u00eas como L\u00edngua Estrangeira (PEC-PLE), \u00e9 um curso de prepara\u00e7\u00e3o para o exame do Certificado de Profici\u00eancia em L\u00edngua Portuguesa para Estrangeiros (Celpe-Bras).<\/p>\r\n[gallery columns=\"2\" link=\"file\" size=\"large\" ids=\"51314,51319\"]\r\n<p style=\"text-align: justify\"><span style=\"font-size: 8pt\"><em>Por Ma\u00edra Machado<\/em><\/span><\/p>\r\n\r\n\r\n<hr \/>\r\n<p style=\"text-align: justify\"><span style=\"color: #808000\"><strong>Voc\u00ea j\u00e1 conhece o canal de transmiss\u00e3o da Unicentro no WhatsApp?<\/strong><\/span><\/p>\r\n<p style=\"text-align: justify\">L\u00e1, voc\u00ea encontra not\u00edcias fresquinhas e em primeira m\u00e3o, al\u00e9m de comunicados oficiais, eventos, conquistas da galera e muito mais!\u00a0<span style=\"color: #808000\"><strong><a style=\"color: #808000\" href=\"https:\/\/whatsapp.com\/channel\/0029VaBQlmUEVccJs6JPNB0N\">Clique aqui<\/a><\/strong>\u00a0<\/span>para participar e fique por dentro de tudo o que \u00e9 destaque na nossa universidade.<\/p>","post_title":"Unicentro d\u00e1 boas-vindas a estudantes internacionais de cinco pa\u00edses","post_excerpt":"Recep\u00e7\u00e3o oficial organizada pela Coori marcou a integra\u00e7\u00e3o dos estudantes estrangeiros \u00e0 comunidade acad\u00eamica ","post_status":"publish","comment_status":"open","ping_status":"open","post_password":"","post_name":"unicentro-da-boas-vindas-a-estudantes-internacionais-de-cinco-paises","to_ping":"","pinged":"","post_modified":"2026-04-27 15:26:48","post_modified_gmt":"2026-04-27 18:26:48","post_content_filtered":"","post_parent":0,"guid":"https:\/\/www3.unicentro.br\/noticias\/?p=51313","menu_order":0,"post_type":"post","post_mime_type":"","comment_count":"0","filter":"raw","mobiconnector_feature_image":{"id":51322,"alt_text":"","caption":"","description":"","media_type":"image","post":51313,"source_url":"https:\/\/www3.unicentro.br\/noticias\/wp-content\/uploads\/sites\/3\/2026\/04\/DSC_2765.jpg","mobiconnector_small":"https:\/\/www3.unicentro.br\/noticias\/wp-content\/uploads\/sites\/3\/","mobiconnector_medium":"https:\/\/www3.unicentro.br\/noticias\/wp-content\/uploads\/sites\/3\/","mobiconnector_large":"https:\/\/www3.unicentro.br\/noticias\/wp-content\/uploads\/sites\/3\/","mobiconnector_x_large":"https:\/\/www3.unicentro.br\/noticias\/wp-content\/uploads\/sites\/3\/"}},{"ID":51282,"post_author":"9","post_date":"2026-04-27T12:22:46","post_date_gmt":"2026-04-27T15:22:46","post_content":"&nbsp;\r\n<h3 style=\"text-align: center\" data-start=\"1775\" data-end=\"1789\"><sup><em>Projeto voltado a estudantes da rede p\u00fablica oferece aulas gratuitas e atividades preparat\u00f3rias para vestibulares e o Enem<\/em><\/sup><\/h3>\r\n<p style=\"text-align: justify\" data-start=\"209\" data-end=\"615\">A Universidade Estadual do Centro-Oeste (Unicentro) est\u00e1 com inscri\u00e7\u00f5es abertas para a edi\u00e7\u00e3o de 2026 do curso pr\u00e9-vestibular. Ao todo, s\u00e3o ofertadas 50 vagas destinadas a estudantes que cursaram todo o ensino m\u00e9dio na rede p\u00fablica, que estejam na terceira s\u00e9rie ou na quarta s\u00e9rie do ensino m\u00e9dio t\u00e9cnico. As inscri\u00e7\u00f5es podem ser feitas at\u00e9 o dia 13 de maio, pelo <strong><a href=\"https:\/\/evento.unicentro.br\/site\/prevestibular\/2026\/1\" target=\"_blank\" rel=\"noopener\">Sistema de Gest\u00e3o de Eventos<\/a><\/strong> da universidade.<\/p>\r\n<p style=\"text-align: justify\" data-start=\"1093\" data-end=\"1306\">O curso ter\u00e1 um processo de sele\u00e7\u00e3o para classificar os candidatos a partir de uma entrevista socioecon\u00f4mica de forma presencial. A lista de convocados para essa fase ser\u00e1 divulgada no dia 14 de maio, no <strong><a href=\"https:\/\/www3.unicentro.br\/proec\/\" target=\"_blank\" rel=\"noopener\">site da Pr\u00f3-Reitoria de Extens\u00e3o e Cultura (Proec)<\/a><\/strong>. As entrevistas est\u00e3o marcadas para o dia 18 de maio, das 19h \u00e0s 21h. No ato da entrevista \u00e9 preciso apresentar documentos que comprovem a renda e as despesas do grupo familiar (contas de luz, \u00e1gua e aluguel).<\/p>\r\n<p style=\"text-align: justify\" data-start=\"1308\" data-end=\"1692\">O resultado ser\u00e1 publicado no dia 25 de maio, com a classifica\u00e7\u00e3o dos candidatos convocados e uma lista de espera. A matr\u00edcula deve ser realizada no dia 28 de maio com a apresenta\u00e7\u00e3o do hist\u00f3rico escolar para alunos concluintes do Ensino M\u00e9dio ou a declara\u00e7\u00e3o de matr\u00edcula para alunos do Ensino M\u00e9dio. \u00c9 necess\u00e1rio a presen\u00e7a de um respons\u00e1vel no ato da matr\u00edcula para menores de 18 anos.<\/p>\r\n<p style=\"text-align: justify\" data-start=\"1308\" data-end=\"1692\">O projeto \u00e9 promovido h\u00e1 17 anos pela Diretoria de Extens\u00e3o, vinculada \u00e0 Proec. As atividades s\u00e3o realizadas por uma equipe de docentes, estudantes, bolsistas e volunt\u00e1rios com o objetivo de inserir jovens em situa\u00e7\u00e3o de vulnerabilidade social de Guarapuava e regi\u00e3o no contexto universit\u00e1rio. Al\u00e9m das aulas, o projeto oferece oficinas, semin\u00e1rios, debates e atividades culturais que contribuem para a prepara\u00e7\u00e3o dos participantes para vestibulares e para o Exame Nacional do Ensino M\u00e9dio (Enem).<\/p>\r\n<p style=\"text-align: justify\" data-start=\"1308\" data-end=\"1692\">De acordo com a diretora de Extens\u00e3o da Unicentro, Vania Gryczak, a troca de conhecimentos e a reflex\u00e3o de temas acad\u00eamicos e culturais possibilita a amplia\u00e7\u00e3o dos conhecimentos complementares \u00e0 escola, enquanto a comunidade acad\u00eamica aplica os saberes adquiridos na forma\u00e7\u00e3o universit\u00e1ria.\u00a0 \u201cIntegrar jovens com estudantes de gradua\u00e7\u00e3o e p\u00f3s-gradua\u00e7\u00e3o, com professores egressos e titulares da Unicentro, contribui para a forma\u00e7\u00e3o acad\u00eamica, cient\u00edfica e cultural dos envolvidos\u201d, afirma.<\/p>\r\n<p style=\"text-align: justify\" data-start=\"1308\" data-end=\"1692\">Segundo ela, \u00e9 uma oportunidade de reconhecimento da identidade individual e coletiva, da expressividade, dos valores da cidadania e da inclus\u00e3o social. \u201c\u00c9 uma perspectiva de ingresso no ensino superior com a constru\u00e7\u00e3o de conhecimentos para a profissionaliza\u00e7\u00e3o e transforma\u00e7\u00e3o da sociedade em que est\u00e3o inseridos\u201d, completa.<\/p>\r\n<p style=\"text-align: justify\" data-start=\"2788\" data-end=\"2908\" data-is-last-node=\"\" data-is-only-node=\"\">O per\u00edodo das aulas ser\u00e1 entre os dias 1\u00ba de junho e 9 de outubro, no C\u00e2mpus Santa Cruz, em Guarapuava, no per\u00edodo noturno, das 19h \u00e0s 22h15. Mais informa\u00e7\u00f5es podem ser obtidas no <strong><a href=\"https:\/\/www3.unicentro.br\/proec\/wp-content\/uploads\/sites\/73\/2026\/04\/Edital_001_2026_Abertura_de_Inscri_o_Curso_Pr_Vestibular_Unicentro_69dc40e3c55c7.pdf\" target=\"_blank\" rel=\"noopener\">edital<\/a><\/strong> dispon\u00edvel no site da Proec ou pelo e-mail <a class=\"decorated-link cursor-pointer\" rel=\"noopener\" data-start=\"2876\" data-end=\"2907\">cursoprevestunicentro@gmail.com<\/a>.<\/p>\r\n&nbsp;\r\n<h3 style=\"text-align: center\" data-start=\"1775\" data-end=\"1789\"><\/h3>\r\n<div class=\"wp-block-image\"><img class=\"wpa-warning wpa-image-missing-alt aligncenter wp-image-51284\" src=\"https:\/\/www3.unicentro.br\/noticias\/wp-content\/uploads\/sites\/3\/2026\/04\/DSC_9692.jpg\" alt=\"\" width=\"650\" height=\"433\" data-warning=\"Texto alternativo ausente\" \/><\/div>\r\n<p data-start=\"2788\" data-end=\"2908\" data-is-last-node=\"\" data-is-only-node=\"\"><\/p>\r\n&nbsp;\r\n<h3 style=\"text-align: center\" data-start=\"1775\" data-end=\"1789\"><\/h3>\r\n<p data-start=\"2788\" data-end=\"2908\" data-is-last-node=\"\" data-is-only-node=\"\"><em>Por Milena Kammer, com supervis\u00e3o de Giovani Ciquelero<\/em><\/p>\r\n\r\n\r\n<hr \/>\r\n\r\n<span style=\"color: #808000\"><strong>Voc\u00ea j\u00e1 conhece o canal de transmiss\u00e3o da Unicentro no WhatsApp?<\/strong><\/span>\r\n\r\nL\u00e1, voc\u00ea encontra not\u00edcias fresquinhas e em primeira m\u00e3o, al\u00e9m de comunicados oficiais, eventos, conquistas da galera e muito mais!\u00a0<span style=\"color: #808000\"><strong><a style=\"color: #808000\" href=\"https:\/\/whatsapp.com\/channel\/0029VaBQlmUEVccJs6JPNB0N\">Clique aqui<\/a><\/strong>\u00a0<\/span>para participar e fique por dentro de tudo o que \u00e9 destaque na nossa universidade.","post_title":"Curso pr\u00e9-vestibular da Unicentro est\u00e1 com inscri\u00e7\u00f5es abertas","post_excerpt":"Projeto voltado a estudantes da rede p\u00fablica oferece aulas e atividades preparat\u00f3rias para vestibulares e o Enem","post_status":"publish","comment_status":"open","ping_status":"open","post_password":"","post_name":"curso-pre-vestibular-da-unicentro-esta-com-inscricoes-abertas-2","to_ping":"","pinged":"","post_modified":"2026-04-27 12:22:46","post_modified_gmt":"2026-04-27 15:22:46","post_content_filtered":"","post_parent":0,"guid":"https:\/\/www3.unicentro.br\/noticias\/?p=51282","menu_order":0,"post_type":"post","post_mime_type":"","comment_count":"0","filter":"raw","mobiconnector_feature_image":{"id":51296,"alt_text":"","caption":"","description":"","media_type":"image","post":51282,"source_url":"https:\/\/www3.unicentro.br\/noticias\/wp-content\/uploads\/sites\/3\/2026\/04\/vestibular.jpg","mobiconnector_small":"https:\/\/www3.unicentro.br\/noticias\/wp-content\/uploads\/sites\/3\/","mobiconnector_medium":"https:\/\/www3.unicentro.br\/noticias\/wp-content\/uploads\/sites\/3\/","mobiconnector_large":"https:\/\/www3.unicentro.br\/noticias\/wp-content\/uploads\/sites\/3\/","mobiconnector_x_large":"https:\/\/www3.unicentro.br\/noticias\/wp-content\/uploads\/sites\/3\/"}},{"ID":51260,"post_author":"9","post_date":"2026-04-27T11:19:21","post_date_gmt":"2026-04-27T14:19:21","post_content":"&nbsp;\r\n<h3 style=\"text-align: center\" data-start=\"1775\" data-end=\"1789\"><sup><em>Refer\u00eancia na forma\u00e7\u00e3o regional, curso promove um resgate hist\u00f3rico para reafirmar o valor da doc\u00eancia diante dos desafios atuais<\/em><\/sup><\/h3>\r\n<p style=\"text-align: justify\" data-start=\"101\" data-end=\"498\">O curso de Pedagogia de Guarapuava da <span class=\"hover:entity-accent entity-underline inline cursor-pointer align-baseline\"><span class=\"whitespace-normal\">Universidade Estadual do Centro-Oeste<\/span><\/span> completa <strong data-start=\"172\" data-end=\"191\">50 anos <\/strong>em 2026, consolidando-se como refer\u00eancia na forma\u00e7\u00e3o de professores, pedagogos e pedagogas na regi\u00e3o. Para celebrar o cinquenten\u00e1rio, o Departamento de Pedagogia (Deped\/G) prepara uma programa\u00e7\u00e3o comemorativa com atividades acad\u00eamicas, homenagens e o lan\u00e7amento de um livro que resgata a trajet\u00f3ria do curso.<\/p>\r\n<p style=\"text-align: justify\" data-start=\"500\" data-end=\"1007\">As celebra\u00e7\u00f5es est\u00e3o previstas para setembro, com eventos em <span class=\"hover:entity-accent entity-underline inline cursor-pointer align-baseline\"><span class=\"whitespace-normal\">Guarapuava<\/span><\/span>, <span class=\"hover:entity-accent entity-underline inline cursor-pointer align-baseline\"><span class=\"whitespace-normal\">Chopinzinho<\/span><\/span> e <span class=\"hover:entity-accent entity-underline inline cursor-pointer align-baseline\"><span class=\"whitespace-normal\">Coronel Vivida<\/span><\/span>. Entre as a\u00e7\u00f5es programadas est\u00e3o o lan\u00e7amento de uma obra sobre a hist\u00f3ria do curso, uma semana pedag\u00f3gica comemorativa, projetos de extens\u00e3o vinculados \u00e0s disciplinas, homenagens a ex-professores, al\u00e9m de palestras, mesas-redondas e atividades festivas.<\/p>\r\n\r\n\r\n[caption id=\"attachment_51261\" align=\"alignright\" width=\"380\"]<a href=\"https:\/\/www3.unicentro.br\/noticias\/wp-content\/uploads\/sites\/3\/2026\/04\/WhatsApp-Image-2026-04-22-at-15.59.07.jpeg\"><img id=\"longdesc-return-51261\" class=\"wpa-warning wpa-image-missing-alt wp-image-51261\" src=\"https:\/\/www3.unicentro.br\/noticias\/wp-content\/uploads\/sites\/3\/2026\/04\/WhatsApp-Image-2026-04-22-at-15.59.07.jpeg\" alt=\"\" width=\"380\" height=\"253\" longdesc=\"https:\/\/www3.unicentro.br\/noticias?longdesc=51261&amp;referrer=51260\" data-warning=\"Texto alternativo ausente\" \/><\/a> A professora Melissa Rodrigues da Silva destacou a forma\u00e7\u00e3o de educadores na regi\u00e3o.[\/caption]\r\n<p style=\"text-align: justify\" data-start=\"500\" data-end=\"1007\"><span style=\"font-weight: 400\">A Pedagogia est\u00e1 entre os cursos pioneiros da universidade, ao lado de Hist\u00f3ria, Matem\u00e1tica, Letras e Geografia, ainda no per\u00edodo em que a institui\u00e7\u00e3o era a <strong data-start=\"1166\" data-end=\"1233\">Faculdade de Filosofia, Ci\u00eancias e Letras de Guarapuava (Fafig)<\/strong>. <\/span>O projeto do curso teve in\u00edcio em 1975 e o decreto foi oficialmente aprovado no ano seguinte.<\/p>\r\n<p style=\"text-align: justify\" data-start=\"500\" data-end=\"1007\">A chefe do Deped, professora Melissa Rodrigues da Silva, explica que a comemora\u00e7\u00e3o dos 50 anos representa uma oportunidade de valorizar a hist\u00f3ria constru\u00edda por professores e estudantes ao longo das d\u00e9cadas. \u201cA import\u00e2ncia desse resgate hist\u00f3rico e comemorativo \u00e9 para que os alunos reconhe\u00e7am como se deu o in\u00edcio do curso, como essa forma\u00e7\u00e3o de professores veio acontecendo no decorrer desses 50 anos, o que foi mudado\u201d, destaca.<\/p>\r\n<p style=\"text-align: justify\" data-start=\"500\" data-end=\"1007\">Segundo a professora, o cronograma comemorativo e a produ\u00e7\u00e3o do livro t\u00eam como objetivo organizar e registrar em cap\u00edtulos momentos importantes da hist\u00f3ria da gradua\u00e7\u00e3o, incluindo programas como o Pibid, os est\u00e1gios, as disciplinas e a coordena\u00e7\u00e3o pedag\u00f3gica. \u201cAl\u00e9m de um processo formativo, \u00e9 para se entender um pouquinho mais desse contexto hist\u00f3rico, social, pol\u00edtico. \u00c9 para que eles se reconhe\u00e7am tamb\u00e9m como parte desse cinquenten\u00e1rio e dessa comemora\u00e7\u00e3o festiva que a gente vai ter no curso esse ano\u201d, complementa.<\/p>\r\n\r\n\r\n[caption id=\"attachment_51265\" align=\"alignleft\" width=\"380\"]<a href=\"https:\/\/www3.unicentro.br\/noticias\/wp-content\/uploads\/sites\/3\/2026\/04\/WhatsApp-Image-2026-04-22-at-16.00.53-1.jpeg\"><img id=\"longdesc-return-51265\" class=\"wpa-warning wpa-image-missing-alt wp-image-51265\" src=\"https:\/\/www3.unicentro.br\/noticias\/wp-content\/uploads\/sites\/3\/2026\/04\/WhatsApp-Image-2026-04-22-at-16.00.53-1.jpeg\" alt=\"\" width=\"380\" height=\"253\" longdesc=\"https:\/\/www3.unicentro.br\/noticias?longdesc=51265&amp;referrer=51260\" data-warning=\"Texto alternativo ausente\" \/><\/a> O professor Aur\u00e9lio Bona destacou a qualifica\u00e7\u00e3o do ensino ao longo da hist\u00f3ria do curso.[\/caption]\r\n<p style=\"text-align: justify\" data-start=\"1831\" data-end=\"2375\"><span style=\"font-weight: 400\">O vice-chefe do departamento, professor <span class=\"hover:entity-accent entity-underline inline cursor-pointer align-baseline\"><span class=\"whitespace-normal\">Aur\u00e9lio Bona J\u00fanior<\/span><\/span>, refor\u00e7a como esse marco hist\u00f3rico \u00e9 importante, n\u00e3o s\u00f3 para o Unicentro, mas para todo o Estado, colocando a Unicentro como a maior formadora de pedagogos e pedagogas de toda a regi\u00e3o. \u201cOs seus cursos s\u00e3o de qualidade de destaque nacional nos mecanismos de avalia\u00e7\u00e3o. O curso de Pedagogia \u00e9 um dos seus carros-chefes, \u00e9 o maior curso da universidade\u201d, conta.<\/span><\/p>\r\n<p style=\"text-align: justify\" data-start=\"1831\" data-end=\"2375\">Ao longo dessas cinco d\u00e9cadas, a universidade formou aproximadamente <strong data-start=\"2721\" data-end=\"2740\">4 mil pedagogos<\/strong>, sendo <strong data-start=\"2748\" data-end=\"2778\">2.500 apenas em Guarapuava<\/strong>, acompanhando diferentes contextos e transforma\u00e7\u00f5es na educa\u00e7\u00e3o brasileira. Para Aur\u00e9lio, celebrar essa trajet\u00f3ria \u00e9 ainda mais significativo diante da atual queda no interesse pelas licenciaturas. <span style=\"font-weight: 400\">\u201cNo momento em que o pa\u00eds vive pela primeira vez uma crise de licenciaturas, temos a previs\u00e3o de um apag\u00e3o docente num espa\u00e7o curto, m\u00e9dio de tempo, porque os jovens n\u00e3o est\u00e3o mais se interessando pela carreira de ser professor. Ent\u00e3o, resistir a isso, estar com um curso com essa marca, realmente \u00e9 digno de bastante comemora\u00e7\u00e3o da nossa parte\u201d, afirma.\u00a0<\/span><\/p>\r\n<p style=\"text-align: justify\"><span style=\"font-weight: 400\">O livro sobre a hist\u00f3ria da Pedagogia na Unicentro est\u00e1 sendo estruturado por uma equipe de professores que vai coletar dados, fotografias antigas e relatos para compor cerca de 15 cap\u00edtulos sobre diferentes aspectos do curso. O lan\u00e7amento da obra est\u00e1 previsto para setembro e deve se tornar um marco no resgate da mem\u00f3ria do curso e na valoriza\u00e7\u00e3o da forma\u00e7\u00e3o de educadores na Unicentro.<\/span><\/p>\r\n[gallery columns=\"2\" size=\"medium\" ids=\"51264,51263\"]\r\n\r\n<em>Por Milena Kammer, com supervis\u00e3o de Giovani Ciquelero<\/em>\r\n\r\n<hr \/>\r\n\r\n<span style=\"color: #808000\"><strong>Voc\u00ea j\u00e1 conhece o canal de transmiss\u00e3o da Unicentro no WhatsApp?<\/strong><\/span>\r\n\r\nL\u00e1, voc\u00ea encontra not\u00edcias fresquinhas e em primeira m\u00e3o, al\u00e9m de comunicados oficiais, eventos, conquistas da galera e muito mais!\u00a0<span style=\"color: #808000\"><strong><a style=\"color: #808000\" href=\"https:\/\/whatsapp.com\/channel\/0029VaBQlmUEVccJs6JPNB0N\">Clique aqui<\/a><\/strong>\u00a0<\/span>para participar e fique por dentro de tudo o que \u00e9 destaque na nossa universidade.\r\n\r\n&nbsp;","post_title":"Curso de Pedagogia da Unicentro celebra 50 anos de hist\u00f3ria e legado na forma\u00e7\u00e3o de professores","post_excerpt":"Refer\u00eancia na forma\u00e7\u00e3o regional, curso promove um resgate hist\u00f3rico para reafirmar o valor da doc\u00eancia diante dos desafios atuais.","post_status":"publish","comment_status":"open","ping_status":"open","post_password":"","post_name":"curso-de-pedagogia-da-unicentro-celebra-50-anos-de-historia-e-legado-na-formacao-de-professores","to_ping":"","pinged":"","post_modified":"2026-04-27 11:19:21","post_modified_gmt":"2026-04-27 14:19:21","post_content_filtered":"","post_parent":0,"guid":"https:\/\/www3.unicentro.br\/noticias\/?p=51260","menu_order":0,"post_type":"post","post_mime_type":"","comment_count":"0","filter":"raw","mobiconnector_feature_image":{"id":51281,"alt_text":"","caption":"","description":"","media_type":"image","post":51260,"source_url":"https:\/\/www3.unicentro.br\/noticias\/wp-content\/uploads\/sites\/3\/2026\/04\/selo-50-e1777298899942.jpg","mobiconnector_small":"https:\/\/www3.unicentro.br\/noticias\/wp-content\/uploads\/sites\/3\/","mobiconnector_medium":"https:\/\/www3.unicentro.br\/noticias\/wp-content\/uploads\/sites\/3\/","mobiconnector_large":"https:\/\/www3.unicentro.br\/noticias\/wp-content\/uploads\/sites\/3\/","mobiconnector_x_large":"https:\/\/www3.unicentro.br\/noticias\/wp-content\/uploads\/sites\/3\/"}},{"ID":51254,"post_author":"9","post_date":"2026-04-27T09:31:06","post_date_gmt":"2026-04-27T12:31:06","post_content":"&nbsp;\r\n<h3 style=\"text-align: center\" data-start=\"1775\" data-end=\"1789\"><sup><em>Projeto oferece aos acad\u00eamicos uma experi\u00eancia de responsabilidade social e cidadania<\/em><\/sup><\/h3>\r\n<p style=\"text-align: justify\" data-start=\"72\" data-end=\"530\">Acad\u00eamicos da <span class=\"hover:entity-accent entity-underline inline cursor-pointer align-baseline\"><span class=\"whitespace-normal\">Universidade Estadual do Centro-Oeste<\/span><\/span> (Unicentro) j\u00e1 podem se inscrever para participar da <strong data-start=\"165\" data-end=\"196\">Opera\u00e7\u00e3o Rondon Paran\u00e1 2026<\/strong>, projeto de extens\u00e3o universit\u00e1ria que promove a\u00e7\u00f5es de cidadania e desenvolvimento social em munic\u00edpios paranaenses. As inscri\u00e7\u00f5es seguem abertas at\u00e9 o dia <strong data-start=\"354\" data-end=\"368\">21 de maio<\/strong>, e a opera\u00e7\u00e3o ser\u00e1 realizada entre <strong data-start=\"404\" data-end=\"432\">10 e 23 de julho<\/strong>, nos munic\u00edpios de <span class=\"hover:entity-accent entity-underline inline cursor-pointer align-baseline\"><span class=\"whitespace-normal\">Iva\u00ed<\/span><\/span> e <span class=\"hover:entity-accent entity-underline inline cursor-pointer align-baseline\"><span class=\"whitespace-normal\">Ipiranga<\/span><\/span>.<\/p>\r\n<p style=\"text-align: justify\" data-start=\"72\" data-end=\"530\">Para se inscrever, os interessados devem acessar o <strong><a href=\"https:\/\/evento.unicentro.br\/site\/rondon\/2026\/1\" target=\"_blank\" rel=\"noopener\">Sistema de Gest\u00e3o de Eventos da universidade<\/a> <\/strong>e anexar os documentos exigidos no <strong><a href=\"https:\/\/www3.unicentro.br\/proec\/wp-content\/uploads\/sites\/73\/2026\/04\/Edital_001_2026_Abertura_de_Inscri_es_OPR_69e8e0c191ac0.pdf\" target=\"_blank\" rel=\"noopener\">edital<\/a> <\/strong>do processo seletivo. A iniciativa \u00e9 organizada pela <span class=\"hover:entity-accent entity-underline inline cursor-pointer align-baseline\"><span class=\"whitespace-normal\">Secretaria da Ci\u00eancia, Tecnologia e Ensino Superior (Seti)<\/span><\/span>, em parceria com a Pr\u00f3-Reitoria de Extens\u00e3o e Cultura (Proec) da Unicentro, e busca promover cidadania, inclus\u00e3o social e desenvolvimento sustent\u00e1vel.<\/p>\r\n<p style=\"text-align: justify\" data-start=\"72\" data-end=\"530\"><span style=\"font-weight: 400\">Os requisitos para os acad\u00eamicos que desejam participar da imers\u00e3o de 14 dias s\u00e3o: estar regularmente matriculados no ano letivo de 2026, cursando a partir da 2\u00aa S\u00e9rie; ter 18 anos ou mais at\u00e9 a data de 9 de julho de 2026; disponibilidade para participar das atividades preparat\u00f3rias e para a Opera\u00e7\u00e3o, al\u00e9m de n\u00e3o ter participado de opera\u00e7\u00f5es anteriores. O edital de homologa\u00e7\u00e3o de inscri\u00e7\u00f5es ser\u00e1 publicado no dia 22 de maio <\/span><span style=\"font-weight: 400\">e a pr\u00f3xima fase est\u00e1 prevista para os dias 25 e 26 de maio.<\/span><\/p>\r\n<p style=\"text-align: justify\" data-start=\"72\" data-end=\"530\"><span style=\"font-weight: 400\">A sele\u00e7\u00e3o vai ser dividida em duas etapas: an\u00e1lise da ficha de inscri\u00e7\u00e3o e das propostas de trabalho e, posteriormente, entrevistas com os candidatos selecionados na primeira etapa, realizada pelos professores coordenadores e pela coordena\u00e7\u00e3o institucional.<\/span><\/p>\r\n<p style=\"text-align: justify\" data-start=\"72\" data-end=\"530\"><span style=\"font-weight: 400\">Os rondonistas ter\u00e3o hospedagem, transporte e alimenta\u00e7\u00e3o custeados pela Seti. O projeto est\u00e1 dividido em dois conjuntos constitu\u00eddos por dois professores e dez acad\u00eamicos dos cursos de gradua\u00e7\u00e3o. O<strong> conjunto A<\/strong> engloba <strong>Cultura, Direitos Humanos e Justi\u00e7a, Educa\u00e7\u00e3o, Sa\u00fade<\/strong>; e o<strong> conjunto B<\/strong>, desenvolver\u00e1 atividades nas \u00e1reas de <strong>Comunica\u00e7\u00e3o, Tecnologia e Produ\u00e7\u00e3o, Meio Ambiente e Trabalho<\/strong>.\u00a0<\/span><\/p>\r\n<p style=\"text-align: justify\" data-start=\"2186\" data-end=\"2612\">Segundo a pr\u00f3-reitora de Extens\u00e3o e Cultura da Unicentro, <span class=\"hover:entity-accent entity-underline inline cursor-pointer align-baseline\"><span class=\"whitespace-normal\">Luc\u00e9lia de Souza<\/span><\/span>, durante a participa\u00e7\u00e3o na Opera\u00e7\u00e3o Rondon Paran\u00e1, os estudantes t\u00eam a oportunidade de estarem inseridos em realidades sociais diferenciadas, muitas vezes marcadas por vulnerabilidades econ\u00f4micas, culturais e estruturais. \u201cEsse contato direto com tais comunidades permite desenvolver empatia, senso de responsabilidade social e compreens\u00e3o concreta das desigualdades, algo que vai muito al\u00e9m do conhecimento te\u00f3rico\u201d, destaca.<\/p>\r\n<p style=\"text-align: justify\"><span style=\"font-weight: 400\">Segundo Luc\u00e9lia, a iniciativa n\u00e3o apenas amplia o alcance da extens\u00e3o, mas tamb\u00e9m ressignifica a pr\u00e1tica de forma mais inclusiva, participativa e socialmente comprometida. \u201cA Opera\u00e7\u00e3o atinge munic\u00edpios diversos, muitos deles com menor acesso a pol\u00edticas p\u00fablicas e a\u00e7\u00f5es universit\u00e1rias, incentivando uma pr\u00e1tica mais din\u00e2mica, interdisciplinar e conectada com demandas reais da sociedade\u201d, complementa.<\/span><\/p>\r\n<p style=\"text-align: justify\"><span style=\"font-weight: 400\">Para mais informa\u00e7\u00f5es, entre em contato com a Secretaria da Proec pelo e-mail mnunes@unicentro.br.<\/span><\/p>\r\n&nbsp;\r\n\r\n<em>Por Milena Kammer, com supervis\u00e3o de Giovani Ciquelero<\/em>\r\n\r\n<hr \/>\r\n\r\n<span style=\"color: #808000\"><strong>Voc\u00ea j\u00e1 conhece o canal de transmiss\u00e3o da Unicentro no WhatsApp?<\/strong><\/span>\r\n\r\nL\u00e1, voc\u00ea encontra not\u00edcias fresquinhas e em primeira m\u00e3o, al\u00e9m de comunicados oficiais, eventos, conquistas da galera e muito mais!\u00a0<span style=\"color: #808000\"><strong><a style=\"color: #808000\" href=\"https:\/\/whatsapp.com\/channel\/0029VaBQlmUEVccJs6JPNB0N\">Clique aqui<\/a><\/strong>\u00a0<\/span>para participar e fique por dentro de tudo o que \u00e9 destaque na nossa universidade.","post_title":"Inscri\u00e7\u00f5es abertas para a Opera\u00e7\u00e3o Rondon Paran\u00e1 2026","post_excerpt":"Projeto oferece aos acad\u00eamicos uma experi\u00eancia de responsabilidade social e cidadania","post_status":"publish","comment_status":"open","ping_status":"open","post_password":"","post_name":"inscricoes-abertas-para-a-operacao-rondon-parana-2026","to_ping":"","pinged":"","post_modified":"2026-04-27 09:31:06","post_modified_gmt":"2026-04-27 12:31:06","post_content_filtered":"","post_parent":0,"guid":"https:\/\/www3.unicentro.br\/noticias\/?p=51254","menu_order":0,"post_type":"post","post_mime_type":"","comment_count":"0","filter":"raw","mobiconnector_feature_image":{"id":51259,"alt_text":"","caption":"","description":"","media_type":"image","post":51254,"source_url":"https:\/\/www3.unicentro.br\/noticias\/wp-content\/uploads\/sites\/3\/2026\/04\/Materia-Rondon.webp","mobiconnector_small":"https:\/\/www3.unicentro.br\/noticias\/wp-content\/uploads\/sites\/3\/","mobiconnector_medium":"https:\/\/www3.unicentro.br\/noticias\/wp-content\/uploads\/sites\/3\/","mobiconnector_large":"https:\/\/www3.unicentro.br\/noticias\/wp-content\/uploads\/sites\/3\/","mobiconnector_x_large":"https:\/\/www3.unicentro.br\/noticias\/wp-content\/uploads\/sites\/3\/"}},{"ID":51248,"post_author":"578","post_date":"2026-04-24T18:59:10","post_date_gmt":"2026-04-24T21:59:10","post_content":"<p style=\"text-align: justify\"><span style=\"font-weight: 400\">Promover a cidadania fiscal e colaborar com o desenvolvimento social da regi\u00e3o. Esses s\u00e3o alguns dos princ\u00edpios que fundamentam o \u201cDia D \u2013 Doa Irati e Doa Prudent\u00f3polis\u201d. Realizada neste s\u00e1bado (25) pelo Departamento de Ci\u00eancias Cont\u00e1beis (Decic\/I) da Universidade Estadual do Centro-Oeste (Unicentro), a mobiliza\u00e7\u00e3o ocorre simultaneamente nas duas cidades, das 9h \u00e0s 15h. O objetivo central \u00e9 orientar a popula\u00e7\u00e3o sobre como direcionar parte do imposto de renda devido para os fundos municipais de assist\u00eancia social, e sem que tenha que pagar nada a mais por isso.\u00a0<\/span><\/p>\r\n<p style=\"text-align: justify\"><span style=\"font-weight: 400\">\u201cEssa pol\u00edtica p\u00fablica incentiva o contribuinte a deixar parte do imposto de renda no seu pr\u00f3prio munic\u00edpio. Ent\u00e3o, ele n\u00e3o tem \u00f4nus, porque essa parcela que vai ser encaminhada para os fundos municipais \u00e9 deduzida do que ele j\u00e1 teria que pagar\u201d, explica a professora Ana L\u00e9a Macohon Klosowski, coordenadora do projeto.<\/span><\/p>\r\n<p style=\"text-align: justify\"><span style=\"font-weight: 400\">Em Prudent\u00f3polis, a atividade acontece na Pra\u00e7a da Matriz. Com o intuito de atrair as fam\u00edlias, a programa\u00e7\u00e3o inclui oficina de educa\u00e7\u00e3o financeira para crian\u00e7as, carrinho de pipoca e uma feira de troca de livros. J\u00e1 em Irati, a equipe estar\u00e1 dispon\u00edvel para sanar d\u00favidas sobre o preenchimento da declara\u00e7\u00e3o no estacionamento do Supermercado GCenter, na esquina das ruas Quinze de Julho e Munhoz da Rocha.\u00a0<\/span><\/p>\r\n<p style=\"text-align: justify\"><span style=\"font-weight: 400\">A a\u00e7\u00e3o integra a terceira edi\u00e7\u00e3o do projeto de extens\u00e3o \u201cM\u00e3os que Incentivam\u201d, do Departamento de Ci\u00eancias Cont\u00e1beis do C\u00e2mpus de Irati (Decic\/I) da Unicentro. A iniciativa conta ainda com o apoio de diversos parceiros, como as prefeituras de Irati e Prudent\u00f3polis, Conselho Regional de Contabilidade, Sicredi, Sicoob, Cresol, Lions Irati e Biblioteca P\u00fablica de Prudent\u00f3polis.<\/span><\/p>\r\n<p style=\"text-align: justify\"><b>Como fazer a destina\u00e7\u00e3o<\/b><\/p>\r\n<p style=\"text-align: justify\"><span style=\"font-weight: 400\">Para participar, o contribuinte deve obrigatoriamente utilizar o modelo completo da declara\u00e7\u00e3o. Dentro do programa da Receita Federal, o processo \u00e9 realizado na ficha \u201cDoa\u00e7\u00f5es Diretamente na Declara\u00e7\u00e3o\u201d. O sistema permite destinar at\u00e9 3% para o Fundo Municipal dos Direitos da Crian\u00e7a e do Adolescente e outros 3% para o Fundo Municipal da Pessoa Idosa. Ap\u00f3s a escolha, o contribuinte emite um Documento de Arrecada\u00e7\u00e3o de Receitas Federais (Darf) para o pagamento. Esse valor \u00e9 deduzido do imposto total a pagar ou, caso haja restitui\u00e7\u00e3o, o montante repassado retorna ao contribuinte com corre\u00e7\u00e3o pela Taxa Selic. O prazo para a entrega da declara\u00e7\u00e3o do Imposto de Renda de Pessoa F\u00edsica 2026 encerra no dia 29 de maio.\u00a0<\/span><\/p>\r\n<p style=\"text-align: justify\"><b>Impacto na regi\u00e3o<\/b><\/p>\r\n<p style=\"text-align: justify\"><span style=\"font-weight: 400\">A professora Ana L\u00e9a cita que, de acordo com dados da Receita Federal, a arrecada\u00e7\u00e3o por meio desse mecanismo tem potencial significativo: R$ 1 milh\u00e3o em Prudent\u00f3polis, e R$ 2 milh\u00f5es em Irati. Entretanto, no \u00faltimo ano, as cidades realizaram apenas 10% e 5% disso, respectivamente.<\/span><\/p>\r\n<p style=\"text-align: justify\"><span style=\"font-weight: 400\">Outro ponto destacado pela organiza\u00e7\u00e3o \u00e9 que os valores direcionados aos fundos s\u00e3o aplicados diretamente em projetos locais. Acad\u00eamica do curso de Cont\u00e1beis de Prudent\u00f3polis, Keli Santos destaca que, em edi\u00e7\u00f5es passadas, o recurso j\u00e1 viabilizou a reforma de estofados no Lar dos Idosos e investimentos no projeto Invernada Cultural, voltado a crian\u00e7as e adolescentes da cidade. \u201cA gente consegue perceber muitas mudan\u00e7as que s\u00e3o poss\u00edveis fazer. Quando a gente consegue levar o dinheiro para boas a\u00e7\u00f5es, isso traz muita mudan\u00e7a para o munic\u00edpio\u201d, ressalta a aluna.<\/span><\/p>\r\n<p style=\"text-align: justify\"><b>Engajamento acad\u00eamico<\/b><\/p>\r\n<p style=\"text-align: justify\"><span style=\"font-weight: 400\">Com o apoio dos professores do Decic, s\u00e3o os estudantes que assumem a linha de frente do projeto. Desde que come\u00e7ou o per\u00edodo de declara\u00e7\u00e3o do IRPF em abril, eles j\u00e1 produziram materiais de divulga\u00e7\u00e3o, gravaram v\u00eddeos para as redes sociais e deram entrevistas para r\u00e1dios locais.<\/span><\/p>\r\n<p style=\"text-align: justify\"><span style=\"font-weight: 400\">Para o acad\u00eamico Eduardo da Costa, do 3\u00ba ano de Ci\u00eancias Cont\u00e1beis do C\u00e2mpus de Irati, a atividade se torna fundamental ao conectar aprendizado t\u00e9cnico e impacto social direto. \u201cAl\u00e9m do benef\u00edcio para o munic\u00edpio, agrega tamb\u00e9m a integra\u00e7\u00e3o acad\u00eamica dos estudantes\u201d, pontua Eduardo. \u201cEsse projeto \u00e9 algo muito especial porque \u00e9 um valor que, de qualquer maneira, dever\u00e1 ser pago. Ent\u00e3o, com o dinheiro sendo investido mais perto da gente, posteriormente, eu verei com os meus pr\u00f3prios olhos os resultados no munic\u00edpio\u201d, ressalta o estudante.<\/span><\/p>\r\n<p style=\"text-align: justify\"><span style=\"font-weight: 400\">\u201cN\u00f3s trabalhamos isso com a nossa comunidade acad\u00eamica, para que o aluno entenda essa pol\u00edtica, para que ele entenda o papel social, a forma\u00e7\u00e3o humana, a forma\u00e7\u00e3o cidad\u00e3 do profissional da contabilidade e oriente o seu cliente para que fa\u00e7a essa destina\u00e7\u00e3o\u201d, refor\u00e7a a professora Ana L\u00e9a.<\/span><\/p>\r\nPara saber mais sobre o projeto, siga o <a href=\"https:\/\/www.instagram.com\/maos_que_incentivam\/?hl=pt-br\"><strong>perfil do Instagram \"M\u00e3os que Incentivam<\/strong><\/a>\".\r\n\r\n&nbsp;\r\n<p style=\"text-align: justify\"><span style=\"font-size: 8pt\"><em><span style=\"font-weight: 400\">Por Wyllian Correa<\/span><\/em><\/span><\/p>\r\n\r\n\r\n<hr \/>\r\n<p style=\"text-align: justify\"><span style=\"color: #808000\"><strong>Voc\u00ea j\u00e1 conhece o canal de transmiss\u00e3o da Unicentro no WhatsApp?<\/strong><\/span><\/p>\r\n<p style=\"text-align: justify\">L\u00e1, voc\u00ea encontra not\u00edcias fresquinhas e em primeira m\u00e3o, al\u00e9m de comunicados oficiais, eventos, conquistas da galera e muito mais!\u00a0<span style=\"color: #808000\"><strong><a style=\"color: #808000\" href=\"https:\/\/whatsapp.com\/channel\/0029VaBQlmUEVccJs6JPNB0N\">Clique aqui<\/a><\/strong><\/span>\u00a0para participar e fique por dentro de tudo o que \u00e9 destaque na nossa universidade.<span style=\"font-weight: 400\">\u00a0<\/span><\/p>\r\n<p style=\"text-align: justify\"><span style=\"font-weight: 400\">\u00a0<\/span><\/p>","post_title":"Unicentro promove \u201cDia D\u201d de incentivo \u00e0 destina\u00e7\u00e3o do Imposto de Renda a fundos sociais","post_excerpt":"A\u00e7\u00e3o do Departamento de Ci\u00eancias Cont\u00e1beis acontece neste s\u00e1bado (25) em Irati e Prudent\u00f3polis.","post_status":"publish","comment_status":"open","ping_status":"open","post_password":"","post_name":"unicentro-promove-dia-d-de-incentivo-a-destinacao-do-imposto-de-renda-a-fundos-sociais","to_ping":"","pinged":"","post_modified":"2026-04-24 19:10:37","post_modified_gmt":"2026-04-24 22:10:37","post_content_filtered":"","post_parent":0,"guid":"https:\/\/www3.unicentro.br\/noticias\/?p=51248","menu_order":0,"post_type":"post","post_mime_type":"","comment_count":"0","filter":"raw","mobiconnector_feature_image":{"id":51250,"alt_text":"","caption":"","description":"","media_type":"image","post":51248,"source_url":"https:\/\/www3.unicentro.br\/noticias\/wp-content\/uploads\/sites\/3\/2026\/04\/aaaaaaaaaa_69ebbd0893268-e1777067937137.jpg","mobiconnector_small":"https:\/\/www3.unicentro.br\/noticias\/wp-content\/uploads\/sites\/3\/","mobiconnector_medium":"https:\/\/www3.unicentro.br\/noticias\/wp-content\/uploads\/sites\/3\/","mobiconnector_large":"https:\/\/www3.unicentro.br\/noticias\/wp-content\/uploads\/sites\/3\/","mobiconnector_x_large":"https:\/\/www3.unicentro.br\/noticias\/wp-content\/uploads\/sites\/3\/"}},{"ID":51233,"post_author":"9","post_date":"2026-04-24T15:39:17","post_date_gmt":"2026-04-24T18:39:17","post_content":"&nbsp;\r\n<h3 style=\"text-align: center\" data-start=\"1775\" data-end=\"1789\"><sup><em>A proposta envolve institui\u00e7\u00f5es paranaenses e o Instituto Polit\u00e9cnico de Bragan\u00e7a\u00a0<\/em><\/sup><\/h3>\r\n<p style=\"text-align: justify\">Entre os dias 19 e 24 de abril, o pr\u00f3-reitor de Pesquisa e P\u00f3s-Gradua\u00e7\u00e3o, Paulo Roberto da Silva, e o diretor de P\u00f3s-Gradua\u00e7\u00e3o, Jackson Kawakami, da Pr\u00f3-Reitoria de Pesquisa e P\u00f3s-Gradua\u00e7\u00e3o (Propesp) da Unicentro, integraram uma miss\u00e3o internacional em Portugal. O objetivo central da viagem foi fortalecer a internacionaliza\u00e7\u00e3o dos programas de p\u00f3s-gradua\u00e7\u00e3o e contribuir para o projeto de um doutorado interinstitucional e internacional envolvendo universidades paranaenses e o Instituto Polit\u00e9cnico de Bragan\u00e7a (IPB).<\/p>\r\n<p style=\"text-align: justify\"><span style=\"font-weight: 400\">A agenda do professor Paulo Roberto incluiu uma reuni\u00e3o estrat\u00e9gica na sede da Ag\u00eancia de Avalia\u00e7\u00e3o e Acredita\u00e7\u00e3o do Ensino Superior de Portugal (A3ES), em Lisboa. O \u00f3rg\u00e3o \u00e9 o equivalente \u00e0 Capes no sistema educacional portugu\u00eas. Segundo o pr\u00f3-reitor, o encontro contou com a participa\u00e7\u00e3o do presidente da A3ES, Jo\u00e3o de Deus Santos S\u00e0\u00e1gua, e dos conselheiros Jo\u00e3o Ant\u00f3nio de Sampaio Rodrigues Queiroz e Helena Maria da N\u00f3brega Teixeira Avelino. Tamb\u00e9m estiveram presentes representantes Capes, <\/span>da Funda\u00e7\u00e3o Arauc\u00e1ria, da Universidade Estadual de Londrina (UEL), da da <span class=\"hover:entity-accent entity-underline inline cursor-pointer align-baseline\"><span class=\"whitespace-normal\">Universidade Tecnol\u00f3gica Federal do Paran\u00e1 (<\/span><\/span>UTFPR)\u00a0e da c\u00fapula do Instituto Polit\u00e9cnico de Bragan\u00e7a, representada pelo reitor Orlando Isidoro Afonso Rodrigues e pelo vice-reitor Agostinho Gomes Alves.<\/p>\r\n<p style=\"text-align: justify\"><span style=\"font-weight: 400\">\u201cDurante a reuni\u00e3o, foi apresentada a pr\u00e9-proposta do doutorado internacional que envolve, al\u00e9m do IPB e da Unicentro, a UTFPR, a UEL, a UEM, a UEPG e a Unioeste. O di\u00e1logo foi produtivo e um passo fundamental para a diplomacia acad\u00eamica entre o Paran\u00e1 e Portugal. O projeto foi recebido com entusiasmo pelas ag\u00eancias de fomento\u201d, contou Paulo Roberto.<\/span><\/p>\r\n<p style=\"text-align: justify\"><span style=\"font-weight: 400\">Ap\u00f3s os compromissos na capital portuguesa, o pr\u00f3-reitor seguiu para Bragan\u00e7a para se juntar ao professor Jackson e a uma equipe de pesquisadores das institui\u00e7\u00f5es parceiras. O grupo trabalhou no alinhamento t\u00e9cnico da reda\u00e7\u00e3o da proposta do curso, adequando-a \u00e0s normas regulat\u00f3rias de ambos os pa\u00edses.\u00a0<\/span><\/p>\r\n<p style=\"text-align: justify\"><span style=\"font-weight: 400\">De acordo com o diretor de P\u00f3s-Gradua\u00e7\u00e3o, o esfor\u00e7o resultou em um sum\u00e1rio executivo consolidado para apresenta\u00e7\u00e3o \u00e0s ag\u00eancias reguladoras. Durante a estadia, Kawakami tamb\u00e9m realizou visitas t\u00e9cnicas aos laborat\u00f3rios do IPB para estabelecer contatos e futuras frentes de pesquisa conjunta. \u201cAp\u00f3s uma semana de muito trabalho chegamos a um documento norteador que foi constru\u00eddo conjuntamente pelos representantes das institui\u00e7\u00f5es. Foi muito produtivo\u201d, ressaltou Jackson.<\/span><\/p>\r\n<p style=\"text-align: justify\"><span style=\"font-weight: 400\">Ao avaliar os resultados da miss\u00e3o internacional, Paulo Roberto afirmou que a viagem abriu perspectivas concretas para a aprova\u00e7\u00e3o de um doutorado focado na forma\u00e7\u00e3o de pessoal de alto n\u00edvel. \u201cO objetivo ser\u00e1 capacitar profissionais com experi\u00eancia internacional para participar e\/ou coordenar redes de pesquisa dedicadas principalmente \u00e0 resolu\u00e7\u00e3o de problemas pr\u00e1ticos do setor n\u00e3o acad\u00eamico\u201d, finalizou o pr\u00f3-reitor.<\/span><\/p>\r\n\r\n<div class=\"wp-block-image\">\r\n\r\n[caption id=\"attachment_51235\" align=\"aligncenter\" width=\"650\"]<img id=\"longdesc-return-51235\" class=\"wpa-warning wpa-image-missing-alt wp-image-51235\" src=\"https:\/\/www3.unicentro.br\/noticias\/wp-content\/uploads\/sites\/3\/2026\/04\/Jackson-e-Paulo-Roberto.jpeg\" alt=\"\" width=\"650\" height=\"557\" longdesc=\"https:\/\/www3.unicentro.br\/noticias?longdesc=51235&amp;referrer=51233\" data-warning=\"Texto alternativo ausente\" \/> Diretor de P\u00f3s-Gradua\u00e7\u00e3o, Jackson Kawakami, e pr\u00f3-reitor de Pesquisa e P\u00f3s-Gradua\u00e7\u00e3o, Paulo Roberto da Silva.[\/caption]\r\n\r\n<div class=\"wp-block-image\"><\/div>\r\n<\/div>","post_title":"Unicentro participa de miss\u00e3o em Portugal para cria\u00e7\u00e3o de doutorado internacional","post_excerpt":"A proposta envolve institui\u00e7\u00f5es paranaenses e o Instituto Polit\u00e9cnico de Bragan\u00e7a.","post_status":"publish","comment_status":"open","ping_status":"open","post_password":"","post_name":"unicentro-participa-de-missao-em-portugal-para-criacao-de-doutorado-internacional","to_ping":"","pinged":"","post_modified":"2026-04-24 15:39:17","post_modified_gmt":"2026-04-24 18:39:17","post_content_filtered":"","post_parent":0,"guid":"https:\/\/www3.unicentro.br\/noticias\/?p=51233","menu_order":0,"post_type":"post","post_mime_type":"","comment_count":"0","filter":"raw","mobiconnector_feature_image":{"id":51239,"alt_text":"","caption":"","description":"","media_type":"image","post":51233,"source_url":"https:\/\/www3.unicentro.br\/noticias\/wp-content\/uploads\/sites\/3\/2026\/04\/Reuniao-A3ES.jpeg","mobiconnector_small":"https:\/\/www3.unicentro.br\/noticias\/wp-content\/uploads\/sites\/3\/","mobiconnector_medium":"https:\/\/www3.unicentro.br\/noticias\/wp-content\/uploads\/sites\/3\/","mobiconnector_large":"https:\/\/www3.unicentro.br\/noticias\/wp-content\/uploads\/sites\/3\/","mobiconnector_x_large":"https:\/\/www3.unicentro.br\/noticias\/wp-content\/uploads\/sites\/3\/"}},{"ID":51240,"post_author":"9","post_date":"2026-04-24T13:59:02","post_date_gmt":"2026-04-24T16:59:02","post_content":"&nbsp;\r\n<h3 style=\"text-align: center\" data-start=\"1775\" data-end=\"1789\"><sup><em>Coordenadores e professores estiveram nos munic\u00edpios de Iva\u00ed e Ipiranga para alinhar log\u00edstica e demandas locais<\/em><\/sup><\/h3>\r\n<p style=\"text-align: justify\">Entre os dias 14 e 17 de abril, coordenadores e professores da Universidade Estadual do Centro-Oeste (Unicentro) realizaram uma visita t\u00e9cnica aos munic\u00edpios de Iva\u00ed e Ipiranga, em prepara\u00e7\u00e3o para a Opera\u00e7\u00e3o Rondon Paran\u00e1 2026, prevista para ocorrer em julho.\u00a0<span style=\"font-weight: 400\">A atividade foi a primeira a\u00e7\u00e3o pr\u00e1tica dos professores-coordenadores nos munic\u00edpios para conhecer os espa\u00e7os e organizar as demandas com os gestores locais.\u00a0<\/span><\/p>\r\n<p style=\"text-align: justify\">Durante a viagem, a equipe tamb\u00e9m participou de reuni\u00f5es com representantes da Secretaria da Ci\u00eancia, Tecnologia e Ensino Superior do Paran\u00e1 (Seti), bem como com as coordena\u00e7\u00f5es institucionais e de equipe da opera\u00e7\u00e3o, para definir encaminhamentos e alinhar os \u00faltimos detalhes da Opera\u00e7\u00e3o Rondon Paran\u00e1 de 2026.<\/p>\r\n<p style=\"text-align: justify\">De acordo com a coordenadora da Opera\u00e7\u00e3o Rondon na Unicentro, M\u00f4nica Cristina Nunes, o projeto visa contribuir para o exerc\u00edcio da cidadania ao promover mudan\u00e7as, capacitar academicamente e incentivar atividades sustent\u00e1veis e \u00e9ticas na sociedade. \u201cN\u00f3s da Unicentro esperamos que o projeto contribua significativamente para a forma\u00e7\u00e3o dos estudantes, ao mesmo tempo em que promova melhorias concretas nas regi\u00f5es atendidas\u201d, afirma.<\/p>\r\n<p style=\"text-align: justify\">Para a coordenadora, a iniciativa proporciona uma troca de saberes entre universit\u00e1rios e popula\u00e7\u00e3o local ao favorecer o di\u00e1logo entre o conhecimento cient\u00edfico e o saber popular. \u201cO projeto n\u00e3o apenas levar\u00e1 conhecimento t\u00e9cnico, mas tamb\u00e9m atuar\u00e1 na promo\u00e7\u00e3o da qualidade de vida e no fortalecimento das comunidades envolvidas\u201d, complementa.<\/p>\r\n&nbsp;\r\n\r\n<em>Por Milena Kammer, com supervis\u00e3o de Giovani Ciquelero<\/em>\r\n\r\n<hr \/>\r\n\r\n<span style=\"color: #808000\"><strong>Voc\u00ea j\u00e1 conhece o canal de transmiss\u00e3o da Unicentro no WhatsApp?<\/strong><\/span>\r\n\r\nL\u00e1, voc\u00ea encontra not\u00edcias fresquinhas e em primeira m\u00e3o, al\u00e9m de comunicados oficiais, eventos, conquistas da galera e muito mais!\u00a0<strong><a href=\"https:\/\/whatsapp.com\/channel\/0029VaBQlmUEVccJs6JPNB0N\"><span style=\"color: #808000\">Clique aqui<\/span><\/a><\/strong>\u00a0para participar e fique por dentro de tudo o que \u00e9 destaque na nossa universidade.","post_title":"Equipe da Unicentro realiza visita preparat\u00f3ria para a Opera\u00e7\u00e3o Rondon Paran\u00e1 2026","post_excerpt":"Coordenadores e professores estiveram nos munic\u00edpios de Iva\u00ed e Ipiranga para alinhar log\u00edstica e demandas locais.\r\n","post_status":"publish","comment_status":"open","ping_status":"open","post_password":"","post_name":"equipe-da-unicentro-realiza-visita-preparatoria-para-a-operacao-rondon-parana-2026","to_ping":"","pinged":"","post_modified":"2026-04-24 16:50:58","post_modified_gmt":"2026-04-24 19:50:58","post_content_filtered":"","post_parent":0,"guid":"https:\/\/www3.unicentro.br\/noticias\/?p=51240","menu_order":0,"post_type":"post","post_mime_type":"","comment_count":"0","filter":"raw","mobiconnector_feature_image":{"id":51245,"alt_text":"","caption":"","description":"","media_type":"image","post":51240,"source_url":"https:\/\/www3.unicentro.br\/noticias\/wp-content\/uploads\/sites\/3\/2026\/04\/Imagem_Viagem__Precursora_69e8fc21b7fe7.jpeg","mobiconnector_small":"https:\/\/www3.unicentro.br\/noticias\/wp-content\/uploads\/sites\/3\/","mobiconnector_medium":"https:\/\/www3.unicentro.br\/noticias\/wp-content\/uploads\/sites\/3\/","mobiconnector_large":"https:\/\/www3.unicentro.br\/noticias\/wp-content\/uploads\/sites\/3\/","mobiconnector_x_large":"https:\/\/www3.unicentro.br\/noticias\/wp-content\/uploads\/sites\/3\/"}}],"mobiconnector_full_category":[{"term_id":764,"name":"@ Contato","slug":"contato","term_group":0,"term_taxonomy_id":764,"taxonomy":"category","description":"","parent":0,"count":1,"filter":"raw"},{"term_id":756,"name":"Acontece","slug":"acontece","term_group":0,"term_taxonomy_id":756,"taxonomy":"category","description":"","parent":0,"count":392,"filter":"raw"},{"term_id":787,"name":"Aviso de pauta","slug":"aviso-de-pauta","term_group":0,"term_taxonomy_id":787,"taxonomy":"category","description":"","parent":0,"count":47,"filter":"raw"},{"term_id":28,"name":"Boletins Unicentro FM","slug":"boletins-unicentro-fm","term_group":0,"term_taxonomy_id":28,"taxonomy":"category","description":"","parent":0,"count":19,"filter":"raw"},{"term_id":754,"name":"Concursos","slug":"concursos","term_group":0,"term_taxonomy_id":754,"taxonomy":"category","description":"","parent":0,"count":13,"filter":"raw"},{"term_id":753,"name":"Cultura","slug":"cultura","term_group":0,"term_taxonomy_id":753,"taxonomy":"category","description":"","parent":0,"count":281,"filter":"raw"},{"term_id":898,"name":"Destaques","slug":"destaques","term_group":0,"term_taxonomy_id":898,"taxonomy":"category","description":"","parent":0,"count":14,"filter":"raw"},{"term_id":759,"name":"Estude na Unicentro","slug":"estude-na-unicentro","term_group":0,"term_taxonomy_id":759,"taxonomy":"category","description":"","parent":0,"count":496,"filter":"raw"},{"term_id":760,"name":"Eventos","slug":"eventos","term_group":0,"term_taxonomy_id":760,"taxonomy":"category","description":"","parent":0,"count":932,"filter":"raw"},{"term_id":888,"name":"Extens\u00e3o","slug":"extensao","term_group":0,"term_taxonomy_id":888,"taxonomy":"category","description":"","parent":0,"count":36,"filter":"raw"}],"mobiconnector_next_id":null,"mobiconnector_previous_id":51327,"mobiconnector_categories":[{"cat_ID":2,"cat_name":"Not\u00edcias","cat_slug":"noticias","cat_count":6353,"cat_description":"","cat_parent":0}],"_links":{"self":[{"href":"https:\/\/www3.unicentro.br\/noticias\/wp-json\/wp\/v2\/posts\/27208","targetHints":{"allow":["GET"]}}],"collection":[{"href":"https:\/\/www3.unicentro.br\/noticias\/wp-json\/wp\/v2\/posts"}],"about":[{"href":"https:\/\/www3.unicentro.br\/noticias\/wp-json\/wp\/v2\/types\/post"}],"author":[{"embeddable":true,"href":"https:\/\/www3.unicentro.br\/noticias\/wp-json\/wp\/v2\/users\/578"}],"replies":[{"embeddable":true,"href":"https:\/\/www3.unicentro.br\/noticias\/wp-json\/wp\/v2\/comments?post=27208"}],"version-history":[{"count":1,"href":"https:\/\/www3.unicentro.br\/noticias\/wp-json\/wp\/v2\/posts\/27208\/revisions"}],"predecessor-version":[{"id":27220,"href":"https:\/\/www3.unicentro.br\/noticias\/wp-json\/wp\/v2\/posts\/27208\/revisions\/27220"}],"wp:featuredmedia":[{"embeddable":true,"href":"https:\/\/www3.unicentro.br\/noticias\/wp-json\/wp\/v2\/media\/27213"}],"wp:attachment":[{"href":"https:\/\/www3.unicentro.br\/noticias\/wp-json\/wp\/v2\/media?parent=27208"}],"wp:term":[{"taxonomy":"category","embeddable":true,"href":"https:\/\/www3.unicentro.br\/noticias\/wp-json\/wp\/v2\/categories?post=27208"},{"taxonomy":"post_tag","embeddable":true,"href":"https:\/\/www3.unicentro.br\/noticias\/wp-json\/wp\/v2\/tags?post=27208"}],"curies":[{"name":"wp","href":"https:\/\/api.w.org\/{rel}","templated":true}]}}