{"id":9822,"date":"2025-05-07T17:18:53","date_gmt":"2025-05-07T20:18:53","guid":{"rendered":"https:\/\/www3.unicentro.br\/irati\/2025\/05\/07\/dia-nacional-da-matematica-teve-programacao-especial-no-campus-de-irati\/"},"modified":"2025-05-07T17:24:38","modified_gmt":"2025-05-07T20:24:38","slug":"dia-nacional-da-matematica-teve-programacao-especial-no-campus-de-irati","status":"publish","type":"post","link":"https:\/\/www3.unicentro.br\/irati\/2025\/05\/07\/dia-nacional-da-matematica-teve-programacao-especial-no-campus-de-irati\/","title":{"rendered":"Dia Nacional da Matem\u00e1tica teve programa\u00e7\u00e3o especial no C\u00e2mpus de Irati"},"content":{"rendered":"<p style=\"text-align: justify\"><span style=\"font-weight: 400\">Nesta ter\u00e7a-feira (6), o Departamento de Matem\u00e1tica do C\u00e2mpus de Irati da Universidade Estadual do Centro-Oeste (Unicentro) promoveu uma s\u00e9rie de atividades em alus\u00e3o ao Dia Nacional da Matem\u00e1tica. O evento reuniu professores, acad\u00eamicos e alunos do ensino m\u00e9dio para comemorar a data.<\/span><\/p>\n<p style=\"text-align: justify\"><span style=\"font-weight: 400\">Uma das organizadoras, a professora Joyce Jaquelinne Caetano conta que o evento j\u00e1 se tornou uma tradi\u00e7\u00e3o do curso. \u201cDesde 2013, quando a data foi institu\u00edda nacionalmente, n\u00f3s fazemos essa comemora\u00e7\u00e3o. \u00c9 importante para unir os alunos, motiv\u00e1-los a ser professores de matem\u00e1tica e acaba sendo tamb\u00e9m um momento de descontra\u00e7\u00e3o, de festa\u201d, afirma.<\/span><\/p>\n<div class=\"wp-block-image\">\n<div id=\"attachment_9830\" style=\"width: 330px\" class=\"wp-caption alignleft\"><img loading=\"lazy\" decoding=\"async\" aria-describedby=\"caption-attachment-9830\" class=\"wpa-warning wpa-image-missing-alt wp-image-9830\" src=\"https:\/\/www3.unicentro.br\/irati\/wp-content\/uploads\/sites\/89\/2025\/05\/WhatsApp-Image-2025-05-07-at-16.14.35-e1746648735326.jpeg\" alt=\"\" width=\"320\" height=\"368\" data-warning=\"Missing alt text\" srcset=\"https:\/\/www3.unicentro.br\/irati\/wp-content\/uploads\/sites\/89\/2025\/05\/WhatsApp-Image-2025-05-07-at-16.14.35-e1746648735326.jpeg 960w, https:\/\/www3.unicentro.br\/irati\/wp-content\/uploads\/sites\/89\/2025\/05\/WhatsApp-Image-2025-05-07-at-16.14.35-e1746648735326-261x300.jpeg 261w, https:\/\/www3.unicentro.br\/irati\/wp-content\/uploads\/sites\/89\/2025\/05\/WhatsApp-Image-2025-05-07-at-16.14.35-e1746648735326-890x1024.jpeg 890w, https:\/\/www3.unicentro.br\/irati\/wp-content\/uploads\/sites\/89\/2025\/05\/WhatsApp-Image-2025-05-07-at-16.14.35-e1746648735326-768x884.jpeg 768w, https:\/\/www3.unicentro.br\/irati\/wp-content\/uploads\/sites\/89\/2025\/05\/WhatsApp-Image-2025-05-07-at-16.14.35-e1746648735326-400x460.jpeg 400w, https:\/\/www3.unicentro.br\/irati\/wp-content\/uploads\/sites\/89\/2025\/05\/WhatsApp-Image-2025-05-07-at-16.14.35-e1746648735326-800x921.jpeg 800w, https:\/\/www3.unicentro.br\/irati\/wp-content\/uploads\/sites\/89\/2025\/05\/WhatsApp-Image-2025-05-07-at-16.14.35-e1746648735326-255x294.jpeg 255w\" sizes=\"auto, (max-width: 320px) 100vw, 320px\" \/><p id=\"caption-attachment-9830\" class=\"wp-caption-text\">Futebol de rob\u00f4s e jogos de perguntas e respostas tamb\u00e9m fizeram parte das atividades <em>(Foto: Arquivo Pessoal)<\/em><\/p><\/div>\n<\/div>\n<p style=\"text-align: justify\"><span style=\"font-weight: 400\">Com atividades pela manh\u00e3 e \u00e0 noite, toda a programa\u00e7\u00e3o foi pensada pelos acad\u00eamicos do 3\u00ba e 4\u00ba ano de Matem\u00e1tica. Uma delas foi o <\/span><i><span style=\"font-weight: 400\">escape room<\/span><\/i><span style=\"font-weight: 400\">, uma sala em que os participantes respondiam a desafios de matem\u00e1tica e racioc\u00ednio l\u00f3gico. \u201cA gente tinha visto o filme <\/span><i><span style=\"font-weight: 400\">Escape Room<\/span><\/i><span style=\"font-weight: 400\">, em que as pessoas &#8211; como o pr\u00f3prio nome diz &#8211; precisam desvendar alguns enigmas para conseguir escapar. Obviamente n\u00f3s n\u00e3o quer\u00edamos que as pessoas ficassem presas na sala, ent\u00e3o ficamos bem felizes em ver que os alunos do ensino m\u00e9dio, principalmente, se envolveram e conseguiram resolver os desafios\u201d, conta Bianca Nogueira, estudante do 3\u00ba ano.\u00a0<\/span><\/p>\n<p style=\"text-align: justify\"><span style=\"font-weight: 400\">J\u00e1 o 4\u00ba ano se dividiu em grupos para criar pe\u00e7as de teatro e produzir um v\u00eddeo sobre a origem da matem\u00e1tica. \u201cNo v\u00eddeo, tentamos fazer algo bem l\u00fadico. \u00c9 uma par\u00f3dia das Meninas Poderosas, em que elas fazem uma viagem no tempo ao Egito Antigo, \u00e0 Mesopot\u00e2mia e \u00e0 Gr\u00e9cia Antiga para conhecer as funcionalidades da matem\u00e1tica na \u00e9poca\u201d, destaca o estudante Lucas Ant\u00f4nio Pedroso.\u00a0<\/span><\/p>\n<p style=\"text-align: justify\"><span style=\"font-weight: 400\">Chefe do departamento, a professora Karolina Barone Hrentchechen elogiou a ades\u00e3o ao evento. \u201cOs alunos e professores do nosso departamento sempre se envolvem em eventos como esse. \u00c9 um curso engajado, mas dessa vez eles surpreenderam trazendo ainda mais atividades\u201d, avalia.\u00a0<\/span><\/p>\n<p style=\"text-align: justify\"><b>Dia Nacional da Matem\u00e1tica\u00a0<\/b><\/p>\n<p style=\"text-align: justify\"><span style=\"font-weight: 400\">Celebrada no dia 6 de maio, a data foi institu\u00edda em homenagem ao nascimento do matem\u00e1tico brasileiro J\u00falio C\u00e9sar Mello e Souza, conhecido como Malba Tahan. Tamb\u00e9m escritor, ele ajudou a difundir a matem\u00e1tica atrav\u00e9s de obras acess\u00edveis especialmente para crian\u00e7as e adolescentes<\/span><\/p>\n<div class=\"wp-block-image\">\n<div class=\"wp-block-image\">\n<div class=\"wp-block-image\">\n\n\t\t<style type=\"text\/css\">\n\t\t\t#gallery-1 {\n\t\t\t\tmargin: auto;\n\t\t\t}\n\t\t\t#gallery-1 .gallery-item {\n\t\t\t\tfloat: left;\n\t\t\t\tmargin-top: 10px;\n\t\t\t\ttext-align: center;\n\t\t\t\twidth: 33%;\n\t\t\t}\n\t\t\t#gallery-1 img {\n\t\t\t\tborder: 2px solid #cfcfcf;\n\t\t\t}\n\t\t\t#gallery-1 .gallery-caption {\n\t\t\t\tmargin-left: 0;\n\t\t\t}\n\t\t\t\/* see gallery_shortcode() in wp-includes\/media.php *\/\n\t\t<\/style>\n\t\t<div id='gallery-1' class='gallery galleryid-9822 gallery-columns-3 gallery-size-thumbnail'><dl class='gallery-item'>\n\t\t\t<dt class='gallery-icon landscape'>\n\t\t\t\t<a href='https:\/\/www3.unicentro.br\/irati\/2025\/05\/07\/dia-nacional-da-matematica-teve-programacao-especial-no-campus-de-irati\/img_8650\/'><img loading=\"lazy\" decoding=\"async\" width=\"96\" height=\"96\" src=\"https:\/\/www3.unicentro.br\/irati\/wp-content\/uploads\/sites\/89\/2025\/05\/IMG_8650-150x150.jpg\" class=\"attachment-thumbnail size-thumbnail\" alt=\"\" srcset=\"https:\/\/www3.unicentro.br\/irati\/wp-content\/uploads\/sites\/89\/2025\/05\/IMG_8650-150x150.jpg 150w, https:\/\/www3.unicentro.br\/irati\/wp-content\/uploads\/sites\/89\/2025\/05\/IMG_8650-50x50.jpg 50w, https:\/\/www3.unicentro.br\/irati\/wp-content\/uploads\/sites\/89\/2025\/05\/IMG_8650-80x80.jpg 80w, https:\/\/www3.unicentro.br\/irati\/wp-content\/uploads\/sites\/89\/2025\/05\/IMG_8650-263x263.jpg 263w, https:\/\/www3.unicentro.br\/irati\/wp-content\/uploads\/sites\/89\/2025\/05\/IMG_8650-100x100.jpg 100w, https:\/\/www3.unicentro.br\/irati\/wp-content\/uploads\/sites\/89\/2025\/05\/IMG_8650-526x526.jpg 526w\" sizes=\"auto, (max-width: 96px) 100vw, 96px\" \/><\/a>\n\t\t\t<\/dt><\/dl><dl class='gallery-item'>\n\t\t\t<dt class='gallery-icon landscape'>\n\t\t\t\t<a href='https:\/\/www3.unicentro.br\/irati\/2025\/05\/07\/dia-nacional-da-matematica-teve-programacao-especial-no-campus-de-irati\/img_8646-1\/'><img loading=\"lazy\" decoding=\"async\" width=\"96\" height=\"96\" src=\"https:\/\/www3.unicentro.br\/irati\/wp-content\/uploads\/sites\/89\/2025\/05\/IMG_8646-1-150x150.jpg\" class=\"attachment-thumbnail size-thumbnail\" alt=\"\" srcset=\"https:\/\/www3.unicentro.br\/irati\/wp-content\/uploads\/sites\/89\/2025\/05\/IMG_8646-1-150x150.jpg 150w, https:\/\/www3.unicentro.br\/irati\/wp-content\/uploads\/sites\/89\/2025\/05\/IMG_8646-1-50x50.jpg 50w, https:\/\/www3.unicentro.br\/irati\/wp-content\/uploads\/sites\/89\/2025\/05\/IMG_8646-1-80x80.jpg 80w, https:\/\/www3.unicentro.br\/irati\/wp-content\/uploads\/sites\/89\/2025\/05\/IMG_8646-1-263x263.jpg 263w, https:\/\/www3.unicentro.br\/irati\/wp-content\/uploads\/sites\/89\/2025\/05\/IMG_8646-1-100x100.jpg 100w, https:\/\/www3.unicentro.br\/irati\/wp-content\/uploads\/sites\/89\/2025\/05\/IMG_8646-1-526x526.jpg 526w\" sizes=\"auto, (max-width: 96px) 100vw, 96px\" \/><\/a>\n\t\t\t<\/dt><\/dl><dl class='gallery-item'>\n\t\t\t<dt class='gallery-icon landscape'>\n\t\t\t\t<a href='https:\/\/www3.unicentro.br\/irati\/2025\/05\/07\/dia-nacional-da-matematica-teve-programacao-especial-no-campus-de-irati\/img_8687\/'><img loading=\"lazy\" decoding=\"async\" width=\"96\" height=\"96\" src=\"https:\/\/www3.unicentro.br\/irati\/wp-content\/uploads\/sites\/89\/2025\/05\/IMG_8687-150x150.jpg\" class=\"attachment-thumbnail size-thumbnail\" alt=\"\" srcset=\"https:\/\/www3.unicentro.br\/irati\/wp-content\/uploads\/sites\/89\/2025\/05\/IMG_8687-150x150.jpg 150w, https:\/\/www3.unicentro.br\/irati\/wp-content\/uploads\/sites\/89\/2025\/05\/IMG_8687-50x50.jpg 50w, https:\/\/www3.unicentro.br\/irati\/wp-content\/uploads\/sites\/89\/2025\/05\/IMG_8687-80x80.jpg 80w, https:\/\/www3.unicentro.br\/irati\/wp-content\/uploads\/sites\/89\/2025\/05\/IMG_8687-263x263.jpg 263w, https:\/\/www3.unicentro.br\/irati\/wp-content\/uploads\/sites\/89\/2025\/05\/IMG_8687-100x100.jpg 100w, https:\/\/www3.unicentro.br\/irati\/wp-content\/uploads\/sites\/89\/2025\/05\/IMG_8687-526x526.jpg 526w\" sizes=\"auto, (max-width: 96px) 100vw, 96px\" \/><\/a>\n\t\t\t<\/dt><\/dl><br style=\"clear: both\" \/>\n\t\t<\/div>\n\n<\/div>\n<\/div>\n<\/div>\n<p style=\"text-align: justify\"><span style=\"font-size: 10pt\"><em>Por Paula Claro<\/em><\/span><\/p>\n<hr \/>\n<p style=\"text-align: justify\"><span style=\"color: #808000\"><strong>Voc\u00ea j\u00e1 conhece o canal de transmiss\u00e3o da Unicentro no WhatsApp?<\/strong><\/span><\/p>\n<p style=\"text-align: justify\">L\u00e1, voc\u00ea encontra not\u00edcias fresquinhas e em primeira m\u00e3o, al\u00e9m de comunicados oficiais, eventos, conquistas da galera e muito mais!\u00a0<span style=\"color: #808000\"><strong><a style=\"color: #808000\" href=\"https:\/\/whatsapp.com\/channel\/0029VaBQlmUEVccJs6JPNB0N\">Clique aqui<\/a><\/strong>\u00a0<\/span>para participar e fique por dentro de tudo o que \u00e9 destaque na nossa universidade.<\/p>\n","protected":false},"excerpt":{"rendered":"<p>Celebrada no dia 6 de maio, data \u00e9 uma homenagem ao matem\u00e1tico Malba Tahan.<\/p>\n","protected":false},"author":540,"featured_media":0,"comment_status":"open","ping_status":"open","sticky":false,"template":"","format":"standard","meta":{"_exactmetrics_skip_tracking":false,"_exactmetrics_sitenote_active":false,"_exactmetrics_sitenote_note":"","_exactmetrics_sitenote_category":0,"fifu_image_url":"","fifu_image_alt":"","footnotes":"","_links_to":"","_links_to_target":""},"categories":[2],"tags":[],"class_list":["post-9822","post","type-post","status-publish","format-standard","hentry","category-noticias"],"_links":{"self":[{"href":"https:\/\/www3.unicentro.br\/irati\/wp-json\/wp\/v2\/posts\/9822","targetHints":{"allow":["GET"]}}],"collection":[{"href":"https:\/\/www3.unicentro.br\/irati\/wp-json\/wp\/v2\/posts"}],"about":[{"href":"https:\/\/www3.unicentro.br\/irati\/wp-json\/wp\/v2\/types\/post"}],"author":[{"embeddable":true,"href":"https:\/\/www3.unicentro.br\/irati\/wp-json\/wp\/v2\/users\/540"}],"replies":[{"embeddable":true,"href":"https:\/\/www3.unicentro.br\/irati\/wp-json\/wp\/v2\/comments?post=9822"}],"version-history":[{"count":2,"href":"https:\/\/www3.unicentro.br\/irati\/wp-json\/wp\/v2\/posts\/9822\/revisions"}],"predecessor-version":[{"id":9836,"href":"https:\/\/www3.unicentro.br\/irati\/wp-json\/wp\/v2\/posts\/9822\/revisions\/9836"}],"wp:attachment":[{"href":"https:\/\/www3.unicentro.br\/irati\/wp-json\/wp\/v2\/media?parent=9822"}],"wp:term":[{"taxonomy":"category","embeddable":true,"href":"https:\/\/www3.unicentro.br\/irati\/wp-json\/wp\/v2\/categories?post=9822"},{"taxonomy":"post_tag","embeddable":true,"href":"https:\/\/www3.unicentro.br\/irati\/wp-json\/wp\/v2\/tags?post=9822"}],"curies":[{"name":"wp","href":"https:\/\/api.w.org\/{rel}","templated":true}]}}