{"id":8777,"date":"2024-09-25T15:27:59","date_gmt":"2024-09-25T18:27:59","guid":{"rendered":"https:\/\/www3.unicentro.br\/irati\/2024\/09\/25\/inscricoes-abertas-para-a-concessao-de-auxilio-alimentacao-no-campus-de-irati-2\/"},"modified":"2024-09-25T15:27:59","modified_gmt":"2024-09-25T18:27:59","slug":"inscricoes-abertas-para-a-concessao-de-auxilio-alimentacao-no-campus-de-irati-2","status":"publish","type":"post","link":"https:\/\/www3.unicentro.br\/irati\/2024\/09\/25\/inscricoes-abertas-para-a-concessao-de-auxilio-alimentacao-no-campus-de-irati-2\/","title":{"rendered":"Inscri\u00e7\u00f5es abertas para a concess\u00e3o de aux\u00edlio-alimenta\u00e7\u00e3o no C\u00e2mpus de Irati"},"content":{"rendered":"<p style=\"text-align: justify\"><span style=\"font-weight: 400\">A Diretoria de Apoio aos Estudantes do C\u00e2mpus de Irati (Diraes\/I) da Universidade Estadual do Centro-Oeste (Unicentro) est\u00e1 com inscri\u00e7\u00f5es abertas para as vagas de aux\u00edlio-alimenta\u00e7\u00e3o. A inscri\u00e7\u00e3o \u00e9 gratuita e pode ser feita at\u00e9 30 de setembro, via <\/span><a href=\"https:\/\/www3.unicentro.br\/protocolo\/\"><span style=\"font-weight: 400\">Protocolo Digital<\/span><\/a><span style=\"font-weight: 400\"> da Unicentro.\u00a0<\/span><\/p>\n<p style=\"text-align: justify\"><span style=\"font-weight: 400\">O edital prev\u00ea a concess\u00e3o de vales-refei\u00e7\u00e3o que podem ser utilizados no restaurante universit\u00e1rio do C\u00e2mpus de Irati, de segunda a sexta-feira. No ato da inscri\u00e7\u00e3o, o candidato deve responder se pretende utilizar o benef\u00edcio no almo\u00e7o ou no jantar. \u201cSer\u00e3o dez vagas para o almo\u00e7o e dez para o jantar. Dessa forma vamos atender, neste primeiro momento, 20 acad\u00eamicos\u201d, afirma a diretora de Apoio aos Estudantes, professora Andrea Nogueira Dias.\u00a0<\/span><\/p>\n<p style=\"text-align: justify\"><span style=\"font-weight: 400\">Para participar, o aluno deve estar matriculado em um curso de gradua\u00e7\u00e3o presencial ofertado pela universidade em Irati. Ele tamb\u00e9m deve atender a outros requisitos, como possuir renda familiar per capita de at\u00e9 um sal\u00e1rio m\u00ednimo, estar cursando a primeira gradua\u00e7\u00e3o e estar inscrito no Cad\u00danico do Governo Federal.\u00a0<\/span><\/p>\n<p style=\"text-align: justify\"><span style=\"font-weight: 400\">A sele\u00e7\u00e3o se dar\u00e1 por meio da an\u00e1lise da documenta\u00e7\u00e3o e do perfil socioecon\u00f4mico, al\u00e9m de uma entrevista. Os interessados t\u00eam at\u00e9 segunda-feira (30) para preencher a ficha de inscri\u00e7\u00e3o e envi\u00e1-la junto com os documentos necess\u00e1rios. No <\/span><a href=\"https:\/\/sguweb.unicentro.br\/arquivos\/osarquivo\/cnm_arquivo\/edital_32_aux_alimenta_o_66f15438cfec5.pdf\"><span style=\"font-weight: 400\">edital<\/span><\/a><span style=\"font-weight: 400\">, constam todos detalhes sobre o aux\u00edlio e o cronograma do processo seletivo. Em caso de d\u00favidas, basta entrar em contato com a Diraes pelo telefone (42) 3421-3073.\u00a0<\/span><\/p>\n<p style=\"text-align: justify\"><span style=\"font-weight: 400\">O aux\u00edlio-alimenta\u00e7\u00e3o faz parte do programa de assist\u00eancia estudantil da Pr\u00f3-Reitoria de Apoio aos Estudantes (Proae) da Unicentro. A iniciativa visa dar condi\u00e7\u00f5es de acesso e perman\u00eancia no ensino superior e contribuir para a redu\u00e7\u00e3o da evas\u00e3o ocasionada pela desigualdade ou exclus\u00e3o social.<\/span><\/p>\n<p>&nbsp;<\/p>\n<p style=\"text-align: justify\"><em><span style=\"font-size: 10pt\">Por Paula Claro<\/span><\/em><\/p>\n<hr \/>\n<div class=\"wp-block-image\" style=\"text-align: justify\">\n<p style=\"text-align: justify\"><span style=\"color: #808000\"><strong>Voc\u00ea j\u00e1 conhece o canal de transmiss\u00e3o da Unicentro no WhatsApp?<\/strong><\/span><\/p>\n<p style=\"text-align: justify\">L\u00e1, voc\u00ea encontra not\u00edcias fresquinhas e em primeira m\u00e3o, al\u00e9m de comunicados oficiais, eventos, conquistas da galera e muito mais!\u00a0<strong><a href=\"https:\/\/whatsapp.com\/channel\/0029VaBQlmUEVccJs6JPNB0N\"><span style=\"color: #808000\">Clique aqui<\/span><\/a><\/strong> para participar e fique por dentro de tudo o que \u00e9 destaque na nossa universidade.<\/p>\n<\/div>\n","protected":false},"excerpt":{"rendered":"<p>Edital \u00e9 destinado a graduandos em situa\u00e7\u00e3o de vulnerabilidade socioecon\u00f4mica.<\/p>\n","protected":false},"author":540,"featured_media":1316,"comment_status":"open","ping_status":"open","sticky":false,"template":"","format":"standard","meta":{"_exactmetrics_skip_tracking":false,"_exactmetrics_sitenote_active":false,"_exactmetrics_sitenote_note":"","_exactmetrics_sitenote_category":0,"fifu_image_url":"https:\/\/www3.unicentro.br\/noticias\/wp-content\/uploads\/sites\/3\/2024\/09\/Mate\u0301ria.jpg","fifu_image_alt":"","footnotes":"","_links_to":"","_links_to_target":""},"categories":[2],"tags":[],"class_list":["post-8777","post","type-post","status-publish","format-standard","has-post-thumbnail","hentry","category-noticias"],"_links":{"self":[{"href":"https:\/\/www3.unicentro.br\/irati\/wp-json\/wp\/v2\/posts\/8777","targetHints":{"allow":["GET"]}}],"collection":[{"href":"https:\/\/www3.unicentro.br\/irati\/wp-json\/wp\/v2\/posts"}],"about":[{"href":"https:\/\/www3.unicentro.br\/irati\/wp-json\/wp\/v2\/types\/post"}],"author":[{"embeddable":true,"href":"https:\/\/www3.unicentro.br\/irati\/wp-json\/wp\/v2\/users\/540"}],"replies":[{"embeddable":true,"href":"https:\/\/www3.unicentro.br\/irati\/wp-json\/wp\/v2\/comments?post=8777"}],"version-history":[{"count":0,"href":"https:\/\/www3.unicentro.br\/irati\/wp-json\/wp\/v2\/posts\/8777\/revisions"}],"wp:featuredmedia":[{"embeddable":true,"href":"https:\/\/www3.unicentro.br\/irati\/wp-json\/"}],"wp:attachment":[{"href":"https:\/\/www3.unicentro.br\/irati\/wp-json\/wp\/v2\/media?parent=8777"}],"wp:term":[{"taxonomy":"category","embeddable":true,"href":"https:\/\/www3.unicentro.br\/irati\/wp-json\/wp\/v2\/categories?post=8777"},{"taxonomy":"post_tag","embeddable":true,"href":"https:\/\/www3.unicentro.br\/irati\/wp-json\/wp\/v2\/tags?post=8777"}],"curies":[{"name":"wp","href":"https:\/\/api.w.org\/{rel}","templated":true}]}}