{"id":8237,"date":"2024-06-14T16:01:24","date_gmt":"2024-06-14T19:01:24","guid":{"rendered":"https:\/\/www3.unicentro.br\/irati\/2024\/06\/14\/unicentro-34-anos-posse-da-nova-coordenadoria-de-relacoes-internacionais-e-apresentacao-das-equipes-marcam-comemoracao-no-campus-de-irati\/"},"modified":"2024-06-14T16:06:07","modified_gmt":"2024-06-14T19:06:07","slug":"unicentro-34-anos-posse-da-nova-coordenadoria-de-relacoes-internacionais-e-apresentacao-das-equipes-marcam-comemoracao-no-campus-de-irati","status":"publish","type":"post","link":"https:\/\/www3.unicentro.br\/irati\/2024\/06\/14\/unicentro-34-anos-posse-da-nova-coordenadoria-de-relacoes-internacionais-e-apresentacao-das-equipes-marcam-comemoracao-no-campus-de-irati\/","title":{"rendered":"Unicentro 34 anos: posse da nova Coordenadoria de Rela\u00e7\u00f5es Internacionais e apresenta\u00e7\u00f5es de equipes marcam comemora\u00e7\u00e3o no C\u00e2mpus de Irati"},"content":{"rendered":"<p style=\"text-align: justify\">O anivers\u00e1rio da Universidade Estadual do Centro-Oeste (Unicentro) tamb\u00e9m movimentou o C\u00e2mpus de Irati na tarde dessa quinta-feira, 13 de junho. Na unidade universit\u00e1ria, a celebra\u00e7\u00e3o pelos 34 anos contou com a solenidade de designa\u00e7\u00e3o da nova Coordenadoria de Rela\u00e7\u00f5es Internacionais e a apresenta\u00e7\u00e3o das equipes das Pr\u00f3-Reitorias de Planejamento (Proplan) e de Apoio aos Estudantes (Proae), al\u00e9m do Gabinete da Reitoria em Irati.<\/p>\n<p style=\"text-align: justify\">Ao longo da semana comemorativa, a Reitoria da Unicentro promoveu apresenta\u00e7\u00f5es das sete Pr\u00f3-Reitorias e das seis Coordenadorias que comp\u00f5em a universidade. \u201cN\u00f3s pudemos, nesta semana de anivers\u00e1rio, criar v\u00e1rios eventos, v\u00e1rias atividades para mostrar a import\u00e2ncia da Unicentro e apresentar as equipes da gest\u00e3o para que todos possam conhecer as pessoas da maneira mais democr\u00e1tica poss\u00edvel, para saber quem est\u00e1 em cada \u00e1rea e possam fazer suas solicita\u00e7\u00f5es\u201d, explica o vice-reitor, professor Ademir Fanfa Ribas.<\/p>\n<p style=\"text-align: justify\">Uma das novidades \u00e9 que, a partir deste m\u00eas, o ent\u00e3o Escrit\u00f3rio de Rela\u00e7\u00f5es Internacionais (ERI) passa a ser uma Coordenadoria. De acordo com o reitor da Unicentro, professor F\u00e1bio Hernandes, a mudan\u00e7a aprovada pelo Conselho Universit\u00e1rio intensifica e amplia o trabalho que j\u00e1 vinha sendo feito pela equipe. \u201cO nosso objetivo sempre foi fazer com que a universidade tenha maior visibilidade internacional, participe mais de a\u00e7\u00f5es internacionais, com mais oportunidades para nossos estudantes, docentes e agentes. E a cria\u00e7\u00e3o desta Coordenadoria mostra ainda mais este nosso foco\u201d, salienta o reitor.<\/p>\n<p style=\"text-align: justify\">Sob a lideran\u00e7a da professora Cibele Krause Lemke, a Coordenadoria de Rela\u00e7\u00f5es Internacionais ter\u00e1 duas Diretorias &#8211; a de \u2018Acordos de Coopera\u00e7\u00e3o Internacional e Mobilidade\u2019 e a de \u2018Pol\u00edticas Lingu\u00edsticas e Projetos Internacionais\u2019. \u201cNa primeira, n\u00f3s vamos continuar com o nosso trabalho de acordos de coopera\u00e7\u00e3o, de mobilidade docente e discente. E, na segunda, a gente quer trabalhar com a parte mais acad\u00eamica da internacionaliza\u00e7\u00e3o, que \u00e9 a oferta de disciplinas em outras l\u00ednguas, o desenvolvimento de atividades com universidades parceiras estrangeiras, entre outras atividades\u201d, detalha Cibele.<\/p>\n<p style=\"text-align: justify\">A Coordenadoria tamb\u00e9m abarca o <em>Writing Center<\/em> &#8211; o Centro de Escrita Acad\u00eamica da Unicentro &#8211; e vai dar suporte aos programas de ensino de l\u00ednguas estrangeiras, como o Paran\u00e1 Fala Idiomas, o Promul e o Centro de L\u00ednguas. \u201cQueremos estar em estreita rela\u00e7\u00e3o com essas diferentes inst\u00e2ncias. O nosso \u00e2nimo para isso est\u00e1 bastante positivo e acreditamos que vamos ter bons resultados\u201d, avalia a coordenadora.<\/p>\n<p style=\"text-align: justify\"><strong>Apresenta\u00e7\u00f5es<\/strong><\/p>\n<p style=\"text-align: justify\">A nova Pr\u00f3-Reitoria de Apoio aos Estudantes, que tomou posse no C\u00e2mpus Santa Cruz na \u00faltima ter\u00e7a-feira (11), tamb\u00e9m participou do evento. A equipe vinculada \u00e0 Proae foi apresentada e falou sobre as tr\u00eas \u00e1reas de atua\u00e7\u00e3o no C\u00e2mpus de Irati &#8211; Promo\u00e7\u00e3o \u00e0 Sa\u00fade; Inclus\u00e3o e Acessibilidade; e Apoio Estudantil. \u201cA Unicentro ainda n\u00e3o tinha uma pr\u00f3-reitoria voltada exclusivamente para os estudantes, ent\u00e3o \u00e9 uma demonstra\u00e7\u00e3o da universidade de que o estudante e as suas demandas, suas vontades e seus desejos s\u00e3o importantes para n\u00f3s\u201d, enfatiza o vice-reitor.<\/p>\n<p style=\"text-align: justify\">J\u00e1 a Pr\u00f3-Reitoria de Planejamento realizou a apresenta\u00e7\u00e3o da equipe para o C\u00e2mpus de Irati, no qual o pr\u00f3-reitor, professor Maur\u00edcio Atamanczuk, \u00e9 lotado. Reconduzido ao cargo, o docente refor\u00e7ou o compromisso com desenvolvimento das demandas atreladas \u00e0 Proplan. \u201cTem diversos novos assuntos que a pr\u00f3-reitoria est\u00e1 assumindo, muitas demandas na parte de obras e engenharia, uma diversidade de recursos destinados \u00e0 infraestrutura. Teremos agora o acompanhamento do PDI [Plano de Desenvolvimento Institucional], al\u00e9m de a\u00e7\u00f5es voltadas para a quest\u00e3o da sustentabilidade e dos objetivos de desenvolvimento sustent\u00e1vel\u201d, afirma.<\/p>\n<p style=\"text-align: justify\">Atualmente, a Proplan conta com quatro diretorias &#8211; a de Engenharia e Arquitetura; de Avalia\u00e7\u00e3o Institucional; de Desenvolvimento Universit\u00e1rio; e de Planejamento e Sustentabilidade. \u201cAl\u00e9m disso, a Proplan tamb\u00e9m desenvolve projetos institucionais, dois deles de grande destaque, que s\u00e3o o Walking Tour e a C\u00e1tedra de Empoderamento Feminino\u201d, relembra o pr\u00f3-reitor.<\/p>\n<p style=\"text-align: justify\"><strong>Comemora\u00e7\u00f5es de anivers\u00e1rio<\/strong><\/p>\n<p style=\"text-align: justify\">No C\u00e2mpus de Irati, a comemora\u00e7\u00e3o tamb\u00e9m contou com o tradicional bolo de anivers\u00e1rio. Assim como nos outros c\u00e2mpus, a unidade recebeu dois kits multim\u00eddia para webconfer\u00eancia. Cada departamento e programa de p\u00f3s-gradua\u00e7\u00e3o tamb\u00e9m foi agraciado com novos computadores.<\/p>\n\n\t\t<style type=\"text\/css\">\n\t\t\t#gallery-1 {\n\t\t\t\tmargin: auto;\n\t\t\t}\n\t\t\t#gallery-1 .gallery-item {\n\t\t\t\tfloat: left;\n\t\t\t\tmargin-top: 10px;\n\t\t\t\ttext-align: center;\n\t\t\t\twidth: 25%;\n\t\t\t}\n\t\t\t#gallery-1 img {\n\t\t\t\tborder: 2px solid #cfcfcf;\n\t\t\t}\n\t\t\t#gallery-1 .gallery-caption {\n\t\t\t\tmargin-left: 0;\n\t\t\t}\n\t\t\t\/* see gallery_shortcode() in wp-includes\/media.php *\/\n\t\t<\/style>\n\t\t<div id='gallery-1' class='gallery galleryid-8237 gallery-columns-4 gallery-size-thumbnail'><dl class='gallery-item'>\n\t\t\t<dt class='gallery-icon landscape'>\n\t\t\t\t<a href='https:\/\/www3.unicentro.br\/irati\/2024\/06\/14\/unicentro-34-anos-posse-da-nova-coordenadoria-de-relacoes-internacionais-e-apresentacao-das-equipes-marcam-comemoracao-no-campus-de-irati\/dsc_3415\/'><img loading=\"lazy\" decoding=\"async\" width=\"96\" height=\"96\" src=\"https:\/\/www3.unicentro.br\/irati\/wp-content\/uploads\/sites\/89\/2024\/06\/DSC_3415-150x150.jpg\" class=\"attachment-thumbnail size-thumbnail\" alt=\"\" srcset=\"https:\/\/www3.unicentro.br\/irati\/wp-content\/uploads\/sites\/89\/2024\/06\/DSC_3415-150x150.jpg 150w, https:\/\/www3.unicentro.br\/irati\/wp-content\/uploads\/sites\/89\/2024\/06\/DSC_3415-50x50.jpg 50w, https:\/\/www3.unicentro.br\/irati\/wp-content\/uploads\/sites\/89\/2024\/06\/DSC_3415-80x80.jpg 80w, https:\/\/www3.unicentro.br\/irati\/wp-content\/uploads\/sites\/89\/2024\/06\/DSC_3415-263x263.jpg 263w, https:\/\/www3.unicentro.br\/irati\/wp-content\/uploads\/sites\/89\/2024\/06\/DSC_3415-100x100.jpg 100w, https:\/\/www3.unicentro.br\/irati\/wp-content\/uploads\/sites\/89\/2024\/06\/DSC_3415-526x526.jpg 526w\" sizes=\"auto, (max-width: 96px) 100vw, 96px\" \/><\/a>\n\t\t\t<\/dt><\/dl><dl class='gallery-item'>\n\t\t\t<dt class='gallery-icon landscape'>\n\t\t\t\t<a href='https:\/\/www3.unicentro.br\/irati\/2024\/06\/14\/unicentro-34-anos-posse-da-nova-coordenadoria-de-relacoes-internacionais-e-apresentacao-das-equipes-marcam-comemoracao-no-campus-de-irati\/dsc_3462\/'><img loading=\"lazy\" decoding=\"async\" width=\"96\" height=\"96\" src=\"https:\/\/www3.unicentro.br\/irati\/wp-content\/uploads\/sites\/89\/2024\/06\/DSC_3462-150x150.jpg\" class=\"attachment-thumbnail size-thumbnail\" alt=\"\" srcset=\"https:\/\/www3.unicentro.br\/irati\/wp-content\/uploads\/sites\/89\/2024\/06\/DSC_3462-150x150.jpg 150w, https:\/\/www3.unicentro.br\/irati\/wp-content\/uploads\/sites\/89\/2024\/06\/DSC_3462-50x50.jpg 50w, https:\/\/www3.unicentro.br\/irati\/wp-content\/uploads\/sites\/89\/2024\/06\/DSC_3462-80x80.jpg 80w, https:\/\/www3.unicentro.br\/irati\/wp-content\/uploads\/sites\/89\/2024\/06\/DSC_3462-263x263.jpg 263w, https:\/\/www3.unicentro.br\/irati\/wp-content\/uploads\/sites\/89\/2024\/06\/DSC_3462-100x100.jpg 100w, https:\/\/www3.unicentro.br\/irati\/wp-content\/uploads\/sites\/89\/2024\/06\/DSC_3462-526x526.jpg 526w\" sizes=\"auto, (max-width: 96px) 100vw, 96px\" \/><\/a>\n\t\t\t<\/dt><\/dl><dl class='gallery-item'>\n\t\t\t<dt class='gallery-icon landscape'>\n\t\t\t\t<a href='https:\/\/www3.unicentro.br\/irati\/2024\/06\/14\/unicentro-34-anos-posse-da-nova-coordenadoria-de-relacoes-internacionais-e-apresentacao-das-equipes-marcam-comemoracao-no-campus-de-irati\/dsc_3481\/'><img loading=\"lazy\" decoding=\"async\" width=\"96\" height=\"96\" src=\"https:\/\/www3.unicentro.br\/irati\/wp-content\/uploads\/sites\/89\/2024\/06\/DSC_3481-150x150.jpg\" class=\"attachment-thumbnail size-thumbnail\" alt=\"\" srcset=\"https:\/\/www3.unicentro.br\/irati\/wp-content\/uploads\/sites\/89\/2024\/06\/DSC_3481-150x150.jpg 150w, https:\/\/www3.unicentro.br\/irati\/wp-content\/uploads\/sites\/89\/2024\/06\/DSC_3481-50x50.jpg 50w, https:\/\/www3.unicentro.br\/irati\/wp-content\/uploads\/sites\/89\/2024\/06\/DSC_3481-80x80.jpg 80w, https:\/\/www3.unicentro.br\/irati\/wp-content\/uploads\/sites\/89\/2024\/06\/DSC_3481-263x263.jpg 263w, https:\/\/www3.unicentro.br\/irati\/wp-content\/uploads\/sites\/89\/2024\/06\/DSC_3481-100x100.jpg 100w, https:\/\/www3.unicentro.br\/irati\/wp-content\/uploads\/sites\/89\/2024\/06\/DSC_3481-526x526.jpg 526w\" sizes=\"auto, (max-width: 96px) 100vw, 96px\" \/><\/a>\n\t\t\t<\/dt><\/dl><dl class='gallery-item'>\n\t\t\t<dt class='gallery-icon landscape'>\n\t\t\t\t<a href='https:\/\/www3.unicentro.br\/irati\/2024\/06\/14\/unicentro-34-anos-posse-da-nova-coordenadoria-de-relacoes-internacionais-e-apresentacao-das-equipes-marcam-comemoracao-no-campus-de-irati\/dsc_3559\/'><img loading=\"lazy\" decoding=\"async\" width=\"96\" height=\"96\" src=\"https:\/\/www3.unicentro.br\/irati\/wp-content\/uploads\/sites\/89\/2024\/06\/DSC_3559-150x150.jpg\" class=\"attachment-thumbnail size-thumbnail\" alt=\"\" srcset=\"https:\/\/www3.unicentro.br\/irati\/wp-content\/uploads\/sites\/89\/2024\/06\/DSC_3559-150x150.jpg 150w, https:\/\/www3.unicentro.br\/irati\/wp-content\/uploads\/sites\/89\/2024\/06\/DSC_3559-50x50.jpg 50w, https:\/\/www3.unicentro.br\/irati\/wp-content\/uploads\/sites\/89\/2024\/06\/DSC_3559-80x80.jpg 80w, https:\/\/www3.unicentro.br\/irati\/wp-content\/uploads\/sites\/89\/2024\/06\/DSC_3559-263x263.jpg 263w, https:\/\/www3.unicentro.br\/irati\/wp-content\/uploads\/sites\/89\/2024\/06\/DSC_3559-100x100.jpg 100w, https:\/\/www3.unicentro.br\/irati\/wp-content\/uploads\/sites\/89\/2024\/06\/DSC_3559-526x526.jpg 526w\" sizes=\"auto, (max-width: 96px) 100vw, 96px\" \/><\/a>\n\t\t\t<\/dt><\/dl><br style=\"clear: both\" \/>\n\t\t<\/div>\n\n<p style=\"text-align: justify\"><span style=\"font-size: 8pt\"><em>Por Paula Claro<\/em><\/span><\/p>\n<hr \/>\n<p style=\"text-align: justify\"><span style=\"color: #808000\"><strong>Voc\u00ea j\u00e1 conhece o canal de transmiss\u00e3o da Unicentro no WhatsApp?<\/strong><\/span><\/p>\n<p style=\"text-align: justify\">L\u00e1, voc\u00ea encontra not\u00edcias fresquinhas e em primeira m\u00e3o, al\u00e9m de comunicados oficiais, eventos, conquistas da galera e muito mais!\u00a0<span style=\"color: #808000\"><strong><a style=\"color: #808000\" href=\"https:\/\/whatsapp.com\/channel\/0029VaBQlmUEVccJs6JPNB0N\">Clique aqui<\/a><\/strong><\/span>\u00a0para participar e fique por dentro de tudo o que \u00e9 destaque na nossa universidade.<\/p>\n<div class=\"wp-block-image\" style=\"text-align: justify\"><\/div>\n","protected":false},"excerpt":{"rendered":"<p>Solenidade tamb\u00e9m apresentou equipes da Proplan, da Proae e do Gabinete da Reitoria em Irati.<\/p>\n","protected":false},"author":578,"featured_media":1314,"comment_status":"open","ping_status":"open","sticky":false,"template":"","format":"standard","meta":{"_exactmetrics_skip_tracking":false,"_exactmetrics_sitenote_active":false,"_exactmetrics_sitenote_note":"","_exactmetrics_sitenote_category":0,"fifu_image_url":"https:\/\/www3.unicentro.br\/noticias\/wp-content\/uploads\/sites\/3\/2024\/06\/DSC_3514.jpg","fifu_image_alt":"","footnotes":"","_links_to":"","_links_to_target":""},"categories":[2],"tags":[],"class_list":["post-8237","post","type-post","status-publish","format-standard","has-post-thumbnail","hentry","category-noticias"],"_links":{"self":[{"href":"https:\/\/www3.unicentro.br\/irati\/wp-json\/wp\/v2\/posts\/8237","targetHints":{"allow":["GET"]}}],"collection":[{"href":"https:\/\/www3.unicentro.br\/irati\/wp-json\/wp\/v2\/posts"}],"about":[{"href":"https:\/\/www3.unicentro.br\/irati\/wp-json\/wp\/v2\/types\/post"}],"author":[{"embeddable":true,"href":"https:\/\/www3.unicentro.br\/irati\/wp-json\/wp\/v2\/users\/578"}],"replies":[{"embeddable":true,"href":"https:\/\/www3.unicentro.br\/irati\/wp-json\/wp\/v2\/comments?post=8237"}],"version-history":[{"count":1,"href":"https:\/\/www3.unicentro.br\/irati\/wp-json\/wp\/v2\/posts\/8237\/revisions"}],"predecessor-version":[{"id":8257,"href":"https:\/\/www3.unicentro.br\/irati\/wp-json\/wp\/v2\/posts\/8237\/revisions\/8257"}],"wp:featuredmedia":[{"embeddable":true,"href":"https:\/\/www3.unicentro.br\/irati\/wp-json\/"}],"wp:attachment":[{"href":"https:\/\/www3.unicentro.br\/irati\/wp-json\/wp\/v2\/media?parent=8237"}],"wp:term":[{"taxonomy":"category","embeddable":true,"href":"https:\/\/www3.unicentro.br\/irati\/wp-json\/wp\/v2\/categories?post=8237"},{"taxonomy":"post_tag","embeddable":true,"href":"https:\/\/www3.unicentro.br\/irati\/wp-json\/wp\/v2\/tags?post=8237"}],"curies":[{"name":"wp","href":"https:\/\/api.w.org\/{rel}","templated":true}]}}