{"id":7790,"date":"2024-05-03T11:46:08","date_gmt":"2024-05-03T14:46:08","guid":{"rendered":"https:\/\/www3.unicentro.br\/irati\/2024\/05\/03\/unicentro-realiza-iii-encontro-de-aquisicao-patologias-e-clinica-de-linguagem\/"},"modified":"2024-05-03T11:46:08","modified_gmt":"2024-05-03T14:46:08","slug":"unicentro-realiza-iii-encontro-de-aquisicao-patologias-e-clinica-de-linguagem","status":"publish","type":"post","link":"https:\/\/www3.unicentro.br\/irati\/2024\/05\/03\/unicentro-realiza-iii-encontro-de-aquisicao-patologias-e-clinica-de-linguagem\/","title":{"rendered":"Unicentro realiza III Encontro de Aquisi\u00e7\u00e3o, Patologias e Cl\u00ednica de Linguagem"},"content":{"rendered":"<p style=\"text-align: justify\">Neste semana, o C\u00e2mpus de Irati da Universidade Estadual do Centro-Oeste (Unicentro) sedia o III Encontro de Aquisi\u00e7\u00e3o, Patologias e Cl\u00ednica de Linguagem. O evento \u00e9 organizado pelo Laborat\u00f3rio de Estudos da Linguagem (Lalingua) do Departamento de Fonoaudiologia e re\u00fane fonoaudi\u00f3logos, psic\u00f3logos, psicanalistas, educadores, linguistas, pesquisadores e estudantes de todo o pa\u00eds at\u00e9 este s\u00e1bado (4).<\/p>\n<p style=\"text-align: justify\">A 3\u00aa edi\u00e7\u00e3o do encontro celebra ainda os 25 anos do Grupo de Pesquisa &#8220;Aquisi\u00e7\u00e3o, Patologias e Cl\u00ednica de Linguagem&#8221;, fundado na Pontif\u00edcia Universidade Cat\u00f3lica de S\u00e3o Paulo (PUC-SP), sob a lideran\u00e7a da professora Maria Francisca Lier-DeVitto. Grande homenageada do evento e respons\u00e1vel pela confer\u00eancia de abertura, a docente afirma que o diferencial da Cl\u00ednica de Linguagem, enquanto uma vertente te\u00f3rico-cl\u00ednica, \u00e9 buscar desenvolver procedimentos cl\u00ednicos compat\u00edveis com uma teoriza\u00e7\u00e3o do sujeito e da linguagem.<\/p>\n<p style=\"text-align: justify\">\u201cA fala sintom\u00e1tica \u00e9 uma falta ou falha que aprisiona o sujeito na sua l\u00edngua materna e que produz um estranhamento entre os falantes. E n\u00f3s temos a ideia de que sintoma na linguagem n\u00e3o \u00e9 alguma coisa que se retira, nem com medicamento e nem com t\u00e9cnicas, digamos, empiristas muito fortes. Essa \u00e9 a diferen\u00e7a, exatamente. \u00c9 o compromisso com a linguagem e desse compromisso se retira um procedimento para a cl\u00ednica\u201d, explica.<\/p>\n<p style=\"text-align: justify\">Vice-l\u00edder do grupo de pesquisa, a professora L\u00facia Arantes (PUC-SP) tamb\u00e9m foi uma das palestrantes no primeiro dia do encontro, na quinta-feira (2). Al\u00e9m da institui\u00e7\u00e3o de ensino paulista e da Unicentro, representantes da Universidade Federal da Bahia (UFBA) e da Universidad Nacional San Luis (UNSL), da Argentina, tamb\u00e9m palestram e participam de mesas-redondas durante os tr\u00eas dias de programa\u00e7\u00e3o, que conta ainda com um simp\u00f3sio sobre quest\u00f5es atuais da \u00e1rea e apresenta\u00e7\u00e3o de trabalhos.<\/p>\n<p style=\"text-align: justify\">Para a professora Juliana Ferreira Marcolino Galli, organizadora do evento e coordenadora do Lalingua da Unicentro, o encontro refor\u00e7a os la\u00e7os da gradua\u00e7\u00e3o, da p\u00f3s-gradua\u00e7\u00e3o e da forma\u00e7\u00e3o na Cl\u00ednica de Linguagem, assim como mostra a expans\u00e3o da abordagem que nasceu h\u00e1 25 anos para institui\u00e7\u00f5es dentro e fora do pa\u00eds.<\/p>\n<p style=\"text-align: justify\">\u201cAqui na Unicentro, desde 2015, temos conseguido firmar o Laborat\u00f3rio de Estudos da Linguagem como espa\u00e7o que articula pesquisa e extens\u00e3o. E mais do que isso, n\u00f3s temos docentes, como as professoras Patr\u00edcia Aspilicueta, Luciana Carnevale, Michelly Cordeiro, Paola Lurian que trabalham com essa perspectiva. Sendo que a professora Michelly e a professora Paola foram alunas da Fonoaudiologia da Unicentro, que fizeram mestrado, doutorado e voltaram para c\u00e1 dando continuidade nessa linha de pesquisa\u201d, complementa Juliana.<\/p>\n<p><span style=\"font-weight: 400\">A programa\u00e7\u00e3o completa do III Encontro de Aquisi\u00e7\u00e3o, Patologias e Cl\u00ednica de Linguagem\u00a0 pode acessar no <\/span><a href=\"https:\/\/evento.unicentro.br\/site\/linguagem\/2024\/1\"><span style=\"font-weight: 400\">site de eventos da Unicentro<\/span><\/a><span style=\"font-weight: 400\">. <\/span><\/p>\n<p><span style=\"font-size: 8pt\"><em>Por Wyllian Correa<\/em><\/span><\/p>\n<hr \/>\n<p>&nbsp;<\/p>\n<p style=\"text-align: justify\"><span style=\"color: #808000\"><strong>Voc\u00ea j\u00e1 conhece o canal de transmiss\u00e3o da Unicentro no WhatsApp?<\/strong><\/span><\/p>\n<p style=\"text-align: justify\"><span style=\"font-weight: 400\">L\u00e1, voc\u00ea encontra not\u00edcias fresquinhas e em primeira m\u00e3o, al\u00e9m de comunicados oficiais, eventos, conquistas da galera e muito mais! <span style=\"text-decoration: underline\"><a href=\"https:\/\/www.whatsapp.com\/channel\/0029VaBQlmUEVccJs6JPNB0N\"><span style=\"color: #808000;text-decoration: underline\"><strong>Clique aqui<\/strong> <\/span><\/a><\/span>para participar e fique por dentro de tudo o que \u00e9 destaque na nossa universidade.<\/span><\/p>\n<p>&nbsp;<\/p>\n<p>&nbsp;<\/p>\n","protected":false},"excerpt":{"rendered":"<p>Evento promovido pelo Laborat\u00f3rio de Estudos da Linguagem termina neste s\u00e1bado (4).<\/p>\n","protected":false},"author":578,"featured_media":7791,"comment_status":"open","ping_status":"open","sticky":false,"template":"","format":"standard","meta":{"_exactmetrics_skip_tracking":false,"_exactmetrics_sitenote_active":false,"_exactmetrics_sitenote_note":"","_exactmetrics_sitenote_category":0,"fifu_image_url":"","fifu_image_alt":"","footnotes":"","_links_to":"","_links_to_target":""},"categories":[5,2],"tags":[],"class_list":["post-7790","post","type-post","status-publish","format-standard","has-post-thumbnail","hentry","category-eventos","category-noticias"],"_links":{"self":[{"href":"https:\/\/www3.unicentro.br\/irati\/wp-json\/wp\/v2\/posts\/7790","targetHints":{"allow":["GET"]}}],"collection":[{"href":"https:\/\/www3.unicentro.br\/irati\/wp-json\/wp\/v2\/posts"}],"about":[{"href":"https:\/\/www3.unicentro.br\/irati\/wp-json\/wp\/v2\/types\/post"}],"author":[{"embeddable":true,"href":"https:\/\/www3.unicentro.br\/irati\/wp-json\/wp\/v2\/users\/578"}],"replies":[{"embeddable":true,"href":"https:\/\/www3.unicentro.br\/irati\/wp-json\/wp\/v2\/comments?post=7790"}],"version-history":[{"count":0,"href":"https:\/\/www3.unicentro.br\/irati\/wp-json\/wp\/v2\/posts\/7790\/revisions"}],"wp:featuredmedia":[{"embeddable":true,"href":"https:\/\/www3.unicentro.br\/irati\/wp-json\/wp\/v2\/media\/7791"}],"wp:attachment":[{"href":"https:\/\/www3.unicentro.br\/irati\/wp-json\/wp\/v2\/media?parent=7790"}],"wp:term":[{"taxonomy":"category","embeddable":true,"href":"https:\/\/www3.unicentro.br\/irati\/wp-json\/wp\/v2\/categories?post=7790"},{"taxonomy":"post_tag","embeddable":true,"href":"https:\/\/www3.unicentro.br\/irati\/wp-json\/wp\/v2\/tags?post=7790"}],"curies":[{"name":"wp","href":"https:\/\/api.w.org\/{rel}","templated":true}]}}