{"id":7620,"date":"2024-04-16T21:41:47","date_gmt":"2024-04-17T00:41:47","guid":{"rendered":"https:\/\/www3.unicentro.br\/irati\/2024\/04\/16\/recepcao-aos-calouros-do-campus-de-irati-destaca-oportunidades-da-vida-academica\/"},"modified":"2024-04-17T08:36:17","modified_gmt":"2024-04-17T11:36:17","slug":"recepcao-aos-calouros-do-campus-de-irati-destaca-oportunidades-da-vida-academica","status":"publish","type":"post","link":"https:\/\/www3.unicentro.br\/irati\/2024\/04\/16\/recepcao-aos-calouros-do-campus-de-irati-destaca-oportunidades-da-vida-academica\/","title":{"rendered":"Recep\u00e7\u00e3o aos calouros do C\u00e2mpus de Irati destaca oportunidades da vida acad\u00eamica"},"content":{"rendered":"<p style=\"text-align: justify\"><span style=\"font-weight: 400\">A entrada na universidade marca uma nova etapa da vida, cheia de desafios e sonhos. Para falar sobre esse per\u00edodo t\u00e3o cheio de expectativas, a Reitoria da Universidade Estadual do Centro-Oeste (Unicentro), no in\u00edcio de cada ano letivo, promove uma recep\u00e7\u00e3o aos calouros nos c\u00e2mpus e unidades avan\u00e7adas da institui\u00e7\u00e3o. O objetivo \u00e9 dar as boas-vindas e apresentar aos estudantes as possibilidades que a vida universit\u00e1ria oferece. A primeira dessas recep\u00e7\u00f5es foi realizada nesta ter\u00e7a-feira (16) em Irati e reuniu os novos acad\u00eamicos dos 14 cursos ofertados no c\u00e2mpus.<\/span><\/p>\n<p style=\"text-align: justify\"><span style=\"font-weight: 400\">Estela Dalla Costa Cervelin \u00e9 uma das calouras de Psicologia. De Santo Ant\u00f4nio do Sudoeste, cidade do Paran\u00e1 que fica na fronteira com a Argentina, ela conta que a escolha pelo curso se deu por uma s\u00e9rie de afinidades. \u201cDesde muito nova, eu sempre gostei da \u00e1rea de sa\u00fade. Meus parentes por parte de pai s\u00e3o da \u00e1rea. Eu sempre gostei de biologia, hist\u00f3ria e, com o tempo, a paix\u00e3o por filosofia e sociologia foi crescendo tamb\u00e9m. E a\u00ed eu comecei a fazer terapia e percebi que o que eu realmente queria era entender o ser humano e o processo de desenvolvimento. Foi ent\u00e3o que eu decidi que seria psicologia\u201d, detalha.\u00a0<\/span><\/p>\n<p style=\"text-align: justify\"><span style=\"font-weight: 400\">J\u00e1 Arthur Medeiros decidiu deixar o Rio de Janeiro em busca de mais qualidade de vida e assim poder conciliar o trabalho de m\u00fasico com a gradua\u00e7\u00e3o em Fonoaudiologia. Na Unicentro, ele encontrou o curso que desejava nas condi\u00e7\u00f5es que queria. \u201cEu vim do Campo Grande, o maior bairro do Rio de Janeiro. Eu cogitei fazer uma universidade privada l\u00e1 no Rio, mas era muito longe. S\u00f3 de transporte eu ia perder de uma hora e meia a duas horas. E a federal p\u00fablica que tem fonoaudiologia l\u00e1 tamb\u00e9m era muito longe, e pra morar perto da faculdade o custo de vida \u00e9 muito maior. E a\u00ed eu pesquisei algumas universidades no interior, que houvesse essa possibilidade de estar mais perto, de ter mais qualidade na mobilidade e tudo mais, e uma das que eu vi foi a Unicentro. Ent\u00e3o eu me inscrevi no Sisu pra c\u00e1. Aqui foi onde encontrei tudo isso. Moro aqui do lado da faculdade, vou e volto andando\u201d, detalha.<\/span><\/p>\n<div id=\"attachment_7665\" style=\"width: 440px\" class=\"wp-caption alignleft\"><img loading=\"lazy\" decoding=\"async\" aria-describedby=\"caption-attachment-7665\" class=\"wpa-warning wpa-image-missing-alt wp-image-7665\" src=\"https:\/\/www3.unicentro.br\/irati\/wp-content\/uploads\/sites\/89\/2024\/04\/DSC_7164.jpg\" alt=\"\" width=\"430\" height=\"287\" data-warning=\"Missing alt text\" srcset=\"https:\/\/www3.unicentro.br\/irati\/wp-content\/uploads\/sites\/89\/2024\/04\/DSC_7164.jpg 1798w, https:\/\/www3.unicentro.br\/irati\/wp-content\/uploads\/sites\/89\/2024\/04\/DSC_7164-300x200.jpg 300w, https:\/\/www3.unicentro.br\/irati\/wp-content\/uploads\/sites\/89\/2024\/04\/DSC_7164-1024x683.jpg 1024w, https:\/\/www3.unicentro.br\/irati\/wp-content\/uploads\/sites\/89\/2024\/04\/DSC_7164-768x513.jpg 768w, https:\/\/www3.unicentro.br\/irati\/wp-content\/uploads\/sites\/89\/2024\/04\/DSC_7164-1536x1025.jpg 1536w, https:\/\/www3.unicentro.br\/irati\/wp-content\/uploads\/sites\/89\/2024\/04\/DSC_7164-400x267.jpg 400w, https:\/\/www3.unicentro.br\/irati\/wp-content\/uploads\/sites\/89\/2024\/04\/DSC_7164-800x534.jpg 800w, https:\/\/www3.unicentro.br\/irati\/wp-content\/uploads\/sites\/89\/2024\/04\/DSC_7164-1200x801.jpg 1200w, https:\/\/www3.unicentro.br\/irati\/wp-content\/uploads\/sites\/89\/2024\/04\/DSC_7164-255x170.jpg 255w\" sizes=\"auto, (max-width: 430px) 100vw, 430px\" \/><p id=\"caption-attachment-7665\" class=\"wp-caption-text\"><em>Objetivo do evento da Reitoria \u00e9 dar as boas-vindas aos estudantes e apresentar as oportunidades que a institui\u00e7\u00e3o oferece. (Foto: Coorc)<\/em><\/p><\/div>\n<p style=\"text-align: justify\">Durante a tarde e a noite desta ter\u00e7a-feira, os novos acad\u00eamicos puderam entender melhor o funcionamento da institui\u00e7\u00e3o que tem como base o trip\u00e9 ensino, pesquisa e extens\u00e3o. Puderam conhecer as possibilidades de bolsas, as oportunidades de mobilidade ofertadas atrav\u00e9s do Escrit\u00f3rio de Rela\u00e7\u00f5es Internacionais (ERI), e as pol\u00edticas de assist\u00eancia e os servi\u00e7os viabilizados por meio da Coordenadoria de Apoio ao Estudante (Coorae).<\/p>\n<p style=\"text-align: justify\"><span style=\"font-weight: 400\">Al\u00e9m disso, foram destacadas outras iniciativas da universidade, como o Centro de L\u00ednguas da Unicentro (Cel), os cursos do Paran\u00e1 Fala Idiomas e tamb\u00e9m atividades culturais, a exemplo do Espa\u00e7o Canta A\u00ed e o Unimooving. Este \u00faltimo, um grupo de dan\u00e7a que integra o projeto de extens\u00e3o \u201cVamos nos movimentar\u201d, do Departamento de Educa\u00e7\u00e3o F\u00edsica do c\u00e2mpus, trouxe a apresenta\u00e7\u00e3o \u201cO Rei do Show\u201d para o palco do audit\u00f3rio Denise Stoklos.\u00a0<\/span><\/p>\n<p style=\"text-align: justify\"><span style=\"font-weight: 400\">\u201cComplementando a programa\u00e7\u00e3o da semana passada do UniCalouros, que era uma ideia mais de festividade e interatividade, hoje foi uma programa\u00e7\u00e3o mais informativa com a presen\u00e7a da Reitoria, trazendo uma vis\u00e3o mais ampla sobre a universidade, comentando sobre a Unicentro como um todo e sobre algumas especificidades do nosso c\u00e2mpus\u201d, explica o diretor C\u00e2mpus de Irati, professor Ronaldo Ferreira Maganhoto.<\/span><\/p>\n<p style=\"text-align: justify\"><span style=\"font-weight: 400\">\u201cQuando a gente chega numa universidade saindo do Ensino M\u00e9dio, \u00e9 uma nova realidade, \u00e9 uma nova estrutura. N\u00f3s somos acostumados no Ensino M\u00e9dio a pensar no ensino, estudar para vestibular. Voc\u00ea chega numa universidade, s\u00e3o um turbilh\u00e3o de oportunidades. Oportunidades que n\u00e3o s\u00e3o for\u00e7adas por algu\u00e9m, e sim da vontade pr\u00f3pria do estudante. Ent\u00e3o usando seu perfil, sua caracter\u00edstica, sua vontade, ele pode seguir para os rumos que a universidade oferece. Ent\u00e3o, se for curioso, investigador, vai para pesquisa. Se quer trabalhar com a comunidade, tem os projetos de extens\u00e3o. Tem a pol\u00edtica estudantil atrav\u00e9s do movimento estudantil, tem as atl\u00e9ticas com o esporte, tem outras a\u00e7\u00f5es culturais dentro da universidade\u201d, enumera o vice-reitor da Unicentro, professor Ademir Fanfa Ribas.\u00a0<\/span><\/p>\n<div id=\"attachment_7664\" style=\"width: 440px\" class=\"wp-caption alignright\"><img loading=\"lazy\" decoding=\"async\" aria-describedby=\"caption-attachment-7664\" class=\"wpa-warning wpa-image-missing-alt wp-image-7664\" src=\"https:\/\/www3.unicentro.br\/irati\/wp-content\/uploads\/sites\/89\/2024\/04\/DSC_7229.jpg\" alt=\"\" width=\"430\" height=\"287\" data-warning=\"Missing alt text\" srcset=\"https:\/\/www3.unicentro.br\/irati\/wp-content\/uploads\/sites\/89\/2024\/04\/DSC_7229.jpg 1798w, https:\/\/www3.unicentro.br\/irati\/wp-content\/uploads\/sites\/89\/2024\/04\/DSC_7229-300x200.jpg 300w, https:\/\/www3.unicentro.br\/irati\/wp-content\/uploads\/sites\/89\/2024\/04\/DSC_7229-1024x683.jpg 1024w, https:\/\/www3.unicentro.br\/irati\/wp-content\/uploads\/sites\/89\/2024\/04\/DSC_7229-768x513.jpg 768w, https:\/\/www3.unicentro.br\/irati\/wp-content\/uploads\/sites\/89\/2024\/04\/DSC_7229-1536x1025.jpg 1536w, https:\/\/www3.unicentro.br\/irati\/wp-content\/uploads\/sites\/89\/2024\/04\/DSC_7229-400x267.jpg 400w, https:\/\/www3.unicentro.br\/irati\/wp-content\/uploads\/sites\/89\/2024\/04\/DSC_7229-800x534.jpg 800w, https:\/\/www3.unicentro.br\/irati\/wp-content\/uploads\/sites\/89\/2024\/04\/DSC_7229-1200x801.jpg 1200w, https:\/\/www3.unicentro.br\/irati\/wp-content\/uploads\/sites\/89\/2024\/04\/DSC_7229-255x170.jpg 255w\" sizes=\"auto, (max-width: 430px) 100vw, 430px\" \/><p id=\"caption-attachment-7664\" class=\"wp-caption-text\"><em>Evento em Irati teve a apresenta\u00e7\u00e3o do grupo de dan\u00e7a Unimooving. (Foto: Coorc)<\/em><\/p><\/div>\n<p style=\"text-align: justify\"><span style=\"font-weight: 400\">Para Darlan Diego, calouro de Hist\u00f3ria, estar na Unicentro hoje \u00e9 a realiza\u00e7\u00e3o de um sonho. \u201cSempre tive um prop\u00f3sito na minha vida de estudar, fazer alguma coisa. A gente sabe a dificuldade pra quem vem de uma fam\u00edlia que \u00e9 pobre, eu trabalhava desde crian\u00e7a. Ent\u00e3o, pra mim, a Unicentro \u00e9 como se fosse uma forma de estar mais pr\u00f3ximo de conseguir alcan\u00e7ar esse objetivo de ter uma vida melhor. E \u00e9 uma universidade de qualidade p\u00fablica, n\u00e9? Ent\u00e3o tenho muito a agradecer por isso\u201d, afirma o estudante.<\/span><\/p>\n<p style=\"text-align: justify\"><span style=\"font-weight: 400\">Segundo o reitor da Unicentro, professor F\u00e1bio Hernandes, transformar a vida das pessoas e da comunidade \u00e9 umas das grandes tarefas de uma institui\u00e7\u00e3o de ensino superior. \u201cEu quero agradecer aos estudantes por terem escolhido a Unicentro e dizer que essa institui\u00e7\u00e3o p\u00fablica, gratuita e de qualidade \u00e9 voltada \u00e0 transforma\u00e7\u00e3o da sociedade por meio do ensino superior. Que sejam muito bem-vindos a essa universidade, de todos para todos, uma universidade que transforma, uma universidade voltada a nossa comunidade\u201d, enfatiza.<\/span><\/p>\n<div class=\"wp-block-image\"><\/div>\n<p style=\"text-align: justify\"><b>Pr\u00f3ximas recep\u00e7\u00f5es aos calouros\u00a0<\/b><\/p>\n<p style=\"text-align: justify\"><span style=\"font-weight: 400\">C\u00e2mpus Santa Cruz: 18\/04<\/span><\/p>\n<p style=\"text-align: justify\"><span style=\"font-weight: 400\">C\u00e2mpus Avan\u00e7ado de Prudent\u00f3polis: 22\/04<\/span><\/p>\n<p style=\"text-align: justify\"><span style=\"font-weight: 400\">C\u00e2mpus Avan\u00e7ado de Pitanga: 23\/04<\/span><\/p>\n<p style=\"text-align: justify\"><span style=\"font-weight: 400\">C\u00e2mpus Avan\u00e7ado de Chopinzinho: 29\/04<\/span><\/p>\n<p style=\"text-align: justify\"><span style=\"font-weight: 400\">C\u00e2mpus Avan\u00e7ado de Coronel Vivida: 29\/04<\/span><\/p>\n<p style=\"text-align: justify\"><span style=\"font-weight: 400\">C\u00e2mpus Cedeteg: 30\/04<\/span><\/p>\n<p>&nbsp;<\/p>\n<p><span style=\"font-size: 10pt\"><em>Por Wyllian Correa<\/em><\/span><\/p>\n","protected":false},"excerpt":{"rendered":"<p>Evento organizado pela Reitoria ser\u00e1 realizado em todas as unidades da Unicentro.<\/p>\n","protected":false},"author":578,"featured_media":7666,"comment_status":"open","ping_status":"open","sticky":false,"template":"","format":"standard","meta":{"_exactmetrics_skip_tracking":false,"_exactmetrics_sitenote_active":false,"_exactmetrics_sitenote_note":"","_exactmetrics_sitenote_category":0,"fifu_image_url":"","fifu_image_alt":"","footnotes":"","_links_to":"","_links_to_target":""},"categories":[5,2],"tags":[],"class_list":["post-7620","post","type-post","status-publish","format-standard","has-post-thumbnail","hentry","category-eventos","category-noticias"],"_links":{"self":[{"href":"https:\/\/www3.unicentro.br\/irati\/wp-json\/wp\/v2\/posts\/7620","targetHints":{"allow":["GET"]}}],"collection":[{"href":"https:\/\/www3.unicentro.br\/irati\/wp-json\/wp\/v2\/posts"}],"about":[{"href":"https:\/\/www3.unicentro.br\/irati\/wp-json\/wp\/v2\/types\/post"}],"author":[{"embeddable":true,"href":"https:\/\/www3.unicentro.br\/irati\/wp-json\/wp\/v2\/users\/578"}],"replies":[{"embeddable":true,"href":"https:\/\/www3.unicentro.br\/irati\/wp-json\/wp\/v2\/comments?post=7620"}],"version-history":[{"count":1,"href":"https:\/\/www3.unicentro.br\/irati\/wp-json\/wp\/v2\/posts\/7620\/revisions"}],"predecessor-version":[{"id":7667,"href":"https:\/\/www3.unicentro.br\/irati\/wp-json\/wp\/v2\/posts\/7620\/revisions\/7667"}],"wp:featuredmedia":[{"embeddable":true,"href":"https:\/\/www3.unicentro.br\/irati\/wp-json\/wp\/v2\/media\/7666"}],"wp:attachment":[{"href":"https:\/\/www3.unicentro.br\/irati\/wp-json\/wp\/v2\/media?parent=7620"}],"wp:term":[{"taxonomy":"category","embeddable":true,"href":"https:\/\/www3.unicentro.br\/irati\/wp-json\/wp\/v2\/categories?post=7620"},{"taxonomy":"post_tag","embeddable":true,"href":"https:\/\/www3.unicentro.br\/irati\/wp-json\/wp\/v2\/tags?post=7620"}],"curies":[{"name":"wp","href":"https:\/\/api.w.org\/{rel}","templated":true}]}}