{"id":5954,"date":"2023-11-10T16:21:27","date_gmt":"2023-11-10T19:21:27","guid":{"rendered":"https:\/\/www3.unicentro.br\/irati\/2023\/11\/10\/5a-edicao-do-festival-canta-ai-agita-campus-irati\/"},"modified":"2023-11-10T19:21:46","modified_gmt":"2023-11-10T22:21:46","slug":"5a-edicao-do-festival-canta-ai-agita-campus-irati","status":"publish","type":"post","link":"https:\/\/www3.unicentro.br\/irati\/2023\/11\/10\/5a-edicao-do-festival-canta-ai-agita-campus-irati\/","title":{"rendered":"5\u00aa edi\u00e7\u00e3o do Festival Canta A\u00ed agita o C\u00e2mpus Irati"},"content":{"rendered":"<p dir=\"ltr\" style=\"text-align: justify\">O Audit\u00f3rio Denise Stoklos, no C\u00e2mpus Irati da Unicentro, foi mais uma vez palco do Festival Canta A\u00ed. A comunidade universit\u00e1ria e da regi\u00e3o se reuniu em peso na quinta-feira (10) para prestigiar as 13 apresenta\u00e7\u00f5es da noite, divididas nas categorias composi\u00e7\u00e3o e interpreta\u00e7\u00e3o. Cantores, duplas e bandas trouxeram um repert\u00f3rio variado, que ia desde a moda de viola, passando pelo pop e chegando at\u00e9 o metal crist\u00e3o.<\/p>\n<div class=\"wp-block-image\">\n<div id=\"attachment_5968\" style=\"width: 425px\" class=\"wp-caption alignleft\"><img loading=\"lazy\" decoding=\"async\" aria-describedby=\"caption-attachment-5968\" class=\"wp-image-5968\" src=\"https:\/\/www3.unicentro.br\/irati\/wp-content\/uploads\/sites\/89\/2023\/11\/DSC_0297_3389139_9058940.jpg\" alt=\"\" width=\"415\" height=\"277\" srcset=\"https:\/\/www3.unicentro.br\/irati\/wp-content\/uploads\/sites\/89\/2023\/11\/DSC_0297_3389139_9058940.jpg 1800w, https:\/\/www3.unicentro.br\/irati\/wp-content\/uploads\/sites\/89\/2023\/11\/DSC_0297_3389139_9058940-300x200.jpg 300w, https:\/\/www3.unicentro.br\/irati\/wp-content\/uploads\/sites\/89\/2023\/11\/DSC_0297_3389139_9058940-1024x683.jpg 1024w, https:\/\/www3.unicentro.br\/irati\/wp-content\/uploads\/sites\/89\/2023\/11\/DSC_0297_3389139_9058940-768x512.jpg 768w, https:\/\/www3.unicentro.br\/irati\/wp-content\/uploads\/sites\/89\/2023\/11\/DSC_0297_3389139_9058940-1536x1024.jpg 1536w, https:\/\/www3.unicentro.br\/irati\/wp-content\/uploads\/sites\/89\/2023\/11\/DSC_0297_3389139_9058940-400x267.jpg 400w, https:\/\/www3.unicentro.br\/irati\/wp-content\/uploads\/sites\/89\/2023\/11\/DSC_0297_3389139_9058940-800x533.jpg 800w, https:\/\/www3.unicentro.br\/irati\/wp-content\/uploads\/sites\/89\/2023\/11\/DSC_0297_3389139_9058940-1200x800.jpg 1200w, https:\/\/www3.unicentro.br\/irati\/wp-content\/uploads\/sites\/89\/2023\/11\/DSC_0297_3389139_9058940-255x170.jpg 255w\" sizes=\"auto, (max-width: 415px) 100vw, 415px\" \/><p id=\"caption-attachment-5968\" class=\"wp-caption-text\"><em>A banda &#8220;The Mazur&#8217;s&#8221; ficou com o primeiro lugar na categoria Composi\u00e7\u00e3o (Foto: Coorc)<\/em><\/p><\/div>\n<\/div>\n<p dir=\"ltr\" style=\"text-align: justify\">E foi o rock quem se consagrou nesta 5\u00aa edi\u00e7\u00e3o do evento, com representantes do g\u00eanero vencendo nas duas categorias do festival. Formada por dois irm\u00e3os e um primo, a banda The Mazur\u2019s levou a melhor na categoria composi\u00e7\u00e3o, com a m\u00fasica \u201cN\u00e3o somos diferentes\u201d. \u201cExiste um problema muito grande, que as pessoas t\u00eam um certo receio de compartilhar informa\u00e7\u00f5es, de compartilhar ideias. E essa m\u00fasica tenta falar justamente a respeito disso, tenta trazer um pensamento cr\u00edtico sobre como acontecem as intera\u00e7\u00f5es pessoais hoje em dia\u201d, explica Anselmo Mazur.<\/p>\n<p dir=\"ltr\" style=\"text-align: justify\">Veteranos de Canta A\u00ed, o vocalista e guitarrista lembra que eles foram a primeira banda a se apresentar na primeira edi\u00e7\u00e3o do festival, em 2017. \u201cA gente sempre vem tentando tocar em todos os festivais que a gente consegue, porque a gente gosta muito dessa vibe, desse clima do festival, da divers\u00e3o que o festival traz. Muito mais do que competir por uma coloca\u00e7\u00e3o, \u00e9 voc\u00ea estar ali e voc\u00ea se divertir\u201d, enfatiza Anselmo.<\/p>\n<p dir=\"ltr\" style=\"text-align: justify\">Na categoria interpreta\u00e7\u00e3o, a banda \u201cUoww Jack\u201d venceu com The Best, de Tina Turner. \u201cMuito bom participar de um evento como esse. A nossa cidade precisa da valoriza\u00e7\u00e3o da cultura e o Canta A\u00ed \u00e9 essencial. A sensa\u00e7\u00e3o de ter ganhado o pr\u00eamio \u00e9 uma sensa\u00e7\u00e3o de dever cumprido, porque tinham muitos artistas qualificados e esperamos nos ver ano que vem\u201d, destaca Gika Viante, vocalista da banda.<\/p>\n<div class=\"wp-block-image\">\n<div id=\"attachment_5967\" style=\"width: 425px\" class=\"wp-caption alignright\"><img loading=\"lazy\" decoding=\"async\" aria-describedby=\"caption-attachment-5967\" class=\"wp-image-5967\" src=\"https:\/\/www3.unicentro.br\/irati\/wp-content\/uploads\/sites\/89\/2023\/11\/DSC_0244_3110590_9397480.jpg\" alt=\"\" width=\"415\" height=\"277\" srcset=\"https:\/\/www3.unicentro.br\/irati\/wp-content\/uploads\/sites\/89\/2023\/11\/DSC_0244_3110590_9397480.jpg 1800w, https:\/\/www3.unicentro.br\/irati\/wp-content\/uploads\/sites\/89\/2023\/11\/DSC_0244_3110590_9397480-300x200.jpg 300w, https:\/\/www3.unicentro.br\/irati\/wp-content\/uploads\/sites\/89\/2023\/11\/DSC_0244_3110590_9397480-1024x683.jpg 1024w, https:\/\/www3.unicentro.br\/irati\/wp-content\/uploads\/sites\/89\/2023\/11\/DSC_0244_3110590_9397480-768x512.jpg 768w, https:\/\/www3.unicentro.br\/irati\/wp-content\/uploads\/sites\/89\/2023\/11\/DSC_0244_3110590_9397480-1536x1024.jpg 1536w, https:\/\/www3.unicentro.br\/irati\/wp-content\/uploads\/sites\/89\/2023\/11\/DSC_0244_3110590_9397480-400x267.jpg 400w, https:\/\/www3.unicentro.br\/irati\/wp-content\/uploads\/sites\/89\/2023\/11\/DSC_0244_3110590_9397480-800x533.jpg 800w, https:\/\/www3.unicentro.br\/irati\/wp-content\/uploads\/sites\/89\/2023\/11\/DSC_0244_3110590_9397480-1200x800.jpg 1200w, https:\/\/www3.unicentro.br\/irati\/wp-content\/uploads\/sites\/89\/2023\/11\/DSC_0244_3110590_9397480-255x170.jpg 255w\" sizes=\"auto, (max-width: 415px) 100vw, 415px\" \/><p id=\"caption-attachment-5967\" class=\"wp-caption-text\"><em>A banda &#8220;Uoww Jack&#8221; venceu na categoria Interpreta\u00e7\u00e3o (Foto: Coorc)<\/em><\/p><\/div>\n<\/div>\n<p dir=\"ltr\" style=\"text-align: justify\">Baterista da Uoww Jack, Lucas Antoszczyszyn conta que o grupo formado por cinco amigos j\u00e1 tinha tentado participar do evento, mas que por motivos diversos n\u00e3o tinha acontecido. \u201cA proposta do Canta A\u00ed \u00e9 muito boa e muito diferente, muito pedag\u00f3gica mesmo. Trazer a comunidade para dentro da Unicentro, para esses momentos de sensibilidade, para o pessoal que nunca entrou numa universidade come\u00e7ar a conhecer e interagir nesses espa\u00e7os. \u00c9 muito importante nesse sentido. S\u00e3o espa\u00e7os como esse que trazem o pessoal de volta para a nossa universidade\u201d, refor\u00e7a Lucas, que tamb\u00e9m \u00e9 doutorando no Programa de P\u00f3s-Gradua\u00e7\u00e3o em Educa\u00e7\u00e3o da Unicentro.<\/p>\n<p dir=\"ltr\" style=\"text-align: justify\">Um dos organizadores do festival, o chefe da Divis\u00e3o de Multimeios do C\u00e2mpus Irati, Nelson Lu\u00eds Cordeiro, lembra que o evento nasceu do \u201cEspa\u00e7o Canta A\u00ed\u201d, que existe at\u00e9 hoje na institui\u00e7\u00e3o para promover a intera\u00e7\u00e3o entre alunos, agentes e professores por meio da m\u00fasica. \u201cO objetivo \u00e9 difundir a cultura, fortalecer e estimular esse gosto e o desenvolvimento musical que a gente tem aqui na nossa regi\u00e3o. E quando eu falo regi\u00e3o, n\u00e3o \u00e9 somente Irati. S\u00e3o as cidades ao redor que tamb\u00e9m fazem parte do nosso festival e que a cada ano vem demonstrando mais interesse, independente da premia\u00e7\u00e3o. Eles v\u00eam por amor \u00e0 arte, \u00e0 cultura e especialmente \u00e0 m\u00fasica\u201d, pontua.<\/p>\n<div class=\"wp-block-image\">\n<div id=\"attachment_5969\" style=\"width: 425px\" class=\"wp-caption alignleft\"><img loading=\"lazy\" decoding=\"async\" aria-describedby=\"caption-attachment-5969\" class=\"wp-image-5969\" src=\"https:\/\/www3.unicentro.br\/irati\/wp-content\/uploads\/sites\/89\/2023\/11\/DSC_0360_9935225_4055022.jpg\" alt=\"\" width=\"415\" height=\"276\" srcset=\"https:\/\/www3.unicentro.br\/irati\/wp-content\/uploads\/sites\/89\/2023\/11\/DSC_0360_9935225_4055022.jpg 1800w, https:\/\/www3.unicentro.br\/irati\/wp-content\/uploads\/sites\/89\/2023\/11\/DSC_0360_9935225_4055022-300x200.jpg 300w, https:\/\/www3.unicentro.br\/irati\/wp-content\/uploads\/sites\/89\/2023\/11\/DSC_0360_9935225_4055022-1024x683.jpg 1024w, https:\/\/www3.unicentro.br\/irati\/wp-content\/uploads\/sites\/89\/2023\/11\/DSC_0360_9935225_4055022-768x512.jpg 768w, https:\/\/www3.unicentro.br\/irati\/wp-content\/uploads\/sites\/89\/2023\/11\/DSC_0360_9935225_4055022-1536x1024.jpg 1536w, https:\/\/www3.unicentro.br\/irati\/wp-content\/uploads\/sites\/89\/2023\/11\/DSC_0360_9935225_4055022-400x267.jpg 400w, https:\/\/www3.unicentro.br\/irati\/wp-content\/uploads\/sites\/89\/2023\/11\/DSC_0360_9935225_4055022-800x533.jpg 800w, https:\/\/www3.unicentro.br\/irati\/wp-content\/uploads\/sites\/89\/2023\/11\/DSC_0360_9935225_4055022-1200x800.jpg 1200w, https:\/\/www3.unicentro.br\/irati\/wp-content\/uploads\/sites\/89\/2023\/11\/DSC_0360_9935225_4055022-255x170.jpg 255w\" sizes=\"auto, (max-width: 415px) 100vw, 415px\" \/><p id=\"caption-attachment-5969\" class=\"wp-caption-text\"><em>Comunidade acad\u00eamica e da regi\u00e3o marcou presen\u00e7a no evento (Foto: Coorc)<\/em><\/p><\/div>\n<\/div>\n<p dir=\"ltr\" style=\"text-align: justify\"><strong>Plateia animada<\/strong><\/p>\n<p dir=\"ltr\" style=\"text-align: justify\">A ades\u00e3o do p\u00fablico tamb\u00e9m se mostra cada vez mais significativa. Ant\u00f4nio Cesar Pires, o popular Raulzito, veio com a esposa, a filha e a neta de 3 anos, que compartilham o mesmo interesse pela m\u00fasica. \u201cEu j\u00e1 tinha ouvido falar no festival, mas a gente nunca veio antes. Da\u00ed tava ansioso, \u201cchegou a quinta-feira!\u201d. E a gente t\u00e1 aqui e o evento \u00e9 muito bom\u201d, celebra.<\/p>\n<p dir=\"ltr\" style=\"text-align: justify\">Teve at\u00e9 quem formou torcida organizada para fazer muito barulho no audit\u00f3rio. \u201cA gente se organizou em prol da nossa colega Danieli Ienke e veio representar a turma de Pedagogia do quarto ano. A gente trouxe vuvuzela, buzina, apito, o que a gente encontrou. A nossa professora Adriane Vass\u00e3o ajudou tamb\u00e9m\u201d, relata Elizama Lima.<\/p>\n<p dir=\"ltr\" style=\"text-align: justify\">Danieli Ienke cantou \u201cMajestade, o sabi\u00e1\u201d, na vers\u00e3o de Chit\u00e3ozinho e Xoror\u00f3, e mesmo sem levar o pr\u00eamio da noite, n\u00e3o pode deixar de se emocionar com a torcida das colegas. \u201cFoi bem surpreendente. Eu gostei muito de receber esse carinho deles. \u00c9 bom a gente se sentir amada, se sentir valorizada, foi bem gratificante. A m\u00fasica tem um lugar de servi\u00e7o, de fazer a alegria das pessoas, \u00e9 muito bom ver que a minha m\u00fasica consegue fazer as pessoas felizes\u201d.<\/p>\n<p dir=\"ltr\" style=\"text-align: justify\"><strong>Apresenta\u00e7\u00f5es do Grupo Fato e do Grupo Muzenza Capoeira<\/strong><\/p>\n<p dir=\"ltr\" style=\"text-align: justify\">Organizado pelas divis\u00f5es de Multimeios, de Promo\u00e7\u00e3o Cultural (Diproc) e de Extens\u00e3o (Diex) do C\u00e2mpus Irati, a quinta edi\u00e7\u00e3o do Festival de M\u00fasica Canta A\u00ed teve como novidade a parceria com a XVII Semana de Hist\u00f3ria.\u00a0Marcando tamb\u00e9m o encerramento do evento acad\u00eamico, o Canta A\u00ed ganha uma noite especial, com as apresenta\u00e7\u00f5es culturais nesta sexta-feira (10),\u00a0como explica o chefe da Diproc, professor C\u00e9sar Renato da Costa.<\/p>\n<p dir=\"ltr\" style=\"text-align: justify\">\u201cO\u00a0Grupo Fato, um grupo musical de Curitiba, vem nos presentear com uma exibi\u00e7\u00e3o de 30 anos da sua exist\u00eancia. Teremos tamb\u00e9m a apresenta\u00e7\u00e3o do Grupo Muzenza de Capoeira. N\u00f3s teremos mais uma grande manifesta\u00e7\u00e3o cultural aqui no C\u00e2mpus Irati nesta sexta-feira\u201d, afirma o docente.<\/p>\n<p dir=\"ltr\" style=\"text-align: justify\"><b>As apresenta\u00e7\u00f5es do Muzenza e do Grupo Fato come\u00e7am \u00e0s 19 horas, no Audit\u00f3rio Denise Stoklos. A entrada \u00e9 gratuita.\u00a0<\/b><\/p>\n","protected":false},"excerpt":{"rendered":"<p>As bandas Uoww Jack e The Mazur\u2019s foram as vencedoras nas categorias Interpreta\u00e7\u00e3o e Composi\u00e7\u00e3o, respectivamente. <\/p>\n","protected":false},"author":578,"featured_media":5970,"comment_status":"open","ping_status":"open","sticky":false,"template":"","format":"standard","meta":{"_exactmetrics_skip_tracking":false,"_exactmetrics_sitenote_active":false,"_exactmetrics_sitenote_note":"","_exactmetrics_sitenote_category":0,"fifu_image_url":"","fifu_image_alt":"","footnotes":"","_links_to":"","_links_to_target":""},"categories":[39,5,2],"tags":[],"class_list":["post-5954","post","type-post","status-publish","format-standard","has-post-thumbnail","hentry","category-cultura","category-eventos","category-noticias"],"_links":{"self":[{"href":"https:\/\/www3.unicentro.br\/irati\/wp-json\/wp\/v2\/posts\/5954","targetHints":{"allow":["GET"]}}],"collection":[{"href":"https:\/\/www3.unicentro.br\/irati\/wp-json\/wp\/v2\/posts"}],"about":[{"href":"https:\/\/www3.unicentro.br\/irati\/wp-json\/wp\/v2\/types\/post"}],"author":[{"embeddable":true,"href":"https:\/\/www3.unicentro.br\/irati\/wp-json\/wp\/v2\/users\/578"}],"replies":[{"embeddable":true,"href":"https:\/\/www3.unicentro.br\/irati\/wp-json\/wp\/v2\/comments?post=5954"}],"version-history":[{"count":1,"href":"https:\/\/www3.unicentro.br\/irati\/wp-json\/wp\/v2\/posts\/5954\/revisions"}],"predecessor-version":[{"id":5971,"href":"https:\/\/www3.unicentro.br\/irati\/wp-json\/wp\/v2\/posts\/5954\/revisions\/5971"}],"wp:featuredmedia":[{"embeddable":true,"href":"https:\/\/www3.unicentro.br\/irati\/wp-json\/wp\/v2\/media\/5970"}],"wp:attachment":[{"href":"https:\/\/www3.unicentro.br\/irati\/wp-json\/wp\/v2\/media?parent=5954"}],"wp:term":[{"taxonomy":"category","embeddable":true,"href":"https:\/\/www3.unicentro.br\/irati\/wp-json\/wp\/v2\/categories?post=5954"},{"taxonomy":"post_tag","embeddable":true,"href":"https:\/\/www3.unicentro.br\/irati\/wp-json\/wp\/v2\/tags?post=5954"}],"curies":[{"name":"wp","href":"https:\/\/api.w.org\/{rel}","templated":true}]}}