{"id":2492,"date":"2018-07-23T00:00:00","date_gmt":"2018-07-23T03:00:00","guid":{"rendered":"https:\/\/www3.unicentro.br\/irati\/2018\/07\/23\/turismo-e-destinos-inteligentes-sao-temas-de-palestra-promovida-em-prudentopolis\/"},"modified":"2018-07-23T00:00:00","modified_gmt":"2018-07-23T03:00:00","slug":"turismo-e-destinos-inteligentes-sao-temas-de-palestra-promovida-em-prudentopolis","status":"publish","type":"post","link":"https:\/\/www3.unicentro.br\/irati\/2018\/07\/23\/turismo-e-destinos-inteligentes-sao-temas-de-palestra-promovida-em-prudentopolis\/","title":{"rendered":"Turismo e destinos inteligentes s\u00e3o temas de palestra promovida em Prudent\u00f3polis"},"content":{"rendered":"<p lang=\"zxx\" align=\"justify\"><a href=\"http:\/\/sites.unicentro.br\/irati\/wp-content\/uploads\/2018\/08\/Turismo-Prude-3.jpg\"><img loading=\"lazy\" decoding=\"async\" class=\"wp-image-3459 aligncenter\" src=\"http:\/\/sites.unicentro.br\/irati\/wp-content\/uploads\/2018\/08\/Turismo-Prude-3-300x201.jpg\" alt=\"\" width=\"509\" height=\"341\" \/><\/a><\/p>\n<p lang=\"zxx\" align=\"justify\">Desde o in\u00edcio desse ano, a unidade avan\u00e7ada de Prudent\u00f3polis da Unicentro oferta o curso de bacharelado em Turismo. Para integrar os novos alunos \u00e0 comunidade do munic\u00edpio, bem como para fornecer ferramentas de aprimoramento na \u00e1rea para a adminsitra\u00e7\u00e3o da cidade e empres\u00e1rios do ramo, o Departamento de Turismo pormoveu a palestra \u201cTurismo e Destinos Inteligentes\u201d. A organizadora do evento, professora Elieti F\u00e1tima de Gouveia, comenta a import\u00e2ncia para os estudantes de a\u00e7\u00f5es como essa.<\/p>\n<p lang=\"zxx\" align=\"justify\">\u201c<span lang=\"pt-BR\">Eu acho importante isso para que eles possam ter uma no\u00e7\u00e3o do que as pessoas est\u00e3o interessadas, para estarem discutindo essa quest\u00e3o do Turismo aqui no local e que eles, no decorrer dos estudos deles, que s\u00e3o quatro anos, possam estar sempre contribuindo para melhorar as quest\u00f5es do Turismo aqui, as quest\u00f5es de organiza\u00e7\u00e3o, de planejamento, de ideias, inova\u00e7\u00f5es. Essa \u00e9 a nossa raz\u00e3o, esse \u00e9 nosso papel\u201d, afirma Elieti.<\/span><\/p>\n<div id=\"attachment_3458\" style=\"width: 333px\" class=\"wp-caption alignleft\"><a href=\"http:\/\/sites.unicentro.br\/irati\/wp-content\/uploads\/2018\/08\/Turismo-Prude-2-400x267.jpg\"><img loading=\"lazy\" decoding=\"async\" aria-describedby=\"caption-attachment-3458\" class=\"wp-image-3458\" src=\"http:\/\/sites.unicentro.br\/irati\/wp-content\/uploads\/2018\/08\/Turismo-Prude-2-400x267-300x200.jpg\" alt=\"\" width=\"323\" height=\"215\" \/><\/a><p id=\"caption-attachment-3458\" class=\"wp-caption-text\">Palestra foi ministrada pelo professor Diogo Luders Fernandes, do Departamento de Turismo (Foto: Raphael Gierez)<\/p><\/div>\n<p lang=\"pt-BR\" align=\"justify\">O palestrante foi o professor Diogo Luders Fernandes, que aproveitou sua experi\u00eancia de pesquisa para trazer um conceito relativamente novo dentro do Turismo: o dos destinos inteligentes. \u201cEu executei uma pesquisa fora do pa\u00eds em cima dessa tem\u00e1tica de destinos inteligentes e acessibilidade, e acabei me prontificando a vir conversar um pouco com os alunos e o trade tur\u00edstico de Prudent\u00f3polis sobre o assunto\u201d, conta. \u201cDestino inteligente, na verdade, \u00e9 um tema que surge de uma adapta\u00e7\u00e3o de um destino tur\u00edstico a uma cidade inteligente. Na realidade, \u00e9 o novo modo de fazer uma gest\u00e3o da cidade, que \u00e9 uma gest\u00e3o focada numa gest\u00e3o mais participativa, utilizando a governan\u00e7a como elemento b\u00e1sico dessa gest\u00e3o, focado no desenvolvimento sustent\u00e1vel, mais respons\u00e1vel\u201d.<\/p>\n<p lang=\"pt-BR\" align=\"justify\">E para ficar por dentro das melhorias poss\u00edveis na \u00e1rea pela administra\u00e7\u00e3o p\u00fablica \u00e9 que a secret\u00e1ria de Turismo de Prudent\u00f3polis, Cristiane Boico Rocetin, esteve presente na palestra. \u201c\u00c9 muito importante falar sobre o turismo, estudar, ler e passar para as pessoas essas informa\u00e7\u00f5es\u201d, afirma.<\/p>\n<p lang=\"pt-BR\" align=\"justify\">O acad\u00eamico Paulo Roberto Alves j\u00e1 trabalha na \u00e1rea do Turismo no munic\u00edpio e aprovou a palestra. Isso porque ela trouxe um conte\u00fado in\u00e9dito para ele. \u201cFomos, vamos dizer assim, agraciados com essa palestra. Aprendemos muito. Vamos levar para o nosso dia a dia da nossa profiss\u00e3o. Temos certeza que n\u00e3o estamos saindo como entramos, vamos sair diferentes e com uma experi\u00eancia\u201d.<\/p>\n<div id=\"attachment_3457\" style=\"width: 306px\" class=\"wp-caption alignright\"><a href=\"http:\/\/sites.unicentro.br\/irati\/wp-content\/uploads\/2018\/08\/Turismo-Prude-1-255x170.jpg\"><img loading=\"lazy\" decoding=\"async\" aria-describedby=\"caption-attachment-3457\" class=\"wp-image-3457\" src=\"http:\/\/sites.unicentro.br\/irati\/wp-content\/uploads\/2018\/08\/Turismo-Prude-1-255x170.jpg\" alt=\"\" width=\"296\" height=\"197\" \/><\/a><p id=\"caption-attachment-3457\" class=\"wp-caption-text\">A professora Elieti F\u00e1tima de Gouveia foi uma das organizadoras da atividade (Foto: Raphael Gierez)<\/p><\/div>\n<p lang=\"pt-BR\" align=\"justify\">Outro aluno que saiu empolgado com o conte\u00fado abordado foi o Cezar Luis Serzoski Filho, que tamb\u00e9m gostou de poder ajudar na organiza\u00e7\u00e3o da atividade. \u201cVamos seguir em frente, vamos tentar evoluir essa quest\u00e3o do Turismo mesmo e a Unicentro aproximando a gradua\u00e7\u00e3o, trazendo a gradua\u00e7\u00e3o para n\u00f3s, facilitando, nos tornando profissionais turism\u00f3logos, vamos tentar tamb\u00e9m contribuir com a sociedade, n\u00e9?\u201d.<\/p>\n","protected":false},"excerpt":{"rendered":"<p>Desde o in\u00edcio desse ano, a unidade avan\u00e7ada de Prudent\u00f3polis da Unicentro oferta o curso de bacharelado em Turismo. Para integrar os novos alunos \u00e0 comunidade do munic\u00edpio, bem como para fornecer ferramentas de aprimoramento na \u00e1rea para a adminsitra\u00e7\u00e3o da cidade e empres\u00e1rios do ramo, o Departamento de Turismo pormoveu a palestra \u201cTurismo e [&hellip;]<\/p>\n","protected":false},"author":3,"featured_media":2493,"comment_status":"open","ping_status":"open","sticky":false,"template":"","format":"standard","meta":{"_exactmetrics_skip_tracking":false,"_exactmetrics_sitenote_active":false,"_exactmetrics_sitenote_note":"","_exactmetrics_sitenote_category":0,"fifu_image_url":"http:\/\/sites.unicentro.br\/irati\/wp-content\/uploads\/2018\/08\/Turismo-Prude-3.jpg","fifu_image_alt":"","footnotes":"","_links_to":"","_links_to_target":""},"categories":[2],"tags":[],"class_list":["post-2492","post","type-post","status-publish","format-standard","has-post-thumbnail","hentry","category-noticias"],"_links":{"self":[{"href":"https:\/\/www3.unicentro.br\/irati\/wp-json\/wp\/v2\/posts\/2492","targetHints":{"allow":["GET"]}}],"collection":[{"href":"https:\/\/www3.unicentro.br\/irati\/wp-json\/wp\/v2\/posts"}],"about":[{"href":"https:\/\/www3.unicentro.br\/irati\/wp-json\/wp\/v2\/types\/post"}],"author":[{"embeddable":true,"href":"https:\/\/www3.unicentro.br\/irati\/wp-json\/wp\/v2\/users\/3"}],"replies":[{"embeddable":true,"href":"https:\/\/www3.unicentro.br\/irati\/wp-json\/wp\/v2\/comments?post=2492"}],"version-history":[{"count":0,"href":"https:\/\/www3.unicentro.br\/irati\/wp-json\/wp\/v2\/posts\/2492\/revisions"}],"wp:featuredmedia":[{"embeddable":true,"href":"https:\/\/www3.unicentro.br\/irati\/wp-json\/wp\/v2\/media\/2493"}],"wp:attachment":[{"href":"https:\/\/www3.unicentro.br\/irati\/wp-json\/wp\/v2\/media?parent=2492"}],"wp:term":[{"taxonomy":"category","embeddable":true,"href":"https:\/\/www3.unicentro.br\/irati\/wp-json\/wp\/v2\/categories?post=2492"},{"taxonomy":"post_tag","embeddable":true,"href":"https:\/\/www3.unicentro.br\/irati\/wp-json\/wp\/v2\/tags?post=2492"}],"curies":[{"name":"wp","href":"https:\/\/api.w.org\/{rel}","templated":true}]}}