{"id":1511,"date":"2013-06-14T00:00:00","date_gmt":"2013-06-14T03:00:00","guid":{"rendered":"https:\/\/www3.unicentro.br\/irati\/2013\/06\/14\/bloomsday-sera-realizado-hoje-14-no-emporio-sao-luiz\/"},"modified":"2013-06-14T00:00:00","modified_gmt":"2013-06-14T03:00:00","slug":"bloomsday-sera-realizado-hoje-14-no-emporio-sao-luiz","status":"publish","type":"post","link":"https:\/\/www3.unicentro.br\/irati\/2013\/06\/14\/bloomsday-sera-realizado-hoje-14-no-emporio-sao-luiz\/","title":{"rendered":"Bloomsday ser\u00e1 realizado hoje (14), no Emp\u00f3rio S\u00e3o Luiz"},"content":{"rendered":"<p><a href=\"http:\/\/sites.unicentro.br\/irati\/wp-content\/uploads\/2013\/06\/Bloonsday-02.jpg\"><img loading=\"lazy\" decoding=\"async\" class=\"alignright size-medium wp-image-923\" title=\"Bloonsday 02\" src=\"http:\/\/sites.unicentro.br\/irati\/wp-content\/uploads\/2013\/06\/Bloonsday-02-300x198.jpg\" alt=\"\" width=\"300\" height=\"198\" \/><\/a>\u00danica celebra\u00e7\u00e3o mundial dedicada especialmente a uma obra liter\u00e1ria, o Bloomsday, promovido pelo Delet\/I e pela Diproc\/I, ser\u00e1 realizado pelo terceiro ano consecutivo no munic\u00edpio de Irati. O evento est\u00e1 programado para ocorrer na pr\u00f3xima sexta-feira, 14, \u00e0s 19h, no Emp\u00f3rio S\u00e3o Luiz (travessa \u00a0Frei Jaime, 34). A entrada \u00e9 franca.<\/p>\n<p>O Bloomsday (\u201cDia de Bloom\u201d, em tradu\u00e7\u00e3o livre) tem esse nome numa refer\u00eancia a Leopold Bloom, personagem principal do romance \u201cUlysses\u201d, escrito pelo irland\u00eas James Joyce (1882-1941) e lan\u00e7ado em 1922. As mais de mil p\u00e1ginas dessa obra (da edi\u00e7\u00e3o mais recente, lan\u00e7ado em 2012 pela Companhia das Letras, na tradu\u00e7\u00e3o elogiada de Caetano W. Galindo para o portugu\u00eas) apresentam uma hist\u00f3ria que se passa num \u00fanico dia na vida do protagonista: 16 de junho de 1904.<\/p>\n<p>Em virtude de quest\u00f5es operacionais, a vers\u00e3o iratiense do Bloomsday tem sido feito nos \u00faltimos anos em datas pr\u00f3ximas ao dia eternizado em \u201cUlysses\u201d. Em 2013, ser\u00e1 em 14 de junho. Mas a ess\u00eancia continua a mesma: celebrar o romance e seu autor, al\u00e9m de ser uma festa liter\u00e1ria.<\/p>\n<p>\u201cA certeza de que a obra de Joyce tem sido disseminada para toda regi\u00e3o\u201d, analisa um dos organizadores do evento, o professor de literatura do Departamento de Letras\/Unicentro, Edson Santos Silva.<\/p>\n","protected":false},"excerpt":{"rendered":"<p>\u00danica celebra\u00e7\u00e3o mundial dedicada especialmente a uma obra liter\u00e1ria, o Bloomsday, promovido pelo Delet\/I e pela Diproc\/I, ser\u00e1 realizado pelo terceiro ano consecutivo no munic\u00edpio de Irati. O evento est\u00e1 programado para ocorrer na pr\u00f3xima sexta-feira, 14, \u00e0s 19h, no Emp\u00f3rio S\u00e3o Luiz (travessa \u00a0Frei Jaime, 34). A entrada \u00e9 franca. O Bloomsday (\u201cDia de [&hellip;]<\/p>\n","protected":false},"author":3,"featured_media":1512,"comment_status":"open","ping_status":"open","sticky":false,"template":"","format":"standard","meta":{"_exactmetrics_skip_tracking":false,"_exactmetrics_sitenote_active":false,"_exactmetrics_sitenote_note":"","_exactmetrics_sitenote_category":0,"fifu_image_url":"http:\/\/sites.unicentro.br\/irati\/wp-content\/uploads\/2013\/06\/Bloonsday-01.jpg","fifu_image_alt":"","footnotes":"","_links_to":"","_links_to_target":""},"categories":[2],"tags":[],"class_list":["post-1511","post","type-post","status-publish","format-standard","has-post-thumbnail","hentry","category-noticias"],"_links":{"self":[{"href":"https:\/\/www3.unicentro.br\/irati\/wp-json\/wp\/v2\/posts\/1511","targetHints":{"allow":["GET"]}}],"collection":[{"href":"https:\/\/www3.unicentro.br\/irati\/wp-json\/wp\/v2\/posts"}],"about":[{"href":"https:\/\/www3.unicentro.br\/irati\/wp-json\/wp\/v2\/types\/post"}],"author":[{"embeddable":true,"href":"https:\/\/www3.unicentro.br\/irati\/wp-json\/wp\/v2\/users\/3"}],"replies":[{"embeddable":true,"href":"https:\/\/www3.unicentro.br\/irati\/wp-json\/wp\/v2\/comments?post=1511"}],"version-history":[{"count":0,"href":"https:\/\/www3.unicentro.br\/irati\/wp-json\/wp\/v2\/posts\/1511\/revisions"}],"wp:featuredmedia":[{"embeddable":true,"href":"https:\/\/www3.unicentro.br\/irati\/wp-json\/wp\/v2\/media\/1512"}],"wp:attachment":[{"href":"https:\/\/www3.unicentro.br\/irati\/wp-json\/wp\/v2\/media?parent=1511"}],"wp:term":[{"taxonomy":"category","embeddable":true,"href":"https:\/\/www3.unicentro.br\/irati\/wp-json\/wp\/v2\/categories?post=1511"},{"taxonomy":"post_tag","embeddable":true,"href":"https:\/\/www3.unicentro.br\/irati\/wp-json\/wp\/v2\/tags?post=1511"}],"curies":[{"name":"wp","href":"https:\/\/api.w.org\/{rel}","templated":true}]}}