{"id":1375,"date":"2012-09-24T00:00:00","date_gmt":"2012-09-24T03:00:00","guid":{"rendered":"https:\/\/www3.unicentro.br\/irati\/2012\/09\/24\/2a-festival-universitario-da-cancao-revela-seus-ganhadores\/"},"modified":"2012-09-24T00:00:00","modified_gmt":"2012-09-24T03:00:00","slug":"2a-festival-universitario-da-cancao-revela-seus-ganhadores","status":"publish","type":"post","link":"https:\/\/www3.unicentro.br\/irati\/2012\/09\/24\/2a-festival-universitario-da-cancao-revela-seus-ganhadores\/","title":{"rendered":"2\u00aa Festival Universit\u00e1rio da Can\u00e7\u00e3o revela seus ganhadores"},"content":{"rendered":"<p>Ap\u00f3s duas eliminat\u00f3rias e a noite final de apresenta\u00e7\u00f5es, os sete jurados componentes da comiss\u00e3o definiram os vencedores do 2\u00ba Festival Universit\u00e1rio da Can\u00e7\u00e3o.<\/p>\n<p>Das 20 apresenta\u00e7\u00f5es da noite, os cinco primeiros colocados das categorias interpreta\u00e7\u00e3o e composi\u00e7\u00e3o subiram ao palco para receber a premia\u00e7\u00e3o. Confira os vencedores:<\/p>\n<p><strong>Interpreta\u00e7\u00e3o:<\/strong><\/p>\n<p>1\u00ba &#8211; Krisley Motta dos Santos<\/p>\n<p>2\u00ba &#8211; Carlos Filipe Sviercoswski<\/p>\n<p>3\u00ba &#8211; Evanize Andrade Bert\u00e3o de Souza<\/p>\n<p>4\u00ba &#8211; \u00c1urea R. De Oliveira Cunha<\/p>\n<p>5\u00ba &#8211; Alex Maur\u00edcio de Lima &amp; Valdenei Barbosa (Dynei &amp; Alex)<\/p>\n<p><strong>Composi\u00e7\u00e3o:<\/strong><\/p>\n<p>1\u00ba &#8211; Leandro Pereira<\/p>\n<p>2\u00ba &#8211; Keissy Guariento Carvelli<\/p>\n<p>3\u00ba &#8211; Fabio Pontarolo<\/p>\n<p>4\u00ba &#8211; Carlos Magno de Sousa Vidal<\/p>\n<p>5\u00ba &#8211; Gilberto de Lima Lentsch Junior<\/p>\n<p>Os tr\u00eas primeiros colocados de cada categoria receberam premia\u00e7\u00e3o em dinheiro. O vencedor levou para casa dois mil reais, o segundo e terceiro colocados receberam, respectivamente, mil reais e quinhentos reais. Todos os premiados da noite receberam trof\u00e9us e, al\u00e9m disso, todos os finalistas da categoria composi\u00e7\u00e3o tiveram suas can\u00e7\u00f5es gravadas pela Studio Soul. Empresa contratada pela Funda\u00e7\u00e3o Pioneira, mantenedora da R\u00e1dio Universit\u00e1ria, para grava\u00e7\u00e3o e distribui\u00e7\u00e3o do \u00e1lbum oficial do 2\u00ba Festival Universit\u00e1rio da Can\u00e7\u00e3o.<\/p>\n","protected":false},"excerpt":{"rendered":"<p>Ap\u00f3s duas eliminat\u00f3rias e a noite final de apresenta\u00e7\u00f5es, os sete jurados componentes da comiss\u00e3o definiram os vencedores do 2\u00ba Festival Universit\u00e1rio da Can\u00e7\u00e3o. Das 20 apresenta\u00e7\u00f5es da noite, os cinco primeiros colocados das categorias interpreta\u00e7\u00e3o e composi\u00e7\u00e3o subiram ao palco para receber a premia\u00e7\u00e3o. Confira os vencedores: Interpreta\u00e7\u00e3o: 1\u00ba &#8211; Krisley Motta dos Santos [&hellip;]<\/p>\n","protected":false},"author":3,"featured_media":0,"comment_status":"open","ping_status":"open","sticky":false,"template":"","format":"standard","meta":{"_exactmetrics_skip_tracking":false,"_exactmetrics_sitenote_active":false,"_exactmetrics_sitenote_note":"","_exactmetrics_sitenote_category":0,"fifu_image_url":"http:\/\/sites.unicentro.br\/irati\/wp-content\/uploads\/2012\/09\/festivaluniversitariodacancao.jpg","fifu_image_alt":"","footnotes":"","_links_to":"","_links_to_target":""},"categories":[2],"tags":[],"class_list":["post-1375","post","type-post","status-publish","format-standard","hentry","category-noticias"],"_links":{"self":[{"href":"https:\/\/www3.unicentro.br\/irati\/wp-json\/wp\/v2\/posts\/1375","targetHints":{"allow":["GET"]}}],"collection":[{"href":"https:\/\/www3.unicentro.br\/irati\/wp-json\/wp\/v2\/posts"}],"about":[{"href":"https:\/\/www3.unicentro.br\/irati\/wp-json\/wp\/v2\/types\/post"}],"author":[{"embeddable":true,"href":"https:\/\/www3.unicentro.br\/irati\/wp-json\/wp\/v2\/users\/3"}],"replies":[{"embeddable":true,"href":"https:\/\/www3.unicentro.br\/irati\/wp-json\/wp\/v2\/comments?post=1375"}],"version-history":[{"count":0,"href":"https:\/\/www3.unicentro.br\/irati\/wp-json\/wp\/v2\/posts\/1375\/revisions"}],"wp:attachment":[{"href":"https:\/\/www3.unicentro.br\/irati\/wp-json\/wp\/v2\/media?parent=1375"}],"wp:term":[{"taxonomy":"category","embeddable":true,"href":"https:\/\/www3.unicentro.br\/irati\/wp-json\/wp\/v2\/categories?post=1375"},{"taxonomy":"post_tag","embeddable":true,"href":"https:\/\/www3.unicentro.br\/irati\/wp-json\/wp\/v2\/tags?post=1375"}],"curies":[{"name":"wp","href":"https:\/\/api.w.org\/{rel}","templated":true}]}}