{"id":1372,"date":"2012-08-31T00:00:00","date_gmt":"2012-08-31T03:00:00","guid":{"rendered":"https:\/\/www3.unicentro.br\/irati\/2012\/08\/31\/retomada-das-obras-do-centro-cultural-denise-stoklos-e-definida\/"},"modified":"2012-08-31T00:00:00","modified_gmt":"2012-08-31T03:00:00","slug":"retomada-das-obras-do-centro-cultural-denise-stoklos-e-definida","status":"publish","type":"post","link":"https:\/\/www3.unicentro.br\/irati\/2012\/08\/31\/retomada-das-obras-do-centro-cultural-denise-stoklos-e-definida\/","title":{"rendered":"Retomada das obras do Centro Cultural Denise Stoklos \u00e9 definida"},"content":{"rendered":"<p>Para definir quest\u00f5es t\u00e9cnicas quanto \u00e0 retomada das obras do Centro Cultural Denise Stoklos, neste dia 30, o prefeito de Irati, Sergio Stoklos, recebeu equipes da Secretaria de Estado do Desenvolvimento Urbano (SEDU\/Paranacidade), da Secretaria de Estado de Infraestrutura e Log\u00edstica, da empresa Malucelli Arquitetura e Constru\u00e7\u00e3o Ltda. \u2013 que elaborou o projeto do centro cultural \u2013, e da Universidade Estadual do Centro Oeste, Unicentro.<\/p>\n<p>Durante a reuni\u00e3o, a compatibiliza\u00e7\u00e3o do projeto original \u00e0s necessidades de servi\u00e7os para a conclus\u00e3o da obra e as diretrizes para a elabora\u00e7\u00e3o do processo licitat\u00f3rio foram discutidas. O arquiteto e diretor da Malucelli Arquitetura e Constru\u00e7\u00e3o Ltda., Paulo Jos\u00e9 Malucelli, se comprometeu a realizar as altera\u00e7\u00f5es no projeto apontadas pelos engenheiros da SEDU\/Paranacidade.<\/p>\n<p>Na avalia\u00e7\u00e3o do arquiteto, \u201cs\u00e3o apenas pequenos ajustes\u201d. O trabalho dever\u00e1 ser efetuado em poucos dias e repassado \u00e0 Secretaria Municipal de Arquitetura, Engenharia e Urbanismo, que o entregar\u00e1 \u00e0 Unicentro, para que seja elaborado o processo de licita\u00e7\u00e3o.<\/p>\n<p>O reitor da Unicentro, Aldo Nelson Bona, comentou que as obras poder\u00e3o ser retomadas ainda neste ano, com investimento de R$ 1,5 milh\u00f5es do Fundo de Ci\u00eancia e Tecnologia. Inicialmente, ap\u00f3s formalizados conv\u00eanios entre a universidade e a Secretaria de Estado de Infraestrutura e Log\u00edstica, ser\u00e1 licitada a parte de constru\u00e7\u00e3o civil. Depois, haver\u00e1 outro processo licitat\u00f3rio para contrata\u00e7\u00e3o de empresa que far\u00e1 a parte c\u00eanica, incluindo equipamentos.\u00a0<\/p>\n<p>Um cronograma quanto aos procedimentos relativos \u00e0 conclus\u00e3o do Centro Cultural Denise Stoklos foi estabelecido durante a reuni\u00e3o. Ainda no m\u00eas de setembro dever\u00e1 ser publicado o edital de licita\u00e7\u00e3o para o t\u00e9rmino da parte de constru\u00e7\u00e3o civil e no final de novembro ou no in\u00edcio de dezembro dever\u00e1 ser dada a ordem de servi\u00e7o para as obras. Assim que estas etapas forem vencidas, dever\u00e1 ocorrer a licita\u00e7\u00e3o para a parte c\u00eanica, no m\u00eas de dezembro.<\/p>\n<p>Outra a\u00e7\u00e3o relevante, durante a reuni\u00e3o, foi a entrega de projetos estruturais e or\u00e7ament\u00e1rios da SEDU\/Paranacidade para a Secretaria de Infraestrutura e Log\u00edstica, que assume a responsabilidade de fiscalizar a execu\u00e7\u00e3o da obra.<\/p>\n<p>Ao t\u00e9rmino da reuni\u00e3o, a comitiva \u2013 que tamb\u00e9m incluiu a diretoria do campus da Unicentro em Irati e o secret\u00e1rio municipal de Arquitetura, Engenharia e Obras \u2013 visitou o Centro Cultural.<\/p>\n<p><a href=\"http:\/\/sites.unicentro.br\/irati\/wp-content\/uploads\/2012\/08\/30.08.12_Reuniao_centro_cultural-2.jpg\"><img loading=\"lazy\" decoding=\"async\" class=\"size-medium wp-image-425 alignleft\" title=\"30.08.12_Reuniao_centro_cultural 2\" src=\"http:\/\/sites.unicentro.br\/irati\/wp-content\/uploads\/2012\/08\/30.08.12_Reuniao_centro_cultural-2-300x200.jpg\" alt=\"\" width=\"300\" height=\"200\" \/><\/a>\u00a0\u00a0\u00a0\u00a0\u00a0\u00a0\u00a0\u00a0 \u00a0\u00a0\u00a0 \u00a0<a href=\"http:\/\/sites.unicentro.br\/irati\/wp-content\/uploads\/2012\/08\/30.08.12_Reuniao_centro_cultural-31.jpg\"><img loading=\"lazy\" decoding=\"async\" class=\"alignnone size-medium wp-image-427\" title=\"30.08.12_Reuniao_centro_cultural 3\" src=\"http:\/\/sites.unicentro.br\/irati\/wp-content\/uploads\/2012\/08\/30.08.12_Reuniao_centro_cultural-31-300x200.jpg\" alt=\"\" width=\"300\" height=\"200\" \/><\/a><\/p>\n","protected":false},"excerpt":{"rendered":"<p>Para definir quest\u00f5es t\u00e9cnicas quanto \u00e0 retomada das obras do Centro Cultural Denise Stoklos, neste dia 30, o prefeito de Irati, Sergio Stoklos, recebeu equipes da Secretaria de Estado do Desenvolvimento Urbano (SEDU\/Paranacidade), da Secretaria de Estado de Infraestrutura e Log\u00edstica, da empresa Malucelli Arquitetura e Constru\u00e7\u00e3o Ltda. \u2013 que elaborou o projeto do centro [&hellip;]<\/p>\n","protected":false},"author":3,"featured_media":0,"comment_status":"open","ping_status":"open","sticky":false,"template":"","format":"standard","meta":{"_exactmetrics_skip_tracking":false,"_exactmetrics_sitenote_active":false,"_exactmetrics_sitenote_note":"","_exactmetrics_sitenote_category":0,"fifu_image_url":"http:\/\/sites.unicentro.br\/irati\/wp-content\/uploads\/2012\/08\/30.08.12_Reuniao_centro_cultural.jpg","fifu_image_alt":"","footnotes":"","_links_to":"","_links_to_target":""},"categories":[2],"tags":[],"class_list":["post-1372","post","type-post","status-publish","format-standard","hentry","category-noticias"],"_links":{"self":[{"href":"https:\/\/www3.unicentro.br\/irati\/wp-json\/wp\/v2\/posts\/1372","targetHints":{"allow":["GET"]}}],"collection":[{"href":"https:\/\/www3.unicentro.br\/irati\/wp-json\/wp\/v2\/posts"}],"about":[{"href":"https:\/\/www3.unicentro.br\/irati\/wp-json\/wp\/v2\/types\/post"}],"author":[{"embeddable":true,"href":"https:\/\/www3.unicentro.br\/irati\/wp-json\/wp\/v2\/users\/3"}],"replies":[{"embeddable":true,"href":"https:\/\/www3.unicentro.br\/irati\/wp-json\/wp\/v2\/comments?post=1372"}],"version-history":[{"count":0,"href":"https:\/\/www3.unicentro.br\/irati\/wp-json\/wp\/v2\/posts\/1372\/revisions"}],"wp:attachment":[{"href":"https:\/\/www3.unicentro.br\/irati\/wp-json\/wp\/v2\/media?parent=1372"}],"wp:term":[{"taxonomy":"category","embeddable":true,"href":"https:\/\/www3.unicentro.br\/irati\/wp-json\/wp\/v2\/categories?post=1372"},{"taxonomy":"post_tag","embeddable":true,"href":"https:\/\/www3.unicentro.br\/irati\/wp-json\/wp\/v2\/tags?post=1372"}],"curies":[{"name":"wp","href":"https:\/\/api.w.org\/{rel}","templated":true}]}}