{"id":1348,"date":"2012-08-09T00:00:00","date_gmt":"2012-08-09T03:00:00","guid":{"rendered":"https:\/\/www3.unicentro.br\/irati\/2012\/08\/09\/iiifenafep\/"},"modified":"2012-08-09T00:00:00","modified_gmt":"2012-08-09T03:00:00","slug":"iiifenafep","status":"publish","type":"post","link":"https:\/\/www3.unicentro.br\/irati\/2012\/08\/09\/iiifenafep\/","title":{"rendered":"Unicentro participa da III FENAFEP"},"content":{"rendered":"<p>Acontece de 09 a 12 de agosto de 2012 a FENAFEP &#8211; Festa Nacional do <a href=\"http:\/\/sites.unicentro.br\/irati\/wp-content\/uploads\/2012\/08\/FENAFEP-Aerea1.jpg\"><img loading=\"lazy\" decoding=\"async\" class=\"alignright size-medium wp-image-345\" title=\"FENAFEP - Aerea\" src=\"http:\/\/sites.unicentro.br\/irati\/wp-content\/uploads\/2012\/08\/FENAFEP-Aerea1-199x300.jpg\" alt=\"\" width=\"199\" height=\"300\" \/><\/a>Feij\u00e3o Preto de Prudent\u00f3polis. Em sua III edi\u00e7\u00e3o e consagrando-se como uma das maiores festas da regi\u00e3o com destaque nacional. Some-se a isso\u00a0 a atra\u00e7\u00e3o principal dessa festa, ou seja,\u00a0 a maior feijoada do Brasil, preparada numa panela gigante de 12 toneladas que, segundo o livro dos recordes (Guinness Book), \u00e9 a maior do mundo.<br \/>\nA UNICENTRO esteve presente desde a primeira edi\u00e7\u00e3o da festa e neste ano\u00a0 apresentar\u00e1 os projetos institucionais\u00a0 com o fito de divulgar seus cursos. Essas informa\u00e7\u00f5es ser\u00e3o apresentadas em estande montado na festa sob a coordena\u00e7\u00e3o da Divis\u00e3o de Promo\u00e7\u00e3o Cultural e Divis\u00e3o de Extens\u00e3o do Campus de Irati. Um dos projetos de extens\u00e3o a ser exposto ser\u00e1 a Feira de Saberes de Sabores que objetiva o desenvolvimento de produtos regionais rurais e de quest\u00f5es agr\u00e1rias, visando a economia alternativa e solid\u00e1ria num \u00e2mbito de gest\u00e3o urbano e rural.<\/p>\n","protected":false},"excerpt":{"rendered":"<p>Acontece de 09 a 12 de agosto de 2012 a FENAFEP &#8211; Festa Nacional do Feij\u00e3o Preto de Prudent\u00f3polis. Em sua III edi\u00e7\u00e3o e consagrando-se como uma das maiores festas da regi\u00e3o com destaque nacional. Some-se a isso\u00a0 a atra\u00e7\u00e3o principal dessa festa, ou seja,\u00a0 a maior feijoada do Brasil, preparada numa panela gigante de [&hellip;]<\/p>\n","protected":false},"author":3,"featured_media":0,"comment_status":"open","ping_status":"open","sticky":false,"template":"","format":"standard","meta":{"_exactmetrics_skip_tracking":false,"_exactmetrics_sitenote_active":false,"_exactmetrics_sitenote_note":"","_exactmetrics_sitenote_category":0,"fifu_image_url":"http:\/\/sites.unicentro.br\/irati\/wp-content\/uploads\/2012\/08\/FENAFEP-Feijoada.jpg","fifu_image_alt":"","footnotes":"","_links_to":"","_links_to_target":""},"categories":[2],"tags":[],"class_list":["post-1348","post","type-post","status-publish","format-standard","hentry","category-noticias"],"_links":{"self":[{"href":"https:\/\/www3.unicentro.br\/irati\/wp-json\/wp\/v2\/posts\/1348","targetHints":{"allow":["GET"]}}],"collection":[{"href":"https:\/\/www3.unicentro.br\/irati\/wp-json\/wp\/v2\/posts"}],"about":[{"href":"https:\/\/www3.unicentro.br\/irati\/wp-json\/wp\/v2\/types\/post"}],"author":[{"embeddable":true,"href":"https:\/\/www3.unicentro.br\/irati\/wp-json\/wp\/v2\/users\/3"}],"replies":[{"embeddable":true,"href":"https:\/\/www3.unicentro.br\/irati\/wp-json\/wp\/v2\/comments?post=1348"}],"version-history":[{"count":0,"href":"https:\/\/www3.unicentro.br\/irati\/wp-json\/wp\/v2\/posts\/1348\/revisions"}],"wp:attachment":[{"href":"https:\/\/www3.unicentro.br\/irati\/wp-json\/wp\/v2\/media?parent=1348"}],"wp:term":[{"taxonomy":"category","embeddable":true,"href":"https:\/\/www3.unicentro.br\/irati\/wp-json\/wp\/v2\/categories?post=1348"},{"taxonomy":"post_tag","embeddable":true,"href":"https:\/\/www3.unicentro.br\/irati\/wp-json\/wp\/v2\/tags?post=1348"}],"curies":[{"name":"wp","href":"https:\/\/api.w.org\/{rel}","templated":true}]}}