{"id":1342,"date":"2012-08-03T00:00:00","date_gmt":"2012-08-03T03:00:00","guid":{"rendered":"https:\/\/www3.unicentro.br\/irati\/2012\/08\/03\/ppgeinicioatividades\/"},"modified":"2012-08-03T00:00:00","modified_gmt":"2012-08-03T03:00:00","slug":"ppgeinicioatividades","status":"publish","type":"post","link":"https:\/\/www3.unicentro.br\/irati\/2012\/08\/03\/ppgeinicioatividades\/","title":{"rendered":"Atividades do Mestrado em Educa\u00e7\u00e3o come\u00e7am dia 07\/08"},"content":{"rendered":"<p>No dia 7 de agosto, ter\u00e3o in\u00edcio as atividades do Mestrado em Educa\u00e7\u00e3o. Todos os discentes, regularmente matriculados, na 1\u00aa Turma de 2012, assistir\u00e3o \u00e0 primeira aula da disciplina obrigat\u00f3ria \u201cFundamentos e M\u00e9todos da Pesquisa em Educa\u00e7\u00e3o\u201d, no Campus Universit\u00e1rio Irati.<br \/>\nOs professores respons\u00e1veis por essa disciplina s\u00e3o: Alessandro Melo do Departamento de Pedagogia de Guarapuava, Cibele Krause-Lemke do Departamento de Letras de Irati, Emerson Lu\u00eds Velozo do Departamento de Educa\u00e7\u00e3o F\u00edsica de Irati e Rafael Siqueira de Guimar\u00e3es do Departamento de Psicologia de Irati.<br \/>\nA Coordena\u00e7\u00e3o do Programa de P\u00f3s-gradua\u00e7\u00e3o em Educa\u00e7\u00e3o (PPGE), representada pelas Professoras Doutoras Angela Hidalgo do Departamento de Pedagogia de Guarapuava e J\u00e1ima Pinheiro de Oliveira do Departamento de Fonoaudiologia, far\u00e1 uma recep\u00e7\u00e3o aos mestrandos, antes de iniciar a aula. Dentre outras atividades, est\u00e1 prevista, nessa recep\u00e7\u00e3o, a apresenta\u00e7\u00e3o da estrutura f\u00edsica do Campus Irati.<br \/>\nNo dia 21\/08 \u00e0s 8h, haver\u00e1 a Aula Inaugural do Programa, com tem\u00e1tica voltada para \u201cOs desafios curriculares da P\u00f3s-gradua\u00e7\u00e3o no pa\u00eds\u201d ministrada pela professora Dra. Elizabeth Fernandes de Macedo, Professora Adjunto da Universidade do Estado do Rio de Janeiro (UERJ), no miniaudit\u00f3rio do Campus Santa Cruz.<\/p>\n<p><a href=\"http:\/\/sites.unicentro.br\/irati\/wp-content\/uploads\/2012\/08\/Mestrado_Educacao1.jpg\"><img loading=\"lazy\" decoding=\"async\" class=\"size-full wp-image-328 aligncenter\" title=\"Mestrado_Educacao\" src=\"http:\/\/sites.unicentro.br\/irati\/wp-content\/uploads\/2012\/08\/Mestrado_Educacao1.jpg\" alt=\"\" width=\"215\" height=\"241\" \/><\/a><\/p>\n","protected":false},"excerpt":{"rendered":"<p>No dia 7 de agosto, ter\u00e3o in\u00edcio as atividades do Mestrado em Educa\u00e7\u00e3o. Todos os discentes, regularmente matriculados, na 1\u00aa Turma de 2012, assistir\u00e3o \u00e0 primeira aula da disciplina obrigat\u00f3ria \u201cFundamentos e M\u00e9todos da Pesquisa em Educa\u00e7\u00e3o\u201d, no Campus Universit\u00e1rio Irati. Os professores respons\u00e1veis por essa disciplina s\u00e3o: Alessandro Melo do Departamento de Pedagogia de [&hellip;]<\/p>\n","protected":false},"author":3,"featured_media":0,"comment_status":"open","ping_status":"open","sticky":false,"template":"","format":"standard","meta":{"_exactmetrics_skip_tracking":false,"_exactmetrics_sitenote_active":false,"_exactmetrics_sitenote_note":"","_exactmetrics_sitenote_category":0,"fifu_image_url":"http:\/\/sites.unicentro.br\/irati\/wp-content\/uploads\/2012\/08\/Mestrado_Educacao1.jpg","fifu_image_alt":"","footnotes":"","_links_to":"","_links_to_target":""},"categories":[2],"tags":[],"class_list":["post-1342","post","type-post","status-publish","format-standard","hentry","category-noticias"],"_links":{"self":[{"href":"https:\/\/www3.unicentro.br\/irati\/wp-json\/wp\/v2\/posts\/1342","targetHints":{"allow":["GET"]}}],"collection":[{"href":"https:\/\/www3.unicentro.br\/irati\/wp-json\/wp\/v2\/posts"}],"about":[{"href":"https:\/\/www3.unicentro.br\/irati\/wp-json\/wp\/v2\/types\/post"}],"author":[{"embeddable":true,"href":"https:\/\/www3.unicentro.br\/irati\/wp-json\/wp\/v2\/users\/3"}],"replies":[{"embeddable":true,"href":"https:\/\/www3.unicentro.br\/irati\/wp-json\/wp\/v2\/comments?post=1342"}],"version-history":[{"count":0,"href":"https:\/\/www3.unicentro.br\/irati\/wp-json\/wp\/v2\/posts\/1342\/revisions"}],"wp:attachment":[{"href":"https:\/\/www3.unicentro.br\/irati\/wp-json\/wp\/v2\/media?parent=1342"}],"wp:term":[{"taxonomy":"category","embeddable":true,"href":"https:\/\/www3.unicentro.br\/irati\/wp-json\/wp\/v2\/categories?post=1342"},{"taxonomy":"post_tag","embeddable":true,"href":"https:\/\/www3.unicentro.br\/irati\/wp-json\/wp\/v2\/tags?post=1342"}],"curies":[{"name":"wp","href":"https:\/\/api.w.org\/{rel}","templated":true}]}}