{"id":1327,"date":"2012-06-25T00:00:00","date_gmt":"2012-06-25T03:00:00","guid":{"rendered":"https:\/\/www3.unicentro.br\/irati\/2012\/06\/25\/arraiauati\/"},"modified":"2012-06-25T00:00:00","modified_gmt":"2012-06-25T03:00:00","slug":"arraiauati","status":"publish","type":"post","link":"https:\/\/www3.unicentro.br\/irati\/2012\/06\/25\/arraiauati\/","title":{"rendered":"Festa junina da UATI acontece dia 26"},"content":{"rendered":"<p align=\"JUSTIFY\">A Unicentro, por meio da Dire\u00e7\u00e3o do Campus de Irati e da Divis\u00e3o de Extens\u00e3o Comunit\u00e1ria, promovem nesta ter\u00e7a-feira, 26 de junho, a festa junina \u201cArrai\u00e1 da Uati\u201d e o \u201c4\u00b0 Encontr\u00e3o de Quadrilhas\u201d. O evento ser\u00e1 realizado no Campus de Irati, das 11h \u00e0s 21h.<\/p>\n<p align=\"JUSTIFY\">A Universidade Aberta para a Terceira Idade (Uati) de Irati tem intuito de proporcionar uma melhora na qualidade de vida dos idosos por meio da promo\u00e7\u00e3o do bem estar f\u00edsico e mental, al\u00e9m de promover a integra\u00e7\u00e3o social e cultural dos participantes.<\/p>\n<p align=\"JUSTIFY\">\n","protected":false},"excerpt":{"rendered":"<p>A Unicentro, por meio da Dire\u00e7\u00e3o do Campus de Irati e da Divis\u00e3o de Extens\u00e3o Comunit\u00e1ria, promovem nesta ter\u00e7a-feira, 26 de junho, a festa junina \u201cArrai\u00e1 da Uati\u201d e o \u201c4\u00b0 Encontr\u00e3o de Quadrilhas\u201d. O evento ser\u00e1 realizado no Campus de Irati, das 11h \u00e0s 21h. A Universidade Aberta para a Terceira Idade (Uati) de [&hellip;]<\/p>\n","protected":false},"author":3,"featured_media":0,"comment_status":"open","ping_status":"open","sticky":false,"template":"","format":"standard","meta":{"_exactmetrics_skip_tracking":false,"_exactmetrics_sitenote_active":false,"_exactmetrics_sitenote_note":"","_exactmetrics_sitenote_category":0,"fifu_image_url":"http:\/\/sites.unicentro.br\/irati\/wp-content\/uploads\/2012\/06\/Arraia.jpeg","fifu_image_alt":"","footnotes":"","_links_to":"","_links_to_target":""},"categories":[2],"tags":[],"class_list":["post-1327","post","type-post","status-publish","format-standard","hentry","category-noticias"],"_links":{"self":[{"href":"https:\/\/www3.unicentro.br\/irati\/wp-json\/wp\/v2\/posts\/1327","targetHints":{"allow":["GET"]}}],"collection":[{"href":"https:\/\/www3.unicentro.br\/irati\/wp-json\/wp\/v2\/posts"}],"about":[{"href":"https:\/\/www3.unicentro.br\/irati\/wp-json\/wp\/v2\/types\/post"}],"author":[{"embeddable":true,"href":"https:\/\/www3.unicentro.br\/irati\/wp-json\/wp\/v2\/users\/3"}],"replies":[{"embeddable":true,"href":"https:\/\/www3.unicentro.br\/irati\/wp-json\/wp\/v2\/comments?post=1327"}],"version-history":[{"count":0,"href":"https:\/\/www3.unicentro.br\/irati\/wp-json\/wp\/v2\/posts\/1327\/revisions"}],"wp:attachment":[{"href":"https:\/\/www3.unicentro.br\/irati\/wp-json\/wp\/v2\/media?parent=1327"}],"wp:term":[{"taxonomy":"category","embeddable":true,"href":"https:\/\/www3.unicentro.br\/irati\/wp-json\/wp\/v2\/categories?post=1327"},{"taxonomy":"post_tag","embeddable":true,"href":"https:\/\/www3.unicentro.br\/irati\/wp-json\/wp\/v2\/tags?post=1327"}],"curies":[{"name":"wp","href":"https:\/\/api.w.org\/{rel}","templated":true}]}}