{"id":11863,"date":"2026-04-24T18:59:10","date_gmt":"2026-04-24T21:59:10","guid":{"rendered":"https:\/\/www3.unicentro.br\/irati\/2026\/04\/24\/unicentro-promove-dia-d-de-incentivo-a-destinacao-do-imposto-de-renda-a-fundos-sociais\/"},"modified":"2026-04-24T19:10:37","modified_gmt":"2026-04-24T22:10:37","slug":"unicentro-promove-dia-d-de-incentivo-a-destinacao-do-imposto-de-renda-a-fundos-sociais","status":"publish","type":"post","link":"https:\/\/www3.unicentro.br\/irati\/2026\/04\/24\/unicentro-promove-dia-d-de-incentivo-a-destinacao-do-imposto-de-renda-a-fundos-sociais\/","title":{"rendered":"Unicentro promove \u201cDia D\u201d de incentivo \u00e0 destina\u00e7\u00e3o do Imposto de Renda a fundos sociais"},"content":{"rendered":"<p style=\"text-align: justify\"><span style=\"font-weight: 400\">Promover a cidadania fiscal e colaborar com o desenvolvimento social da regi\u00e3o. Esses s\u00e3o alguns dos princ\u00edpios que fundamentam o \u201cDia D \u2013 Doa Irati e Doa Prudent\u00f3polis\u201d. Realizada neste s\u00e1bado (25) pelo Departamento de Ci\u00eancias Cont\u00e1beis (Decic\/I) da Universidade Estadual do Centro-Oeste (Unicentro), a mobiliza\u00e7\u00e3o ocorre simultaneamente nas duas cidades, das 9h \u00e0s 15h. O objetivo central \u00e9 orientar a popula\u00e7\u00e3o sobre como direcionar parte do imposto de renda devido para os fundos municipais de assist\u00eancia social, e sem que tenha que pagar nada a mais por isso.\u00a0<\/span><\/p>\n<p style=\"text-align: justify\"><span style=\"font-weight: 400\">\u201cEssa pol\u00edtica p\u00fablica incentiva o contribuinte a deixar parte do imposto de renda no seu pr\u00f3prio munic\u00edpio. Ent\u00e3o, ele n\u00e3o tem \u00f4nus, porque essa parcela que vai ser encaminhada para os fundos municipais \u00e9 deduzida do que ele j\u00e1 teria que pagar\u201d, explica a professora Ana L\u00e9a Macohon Klosowski, coordenadora do projeto.<\/span><\/p>\n<p style=\"text-align: justify\"><span style=\"font-weight: 400\">Em Prudent\u00f3polis, a atividade acontece na Pra\u00e7a da Matriz. Com o intuito de atrair as fam\u00edlias, a programa\u00e7\u00e3o inclui oficina de educa\u00e7\u00e3o financeira para crian\u00e7as, carrinho de pipoca e uma feira de troca de livros. J\u00e1 em Irati, a equipe estar\u00e1 dispon\u00edvel para sanar d\u00favidas sobre o preenchimento da declara\u00e7\u00e3o no estacionamento do Supermercado GCenter, na esquina das ruas Quinze de Julho e Munhoz da Rocha.\u00a0<\/span><\/p>\n<p style=\"text-align: justify\"><span style=\"font-weight: 400\">A a\u00e7\u00e3o integra a terceira edi\u00e7\u00e3o do projeto de extens\u00e3o \u201cM\u00e3os que Incentivam\u201d, do Departamento de Ci\u00eancias Cont\u00e1beis do C\u00e2mpus de Irati (Decic\/I) da Unicentro. A iniciativa conta ainda com o apoio de diversos parceiros, como as prefeituras de Irati e Prudent\u00f3polis, Conselho Regional de Contabilidade, Sicredi, Sicoob, Cresol, Lions Irati e Biblioteca P\u00fablica de Prudent\u00f3polis.<\/span><\/p>\n<p style=\"text-align: justify\"><b>Como fazer a destina\u00e7\u00e3o<\/b><\/p>\n<p style=\"text-align: justify\"><span style=\"font-weight: 400\">Para participar, o contribuinte deve obrigatoriamente utilizar o modelo completo da declara\u00e7\u00e3o. Dentro do programa da Receita Federal, o processo \u00e9 realizado na ficha \u201cDoa\u00e7\u00f5es Diretamente na Declara\u00e7\u00e3o\u201d. O sistema permite destinar at\u00e9 3% para o Fundo Municipal dos Direitos da Crian\u00e7a e do Adolescente e outros 3% para o Fundo Municipal da Pessoa Idosa. Ap\u00f3s a escolha, o contribuinte emite um Documento de Arrecada\u00e7\u00e3o de Receitas Federais (Darf) para o pagamento. Esse valor \u00e9 deduzido do imposto total a pagar ou, caso haja restitui\u00e7\u00e3o, o montante repassado retorna ao contribuinte com corre\u00e7\u00e3o pela Taxa Selic. O prazo para a entrega da declara\u00e7\u00e3o do Imposto de Renda de Pessoa F\u00edsica 2026 encerra no dia 29 de maio.\u00a0<\/span><\/p>\n<p style=\"text-align: justify\"><b>Impacto na regi\u00e3o<\/b><\/p>\n<p style=\"text-align: justify\"><span style=\"font-weight: 400\">A professora Ana L\u00e9a cita que, de acordo com dados da Receita Federal, a arrecada\u00e7\u00e3o por meio desse mecanismo tem potencial significativo: R$ 1 milh\u00e3o em Prudent\u00f3polis, e R$ 2 milh\u00f5es em Irati. Entretanto, no \u00faltimo ano, as cidades realizaram apenas 10% e 5% disso, respectivamente.<\/span><\/p>\n<p style=\"text-align: justify\"><span style=\"font-weight: 400\">Outro ponto destacado pela organiza\u00e7\u00e3o \u00e9 que os valores direcionados aos fundos s\u00e3o aplicados diretamente em projetos locais. Acad\u00eamica do curso de Cont\u00e1beis de Prudent\u00f3polis, Keli Santos destaca que, em edi\u00e7\u00f5es passadas, o recurso j\u00e1 viabilizou a reforma de estofados no Lar dos Idosos e investimentos no projeto Invernada Cultural, voltado a crian\u00e7as e adolescentes da cidade. \u201cA gente consegue perceber muitas mudan\u00e7as que s\u00e3o poss\u00edveis fazer. Quando a gente consegue levar o dinheiro para boas a\u00e7\u00f5es, isso traz muita mudan\u00e7a para o munic\u00edpio\u201d, ressalta a aluna.<\/span><\/p>\n<p style=\"text-align: justify\"><b>Engajamento acad\u00eamico<\/b><\/p>\n<p style=\"text-align: justify\"><span style=\"font-weight: 400\">Com o apoio dos professores do Decic, s\u00e3o os estudantes que assumem a linha de frente do projeto. Desde que come\u00e7ou o per\u00edodo de declara\u00e7\u00e3o do IRPF em abril, eles j\u00e1 produziram materiais de divulga\u00e7\u00e3o, gravaram v\u00eddeos para as redes sociais e deram entrevistas para r\u00e1dios locais.<\/span><\/p>\n<p style=\"text-align: justify\"><span style=\"font-weight: 400\">Para o acad\u00eamico Eduardo da Costa, do 3\u00ba ano de Ci\u00eancias Cont\u00e1beis do C\u00e2mpus de Irati, a atividade se torna fundamental ao conectar aprendizado t\u00e9cnico e impacto social direto. \u201cAl\u00e9m do benef\u00edcio para o munic\u00edpio, agrega tamb\u00e9m a integra\u00e7\u00e3o acad\u00eamica dos estudantes\u201d, pontua Eduardo. \u201cEsse projeto \u00e9 algo muito especial porque \u00e9 um valor que, de qualquer maneira, dever\u00e1 ser pago. Ent\u00e3o, com o dinheiro sendo investido mais perto da gente, posteriormente, eu verei com os meus pr\u00f3prios olhos os resultados no munic\u00edpio\u201d, ressalta o estudante.<\/span><\/p>\n<p style=\"text-align: justify\"><span style=\"font-weight: 400\">\u201cN\u00f3s trabalhamos isso com a nossa comunidade acad\u00eamica, para que o aluno entenda essa pol\u00edtica, para que ele entenda o papel social, a forma\u00e7\u00e3o humana, a forma\u00e7\u00e3o cidad\u00e3 do profissional da contabilidade e oriente o seu cliente para que fa\u00e7a essa destina\u00e7\u00e3o\u201d, refor\u00e7a a professora Ana L\u00e9a.<\/span><\/p>\n<p>Para saber mais sobre o projeto, siga o <a href=\"https:\/\/www.instagram.com\/maos_que_incentivam\/?hl=pt-br\"><strong>perfil do Instagram &#8220;M\u00e3os que Incentivam<\/strong><\/a>&#8220;.<\/p>\n<p>&nbsp;<\/p>\n<p style=\"text-align: justify\"><span style=\"font-size: 8pt\"><em><span style=\"font-weight: 400\">Por Wyllian Correa<\/span><\/em><\/span><\/p>\n<hr \/>\n<p style=\"text-align: justify\"><span style=\"color: #808000\"><strong>Voc\u00ea j\u00e1 conhece o canal de transmiss\u00e3o da Unicentro no WhatsApp?<\/strong><\/span><\/p>\n<p style=\"text-align: justify\">L\u00e1, voc\u00ea encontra not\u00edcias fresquinhas e em primeira m\u00e3o, al\u00e9m de comunicados oficiais, eventos, conquistas da galera e muito mais!\u00a0<span style=\"color: #808000\"><strong><a style=\"color: #808000\" href=\"https:\/\/whatsapp.com\/channel\/0029VaBQlmUEVccJs6JPNB0N\">Clique aqui<\/a><\/strong><\/span>\u00a0para participar e fique por dentro de tudo o que \u00e9 destaque na nossa universidade.<span style=\"font-weight: 400\">\u00a0<\/span><\/p>\n<p style=\"text-align: justify\"><span style=\"font-weight: 400\">\u00a0<\/span><\/p>\n","protected":false},"excerpt":{"rendered":"<p>A\u00e7\u00e3o do Departamento de Ci\u00eancias Cont\u00e1beis acontece neste s\u00e1bado (25) em Irati e Prudent\u00f3polis.<\/p>\n","protected":false},"author":578,"featured_media":1452,"comment_status":"open","ping_status":"open","sticky":false,"template":"","format":"standard","meta":{"_exactmetrics_skip_tracking":false,"_exactmetrics_sitenote_active":false,"_exactmetrics_sitenote_note":"","_exactmetrics_sitenote_category":0,"fifu_image_url":"https:\/\/www3.unicentro.br\/noticias\/wp-content\/uploads\/sites\/3\/2026\/04\/aaaaaaaaaa_69ebbd0893268-e1777067937137.jpg","fifu_image_alt":"","footnotes":"","_links_to":"","_links_to_target":""},"categories":[2],"tags":[],"class_list":["post-11863","post","type-post","status-publish","format-standard","has-post-thumbnail","hentry","category-noticias"],"_links":{"self":[{"href":"https:\/\/www3.unicentro.br\/irati\/wp-json\/wp\/v2\/posts\/11863","targetHints":{"allow":["GET"]}}],"collection":[{"href":"https:\/\/www3.unicentro.br\/irati\/wp-json\/wp\/v2\/posts"}],"about":[{"href":"https:\/\/www3.unicentro.br\/irati\/wp-json\/wp\/v2\/types\/post"}],"author":[{"embeddable":true,"href":"https:\/\/www3.unicentro.br\/irati\/wp-json\/wp\/v2\/users\/578"}],"replies":[{"embeddable":true,"href":"https:\/\/www3.unicentro.br\/irati\/wp-json\/wp\/v2\/comments?post=11863"}],"version-history":[{"count":1,"href":"https:\/\/www3.unicentro.br\/irati\/wp-json\/wp\/v2\/posts\/11863\/revisions"}],"predecessor-version":[{"id":11865,"href":"https:\/\/www3.unicentro.br\/irati\/wp-json\/wp\/v2\/posts\/11863\/revisions\/11865"}],"wp:featuredmedia":[{"embeddable":true,"href":"https:\/\/www3.unicentro.br\/irati\/wp-json\/"}],"wp:attachment":[{"href":"https:\/\/www3.unicentro.br\/irati\/wp-json\/wp\/v2\/media?parent=11863"}],"wp:term":[{"taxonomy":"category","embeddable":true,"href":"https:\/\/www3.unicentro.br\/irati\/wp-json\/wp\/v2\/categories?post=11863"},{"taxonomy":"post_tag","embeddable":true,"href":"https:\/\/www3.unicentro.br\/irati\/wp-json\/wp\/v2\/tags?post=11863"}],"curies":[{"name":"wp","href":"https:\/\/api.w.org\/{rel}","templated":true}]}}