{"id":11808,"date":"2026-04-23T18:11:08","date_gmt":"2026-04-23T21:11:08","guid":{"rendered":"https:\/\/www3.unicentro.br\/irati\/?p=11808"},"modified":"2026-04-23T18:11:08","modified_gmt":"2026-04-23T21:11:08","slug":"aula-inaugural-em-prudentopolis-explora-horizontes-do-mercado-de-alta-performance","status":"publish","type":"post","link":"https:\/\/www3.unicentro.br\/irati\/2026\/04\/23\/aula-inaugural-em-prudentopolis-explora-horizontes-do-mercado-de-alta-performance\/","title":{"rendered":"Aula inaugural em Prudent\u00f3polis explora horizontes do mercado de alta performance"},"content":{"rendered":"<p style=\"text-align: justify\"><span style=\"font-weight: 400\">Na \u00faltima quarta-feira (22), o Setor de Ci\u00eancias Sociais Aplicadas (Sesa\/I) da Universidade Estadual do Centro-Oeste (Unicentro) promoveu sua confer\u00eancia de abertura do ano letivo de 2026 no C\u00e2mpus Avan\u00e7ado de Prudent\u00f3polis. Sob o tema \u201cConex\u00e3o acad\u00eamica: da gradua\u00e7\u00e3o ao mercado de alta performance\u201d, a atividade fomentou o di\u00e1logo entre a comunidade estudantil e especialistas sobre as diversas possibilidades de atua\u00e7\u00e3o nas esferas administrativa e cont\u00e1bil.<\/span><\/p>\n<div id=\"attachment_11833\" style=\"width: 440px\" class=\"wp-caption alignleft\"><img loading=\"lazy\" decoding=\"async\" aria-describedby=\"caption-attachment-11833\" class=\"wpa-warning wpa-image-missing-alt wp-image-11833\" src=\"https:\/\/www3.unicentro.br\/irati\/wp-content\/uploads\/sites\/89\/2026\/04\/DSC_2705.jpg\" alt=\"\" width=\"430\" height=\"287\" data-warning=\"Texto alternativo ausente\" srcset=\"https:\/\/www3.unicentro.br\/irati\/wp-content\/uploads\/sites\/89\/2026\/04\/DSC_2705.jpg 1800w, https:\/\/www3.unicentro.br\/irati\/wp-content\/uploads\/sites\/89\/2026\/04\/DSC_2705-768x512.jpg 768w, https:\/\/www3.unicentro.br\/irati\/wp-content\/uploads\/sites\/89\/2026\/04\/DSC_2705-1536x1024.jpg 1536w, https:\/\/www3.unicentro.br\/irati\/wp-content\/uploads\/sites\/89\/2026\/04\/DSC_2705-400x267.jpg 400w, https:\/\/www3.unicentro.br\/irati\/wp-content\/uploads\/sites\/89\/2026\/04\/DSC_2705-800x533.jpg 800w, https:\/\/www3.unicentro.br\/irati\/wp-content\/uploads\/sites\/89\/2026\/04\/DSC_2705-1200x800.jpg 1200w, https:\/\/www3.unicentro.br\/irati\/wp-content\/uploads\/sites\/89\/2026\/04\/DSC_2705-255x170.jpg 255w\" sizes=\"auto, (max-width: 430px) 100vw, 430px\" \/><p id=\"caption-attachment-11833\" class=\"wp-caption-text\"><em>Caroline Czar contou os diferentes percursos de sua trajet\u00f3ria profissional at\u00e9 chegar ao Grupo Volvo (Foto: Coorc)<\/em><\/p><\/div>\n<p style=\"text-align: justify\"><span style=\"font-weight: 400\">O debate contou com a participa\u00e7\u00e3o de Caroline Czar, analista comercial no Grupo Volvo, e Cristina Parteka Camargo, s\u00f3cia-administradora da Hydropartner Hidrometria.\u00a0<\/span><\/p>\n<p style=\"text-align: justify\"><span style=\"font-weight: 400\">Com quase oito anos de trajet\u00f3ria na multinacional, Caroline Czar detalhou como a amplitude da forma\u00e7\u00e3o acad\u00eamica permitiu que ela crescesse profissionalmente. \u201cA Administra\u00e7\u00e3o abrange tudo, desde a gest\u00e3o de pessoas at\u00e9 a parte financeira. Como a gradua\u00e7\u00e3o me fez multifun\u00e7\u00f5es, eu pude transitar pelos diferentes departamentos da empresa com maior facilidade\u201d, comenta a analista, graduada pela Universidade Positivo.\u00a0<\/span><\/p>\n<div id=\"attachment_11832\" style=\"width: 440px\" class=\"wp-caption alignright\"><img loading=\"lazy\" decoding=\"async\" aria-describedby=\"caption-attachment-11832\" class=\"wpa-warning wpa-image-missing-alt wp-image-11832\" src=\"https:\/\/www3.unicentro.br\/irati\/wp-content\/uploads\/sites\/89\/2026\/04\/DSC_2766.jpg\" alt=\"\" width=\"430\" height=\"287\" data-warning=\"Texto alternativo ausente\" srcset=\"https:\/\/www3.unicentro.br\/irati\/wp-content\/uploads\/sites\/89\/2026\/04\/DSC_2766.jpg 1800w, https:\/\/www3.unicentro.br\/irati\/wp-content\/uploads\/sites\/89\/2026\/04\/DSC_2766-768x512.jpg 768w, https:\/\/www3.unicentro.br\/irati\/wp-content\/uploads\/sites\/89\/2026\/04\/DSC_2766-1536x1024.jpg 1536w, https:\/\/www3.unicentro.br\/irati\/wp-content\/uploads\/sites\/89\/2026\/04\/DSC_2766-400x267.jpg 400w, https:\/\/www3.unicentro.br\/irati\/wp-content\/uploads\/sites\/89\/2026\/04\/DSC_2766-800x533.jpg 800w, https:\/\/www3.unicentro.br\/irati\/wp-content\/uploads\/sites\/89\/2026\/04\/DSC_2766-1200x800.jpg 1200w, https:\/\/www3.unicentro.br\/irati\/wp-content\/uploads\/sites\/89\/2026\/04\/DSC_2766-255x170.jpg 255w\" sizes=\"auto, (max-width: 430px) 100vw, 430px\" \/><p id=\"caption-attachment-11832\" class=\"wp-caption-text\"><em>Cristina Parteka Camargo enfatizou a import\u00e2ncia da experi\u00eancia acad\u00eamica para o mercado de trabalho (Foto: Coorc)<\/em><\/p><\/div>\n<p style=\"text-align: justify\"><span style=\"font-weight: 400\">Egressa da pr\u00f3pria Unicentro, Cristina Parteka Camargo tamb\u00e9m refor\u00e7ou o desenvolvimento abrangente propiciado pela forma\u00e7\u00e3o em Ci\u00eancias Cont\u00e1beis. Al\u00e9m disso, a empres\u00e1ria enfatizou que a prepara\u00e7\u00e3o para o mercado deve come\u00e7ar ainda durante o per\u00edodo universit\u00e1rio, incentivando o envolvimento em a\u00e7\u00f5es voltadas \u00e0 comunidade. \u201cEssa conex\u00e3o j\u00e1 come\u00e7a agora. Acho muito importante os alunos terem contato com profissionais e tamb\u00e9m participar de projetos de extens\u00e3o da Unicentro. Isso vai dar a eles uma vis\u00e3o diferente do mercado e das pessoas\u201d, afirma Cristina.<\/span><\/p>\n<p style=\"text-align: justify\"><b>Integra\u00e7\u00e3o e vis\u00e3o de carreira<\/b><\/p>\n<div class=\"wp-block-image\">\n<div id=\"attachment_11831\" style=\"width: 440px\" class=\"wp-caption alignleft\"><img loading=\"lazy\" decoding=\"async\" aria-describedby=\"caption-attachment-11831\" class=\"wpa-warning wpa-image-missing-alt wp-image-11831\" src=\"https:\/\/www3.unicentro.br\/irati\/wp-content\/uploads\/sites\/89\/2026\/04\/DSC_2696.jpg\" alt=\"\" width=\"430\" height=\"287\" data-warning=\"Texto alternativo ausente\" srcset=\"https:\/\/www3.unicentro.br\/irati\/wp-content\/uploads\/sites\/89\/2026\/04\/DSC_2696.jpg 1800w, https:\/\/www3.unicentro.br\/irati\/wp-content\/uploads\/sites\/89\/2026\/04\/DSC_2696-768x512.jpg 768w, https:\/\/www3.unicentro.br\/irati\/wp-content\/uploads\/sites\/89\/2026\/04\/DSC_2696-1536x1024.jpg 1536w, https:\/\/www3.unicentro.br\/irati\/wp-content\/uploads\/sites\/89\/2026\/04\/DSC_2696-400x267.jpg 400w, https:\/\/www3.unicentro.br\/irati\/wp-content\/uploads\/sites\/89\/2026\/04\/DSC_2696-800x533.jpg 800w, https:\/\/www3.unicentro.br\/irati\/wp-content\/uploads\/sites\/89\/2026\/04\/DSC_2696-1200x800.jpg 1200w, https:\/\/www3.unicentro.br\/irati\/wp-content\/uploads\/sites\/89\/2026\/04\/DSC_2696-255x170.jpg 255w\" sizes=\"auto, (max-width: 430px) 100vw, 430px\" \/><p id=\"caption-attachment-11831\" class=\"wp-caption-text\"><em>Graduada em Ci\u00eancias Cont\u00e1beis, Elaine da Silva Cordeiro recebeu o reconhecimento de M\u00e9rito Acad\u00eamico (Foto: Coorc)<\/em><\/p><\/div>\n<\/div>\n<p style=\"text-align: justify\"><span style=\"font-weight: 400\">\u00c0 frente da coordena\u00e7\u00e3o da aula inaugural, a professora Carla Sokulski destaca que a atividade buscou expandir os horizontes dos estudantes para al\u00e9m do cen\u00e1rio regional. \u201cO objetivo \u00e9 que eles conhe\u00e7am a import\u00e2ncia que a gradua\u00e7\u00e3o possui no mercado de trabalho, saindo um pouco do ambiente estritamente local e conhecendo novas perspectivas. Seja na contabilidade ou na administra\u00e7\u00e3o, a ideia \u00e9 levar aos alunos essa no\u00e7\u00e3o do potencial que eles t\u00eam\u201d, detalhou. A docente enfatiza ainda a relev\u00e2ncia do tema para os ingressantes deste ano. \u201cPara os calouros, \u00e9 importante identificar isso no desenrolar do curso e aproveitar cada oportunidade que surja nesse per\u00edodo\u201d, salienta Carla, coordenadora do curso de Administra\u00e7\u00e3o em Prudent\u00f3polis.\u00a0<\/span><\/p>\n<div class=\"wp-block-image\">\n<div id=\"attachment_6537\" style=\"width: 440px\" class=\"wp-caption alignright\"><img loading=\"lazy\" decoding=\"async\" aria-describedby=\"caption-attachment-6537\" class=\"wpa-warning wpa-image-missing-alt wp-image-6537\" src=\"https:\/\/www3.unicentro.br\/irati\/wp-content\/uploads\/sites\/89\/2023\/12\/DSC_2568.jpg\" alt=\"\" width=\"430\" height=\"287\" data-warning=\"Texto alternativo ausente\" srcset=\"https:\/\/www3.unicentro.br\/irati\/wp-content\/uploads\/sites\/89\/2023\/12\/DSC_2568.jpg 1800w, https:\/\/www3.unicentro.br\/irati\/wp-content\/uploads\/sites\/89\/2023\/12\/DSC_2568-300x200.jpg 300w, https:\/\/www3.unicentro.br\/irati\/wp-content\/uploads\/sites\/89\/2023\/12\/DSC_2568-1024x683.jpg 1024w, https:\/\/www3.unicentro.br\/irati\/wp-content\/uploads\/sites\/89\/2023\/12\/DSC_2568-768x512.jpg 768w, https:\/\/www3.unicentro.br\/irati\/wp-content\/uploads\/sites\/89\/2023\/12\/DSC_2568-1536x1024.jpg 1536w, https:\/\/www3.unicentro.br\/irati\/wp-content\/uploads\/sites\/89\/2023\/12\/DSC_2568-400x267.jpg 400w, https:\/\/www3.unicentro.br\/irati\/wp-content\/uploads\/sites\/89\/2023\/12\/DSC_2568-800x533.jpg 800w, https:\/\/www3.unicentro.br\/irati\/wp-content\/uploads\/sites\/89\/2023\/12\/DSC_2568-1200x800.jpg 1200w, https:\/\/www3.unicentro.br\/irati\/wp-content\/uploads\/sites\/89\/2023\/12\/DSC_2568-255x170.jpg 255w\" sizes=\"auto, (max-width: 430px) 100vw, 430px\" \/><p id=\"caption-attachment-6537\" class=\"wp-caption-text\"><em>A apresenta\u00e7\u00e3o cultural da noite ficou por conta da banda formada pelos professores Mark Walker (voz), Alessandro Lepchak (teclado) e pelo agente universit\u00e1rio Fabiano Ferreira (guitarra) (Foto: Coorc)<\/em><\/p><\/div>\n<\/div>\n<p style=\"text-align: justify\"><span style=\"font-weight: 400\">J\u00e1 o diretor do Sesa\/I, professor Ed\u00e9lcio Stroparo, ressalta a import\u00e2ncia da integra\u00e7\u00e3o entre o setor, que teve docentes e discentes de Cont\u00e1beis e Administra\u00e7\u00e3o envolvidos em todas as etapas do encontro. \u201cO fundamental \u00e9 tirar o aluno da sala de aula, sair do seu \u2018quadradinho\u2019, vir para o audit\u00f3rio e compartilhar conhecimentos entre os dois cursos. Isso \u00e9 essencial para a din\u00e2mica dos nossos curr\u00edculos\u201d, pontua.<\/span><\/p>\n<p style=\"text-align: justify\"><span style=\"font-weight: 400\">Para os acad\u00eamicos, a experi\u00eancia serviu de incentivo para o planejamento futuro. Uma das que avaliou positivamente o contato com as palestrantes foi Tais Moteka, caloura de Administra\u00e7\u00e3o. \u201c\u00c9 interessante porque adquirimos mais informa\u00e7\u00e3o. O pessoal mostrar para a gente como \u00e9 o trabalho auxilia at\u00e9 na procura de algum est\u00e1gio e nos inspira a pensar como vai ser a carreira profissional depois da faculdade\u201d, vislumbra a estudante.<\/span><\/p>\n\n\t\t<style type=\"text\/css\">\n\t\t\t#gallery-1 {\n\t\t\t\tmargin: auto;\n\t\t\t}\n\t\t\t#gallery-1 .gallery-item {\n\t\t\t\tfloat: left;\n\t\t\t\tmargin-top: 10px;\n\t\t\t\ttext-align: center;\n\t\t\t\twidth: 25%;\n\t\t\t}\n\t\t\t#gallery-1 img {\n\t\t\t\tborder: 2px solid #cfcfcf;\n\t\t\t}\n\t\t\t#gallery-1 .gallery-caption {\n\t\t\t\tmargin-left: 0;\n\t\t\t}\n\t\t\t\/* see gallery_shortcode() in wp-includes\/media.php *\/\n\t\t<\/style>\n\t\t<div id='gallery-1' class='gallery galleryid-11808 gallery-columns-4 gallery-size-thumbnail'><dl class='gallery-item'>\n\t\t\t<dt class='gallery-icon landscape'>\n\t\t\t\t<a href='https:\/\/www3.unicentro.br\/irati\/2026\/04\/23\/aula-inaugural-em-prudentopolis-explora-horizontes-do-mercado-de-alta-performance\/dsc_2824\/'><img loading=\"lazy\" decoding=\"async\" width=\"128\" height=\"85\" src=\"https:\/\/www3.unicentro.br\/irati\/wp-content\/uploads\/sites\/89\/2026\/04\/DSC_2824.jpg\" class=\"attachment-thumbnail size-thumbnail\" alt=\"\" srcset=\"https:\/\/www3.unicentro.br\/irati\/wp-content\/uploads\/sites\/89\/2026\/04\/DSC_2824.jpg 1800w, https:\/\/www3.unicentro.br\/irati\/wp-content\/uploads\/sites\/89\/2026\/04\/DSC_2824-768x512.jpg 768w, https:\/\/www3.unicentro.br\/irati\/wp-content\/uploads\/sites\/89\/2026\/04\/DSC_2824-1536x1024.jpg 1536w, https:\/\/www3.unicentro.br\/irati\/wp-content\/uploads\/sites\/89\/2026\/04\/DSC_2824-400x267.jpg 400w, https:\/\/www3.unicentro.br\/irati\/wp-content\/uploads\/sites\/89\/2026\/04\/DSC_2824-800x533.jpg 800w, https:\/\/www3.unicentro.br\/irati\/wp-content\/uploads\/sites\/89\/2026\/04\/DSC_2824-1200x800.jpg 1200w, https:\/\/www3.unicentro.br\/irati\/wp-content\/uploads\/sites\/89\/2026\/04\/DSC_2824-255x170.jpg 255w\" sizes=\"auto, (max-width: 128px) 100vw, 128px\" \/><\/a>\n\t\t\t<\/dt><\/dl><dl class='gallery-item'>\n\t\t\t<dt class='gallery-icon landscape'>\n\t\t\t\t<a href='https:\/\/www3.unicentro.br\/irati\/2026\/04\/23\/aula-inaugural-em-prudentopolis-explora-horizontes-do-mercado-de-alta-performance\/dsc_2651\/'><img loading=\"lazy\" decoding=\"async\" width=\"128\" height=\"85\" src=\"https:\/\/www3.unicentro.br\/irati\/wp-content\/uploads\/sites\/89\/2026\/04\/DSC_2651.jpg\" class=\"attachment-thumbnail size-thumbnail\" alt=\"\" srcset=\"https:\/\/www3.unicentro.br\/irati\/wp-content\/uploads\/sites\/89\/2026\/04\/DSC_2651.jpg 1800w, https:\/\/www3.unicentro.br\/irati\/wp-content\/uploads\/sites\/89\/2026\/04\/DSC_2651-768x512.jpg 768w, https:\/\/www3.unicentro.br\/irati\/wp-content\/uploads\/sites\/89\/2026\/04\/DSC_2651-1536x1024.jpg 1536w, https:\/\/www3.unicentro.br\/irati\/wp-content\/uploads\/sites\/89\/2026\/04\/DSC_2651-400x267.jpg 400w, https:\/\/www3.unicentro.br\/irati\/wp-content\/uploads\/sites\/89\/2026\/04\/DSC_2651-800x533.jpg 800w, https:\/\/www3.unicentro.br\/irati\/wp-content\/uploads\/sites\/89\/2026\/04\/DSC_2651-1200x800.jpg 1200w, https:\/\/www3.unicentro.br\/irati\/wp-content\/uploads\/sites\/89\/2026\/04\/DSC_2651-255x170.jpg 255w\" sizes=\"auto, (max-width: 128px) 100vw, 128px\" \/><\/a>\n\t\t\t<\/dt><\/dl><dl class='gallery-item'>\n\t\t\t<dt class='gallery-icon landscape'>\n\t\t\t\t<a href='https:\/\/www3.unicentro.br\/irati\/2026\/04\/23\/aula-inaugural-em-prudentopolis-explora-horizontes-do-mercado-de-alta-performance\/dsc_2659-2\/'><img loading=\"lazy\" decoding=\"async\" width=\"128\" height=\"85\" src=\"https:\/\/www3.unicentro.br\/irati\/wp-content\/uploads\/sites\/89\/2026\/04\/DSC_2659.jpg\" class=\"attachment-thumbnail size-thumbnail\" alt=\"\" srcset=\"https:\/\/www3.unicentro.br\/irati\/wp-content\/uploads\/sites\/89\/2026\/04\/DSC_2659.jpg 1800w, https:\/\/www3.unicentro.br\/irati\/wp-content\/uploads\/sites\/89\/2026\/04\/DSC_2659-768x512.jpg 768w, https:\/\/www3.unicentro.br\/irati\/wp-content\/uploads\/sites\/89\/2026\/04\/DSC_2659-1536x1024.jpg 1536w, https:\/\/www3.unicentro.br\/irati\/wp-content\/uploads\/sites\/89\/2026\/04\/DSC_2659-400x267.jpg 400w, https:\/\/www3.unicentro.br\/irati\/wp-content\/uploads\/sites\/89\/2026\/04\/DSC_2659-800x533.jpg 800w, https:\/\/www3.unicentro.br\/irati\/wp-content\/uploads\/sites\/89\/2026\/04\/DSC_2659-1200x800.jpg 1200w, https:\/\/www3.unicentro.br\/irati\/wp-content\/uploads\/sites\/89\/2026\/04\/DSC_2659-255x170.jpg 255w\" sizes=\"auto, (max-width: 128px) 100vw, 128px\" \/><\/a>\n\t\t\t<\/dt><\/dl><dl class='gallery-item'>\n\t\t\t<dt class='gallery-icon landscape'>\n\t\t\t\t<a href='https:\/\/www3.unicentro.br\/irati\/2026\/04\/23\/aula-inaugural-em-prudentopolis-explora-horizontes-do-mercado-de-alta-performance\/dsc_2674\/'><img loading=\"lazy\" decoding=\"async\" width=\"128\" height=\"85\" src=\"https:\/\/www3.unicentro.br\/irati\/wp-content\/uploads\/sites\/89\/2026\/04\/DSC_2674.jpg\" class=\"attachment-thumbnail size-thumbnail\" alt=\"\" srcset=\"https:\/\/www3.unicentro.br\/irati\/wp-content\/uploads\/sites\/89\/2026\/04\/DSC_2674.jpg 1800w, https:\/\/www3.unicentro.br\/irati\/wp-content\/uploads\/sites\/89\/2026\/04\/DSC_2674-768x512.jpg 768w, https:\/\/www3.unicentro.br\/irati\/wp-content\/uploads\/sites\/89\/2026\/04\/DSC_2674-1536x1024.jpg 1536w, https:\/\/www3.unicentro.br\/irati\/wp-content\/uploads\/sites\/89\/2026\/04\/DSC_2674-400x267.jpg 400w, https:\/\/www3.unicentro.br\/irati\/wp-content\/uploads\/sites\/89\/2026\/04\/DSC_2674-800x533.jpg 800w, https:\/\/www3.unicentro.br\/irati\/wp-content\/uploads\/sites\/89\/2026\/04\/DSC_2674-1200x800.jpg 1200w, https:\/\/www3.unicentro.br\/irati\/wp-content\/uploads\/sites\/89\/2026\/04\/DSC_2674-255x170.jpg 255w\" sizes=\"auto, (max-width: 128px) 100vw, 128px\" \/><\/a>\n\t\t\t<\/dt><\/dl><br style=\"clear: both\" \/><dl class='gallery-item'>\n\t\t\t<dt class='gallery-icon landscape'>\n\t\t\t\t<a href='https:\/\/www3.unicentro.br\/irati\/2026\/04\/23\/aula-inaugural-em-prudentopolis-explora-horizontes-do-mercado-de-alta-performance\/dsc_2816\/'><img loading=\"lazy\" decoding=\"async\" width=\"128\" height=\"85\" src=\"https:\/\/www3.unicentro.br\/irati\/wp-content\/uploads\/sites\/89\/2026\/04\/DSC_2816.jpg\" class=\"attachment-thumbnail size-thumbnail\" alt=\"\" srcset=\"https:\/\/www3.unicentro.br\/irati\/wp-content\/uploads\/sites\/89\/2026\/04\/DSC_2816.jpg 1800w, https:\/\/www3.unicentro.br\/irati\/wp-content\/uploads\/sites\/89\/2026\/04\/DSC_2816-768x512.jpg 768w, https:\/\/www3.unicentro.br\/irati\/wp-content\/uploads\/sites\/89\/2026\/04\/DSC_2816-1536x1024.jpg 1536w, https:\/\/www3.unicentro.br\/irati\/wp-content\/uploads\/sites\/89\/2026\/04\/DSC_2816-400x267.jpg 400w, https:\/\/www3.unicentro.br\/irati\/wp-content\/uploads\/sites\/89\/2026\/04\/DSC_2816-800x533.jpg 800w, https:\/\/www3.unicentro.br\/irati\/wp-content\/uploads\/sites\/89\/2026\/04\/DSC_2816-1200x800.jpg 1200w, https:\/\/www3.unicentro.br\/irati\/wp-content\/uploads\/sites\/89\/2026\/04\/DSC_2816-255x170.jpg 255w\" sizes=\"auto, (max-width: 128px) 100vw, 128px\" \/><\/a>\n\t\t\t<\/dt><\/dl><dl class='gallery-item'>\n\t\t\t<dt class='gallery-icon landscape'>\n\t\t\t\t<a href='https:\/\/www3.unicentro.br\/irati\/2026\/04\/23\/aula-inaugural-em-prudentopolis-explora-horizontes-do-mercado-de-alta-performance\/dsc_2823\/'><img loading=\"lazy\" decoding=\"async\" width=\"128\" height=\"85\" src=\"https:\/\/www3.unicentro.br\/irati\/wp-content\/uploads\/sites\/89\/2026\/04\/DSC_2823.jpg\" class=\"attachment-thumbnail size-thumbnail\" alt=\"\" srcset=\"https:\/\/www3.unicentro.br\/irati\/wp-content\/uploads\/sites\/89\/2026\/04\/DSC_2823.jpg 1800w, https:\/\/www3.unicentro.br\/irati\/wp-content\/uploads\/sites\/89\/2026\/04\/DSC_2823-768x512.jpg 768w, https:\/\/www3.unicentro.br\/irati\/wp-content\/uploads\/sites\/89\/2026\/04\/DSC_2823-1536x1024.jpg 1536w, https:\/\/www3.unicentro.br\/irati\/wp-content\/uploads\/sites\/89\/2026\/04\/DSC_2823-400x267.jpg 400w, https:\/\/www3.unicentro.br\/irati\/wp-content\/uploads\/sites\/89\/2026\/04\/DSC_2823-800x533.jpg 800w, https:\/\/www3.unicentro.br\/irati\/wp-content\/uploads\/sites\/89\/2026\/04\/DSC_2823-1200x800.jpg 1200w, https:\/\/www3.unicentro.br\/irati\/wp-content\/uploads\/sites\/89\/2026\/04\/DSC_2823-255x170.jpg 255w\" sizes=\"auto, (max-width: 128px) 100vw, 128px\" \/><\/a>\n\t\t\t<\/dt><\/dl><dl class='gallery-item'>\n\t\t\t<dt class='gallery-icon landscape'>\n\t\t\t\t<a href='https:\/\/www3.unicentro.br\/irati\/2026\/04\/23\/aula-inaugural-em-prudentopolis-explora-horizontes-do-mercado-de-alta-performance\/dsc_2872-2\/'><img loading=\"lazy\" decoding=\"async\" width=\"128\" height=\"85\" src=\"https:\/\/www3.unicentro.br\/irati\/wp-content\/uploads\/sites\/89\/2026\/04\/DSC_2872.jpg\" class=\"attachment-thumbnail size-thumbnail\" alt=\"\" srcset=\"https:\/\/www3.unicentro.br\/irati\/wp-content\/uploads\/sites\/89\/2026\/04\/DSC_2872.jpg 1800w, https:\/\/www3.unicentro.br\/irati\/wp-content\/uploads\/sites\/89\/2026\/04\/DSC_2872-768x512.jpg 768w, https:\/\/www3.unicentro.br\/irati\/wp-content\/uploads\/sites\/89\/2026\/04\/DSC_2872-1536x1024.jpg 1536w, https:\/\/www3.unicentro.br\/irati\/wp-content\/uploads\/sites\/89\/2026\/04\/DSC_2872-400x267.jpg 400w, https:\/\/www3.unicentro.br\/irati\/wp-content\/uploads\/sites\/89\/2026\/04\/DSC_2872-800x533.jpg 800w, https:\/\/www3.unicentro.br\/irati\/wp-content\/uploads\/sites\/89\/2026\/04\/DSC_2872-1200x800.jpg 1200w, https:\/\/www3.unicentro.br\/irati\/wp-content\/uploads\/sites\/89\/2026\/04\/DSC_2872-255x170.jpg 255w\" sizes=\"auto, (max-width: 128px) 100vw, 128px\" \/><\/a>\n\t\t\t<\/dt><\/dl><dl class='gallery-item'>\n\t\t\t<dt class='gallery-icon landscape'>\n\t\t\t\t<a href='https:\/\/www3.unicentro.br\/irati\/2026\/04\/23\/aula-inaugural-em-prudentopolis-explora-horizontes-do-mercado-de-alta-performance\/dsc_2630\/'><img loading=\"lazy\" decoding=\"async\" width=\"128\" height=\"85\" src=\"https:\/\/www3.unicentro.br\/irati\/wp-content\/uploads\/sites\/89\/2026\/04\/DSC_2630.jpg\" class=\"attachment-thumbnail size-thumbnail\" alt=\"\" srcset=\"https:\/\/www3.unicentro.br\/irati\/wp-content\/uploads\/sites\/89\/2026\/04\/DSC_2630.jpg 1800w, https:\/\/www3.unicentro.br\/irati\/wp-content\/uploads\/sites\/89\/2026\/04\/DSC_2630-768x512.jpg 768w, https:\/\/www3.unicentro.br\/irati\/wp-content\/uploads\/sites\/89\/2026\/04\/DSC_2630-1536x1024.jpg 1536w, https:\/\/www3.unicentro.br\/irati\/wp-content\/uploads\/sites\/89\/2026\/04\/DSC_2630-400x267.jpg 400w, https:\/\/www3.unicentro.br\/irati\/wp-content\/uploads\/sites\/89\/2026\/04\/DSC_2630-800x533.jpg 800w, https:\/\/www3.unicentro.br\/irati\/wp-content\/uploads\/sites\/89\/2026\/04\/DSC_2630-1200x800.jpg 1200w, https:\/\/www3.unicentro.br\/irati\/wp-content\/uploads\/sites\/89\/2026\/04\/DSC_2630-255x170.jpg 255w\" sizes=\"auto, (max-width: 128px) 100vw, 128px\" \/><\/a>\n\t\t\t<\/dt><\/dl><br style=\"clear: both\" \/>\n\t\t<\/div>\n\n<p style=\"text-align: justify\"><a href=\"http:\/\/unicentro.br\/fotos\"><span style=\"color: #808000\"><strong>As fotos do evento est\u00e3o dispon\u00edveis no Banco de Imagens da Unicentro<\/strong><\/span><\/a><\/p>\n<p style=\"text-align: justify\"><span style=\"font-size: 8pt\"><em><span style=\"font-weight: 400\">Por Wyllian Correa<\/span><\/em><\/span><\/p>\n<hr \/>\n<p style=\"text-align: justify\"><span style=\"color: #808000\"><strong>Voc\u00ea j\u00e1 conhece o canal de transmiss\u00e3o da Unicentro no WhatsApp?<\/strong><\/span><\/p>\n<p style=\"text-align: justify\">L\u00e1, voc\u00ea encontra not\u00edcias fresquinhas e em primeira m\u00e3o, al\u00e9m de comunicados oficiais, eventos, conquistas da galera e muito mais!\u00a0<span style=\"color: #808000\"><strong><a style=\"color: #808000\" href=\"https:\/\/whatsapp.com\/channel\/0029VaBQlmUEVccJs6JPNB0N\">Clique aqui<\/a><\/strong><\/span>\u00a0para participar e fique por dentro de tudo o que \u00e9 destaque na nossa universidade.<span style=\"font-weight: 400\">\u00a0<\/span><\/p>\n","protected":false},"excerpt":{"rendered":"<p>Evento integrou acad\u00eamicos e professores dos cursos de Administra\u00e7\u00e3o e Ci\u00eancias Cont\u00e1beis do c\u00e2mpus avan\u00e7ado da Unicentro.<\/p>\n","protected":false},"author":578,"featured_media":1448,"comment_status":"open","ping_status":"open","sticky":false,"template":"","format":"standard","meta":{"_exactmetrics_skip_tracking":false,"_exactmetrics_sitenote_active":false,"_exactmetrics_sitenote_note":"","_exactmetrics_sitenote_category":0,"fifu_image_url":"https:\/\/www3.unicentro.br\/noticias\/wp-content\/uploads\/sites\/3\/2026\/04\/DSC_2797.jpg","fifu_image_alt":"","footnotes":"","_links_to":"","_links_to_target":""},"categories":[2],"tags":[],"class_list":["post-11808","post","type-post","status-publish","format-standard","has-post-thumbnail","hentry","category-noticias"],"_links":{"self":[{"href":"https:\/\/www3.unicentro.br\/irati\/wp-json\/wp\/v2\/posts\/11808","targetHints":{"allow":["GET"]}}],"collection":[{"href":"https:\/\/www3.unicentro.br\/irati\/wp-json\/wp\/v2\/posts"}],"about":[{"href":"https:\/\/www3.unicentro.br\/irati\/wp-json\/wp\/v2\/types\/post"}],"author":[{"embeddable":true,"href":"https:\/\/www3.unicentro.br\/irati\/wp-json\/wp\/v2\/users\/578"}],"replies":[{"embeddable":true,"href":"https:\/\/www3.unicentro.br\/irati\/wp-json\/wp\/v2\/comments?post=11808"}],"version-history":[{"count":3,"href":"https:\/\/www3.unicentro.br\/irati\/wp-json\/wp\/v2\/posts\/11808\/revisions"}],"predecessor-version":[{"id":11835,"href":"https:\/\/www3.unicentro.br\/irati\/wp-json\/wp\/v2\/posts\/11808\/revisions\/11835"}],"wp:featuredmedia":[{"embeddable":true,"href":"https:\/\/www3.unicentro.br\/irati\/wp-json\/"}],"wp:attachment":[{"href":"https:\/\/www3.unicentro.br\/irati\/wp-json\/wp\/v2\/media?parent=11808"}],"wp:term":[{"taxonomy":"category","embeddable":true,"href":"https:\/\/www3.unicentro.br\/irati\/wp-json\/wp\/v2\/categories?post=11808"},{"taxonomy":"post_tag","embeddable":true,"href":"https:\/\/www3.unicentro.br\/irati\/wp-json\/wp\/v2\/tags?post=11808"}],"curies":[{"name":"wp","href":"https:\/\/api.w.org\/{rel}","templated":true}]}}