{"id":10914,"date":"2025-11-13T23:48:44","date_gmt":"2025-11-14T02:48:44","guid":{"rendered":"https:\/\/www3.unicentro.br\/irati\/2025\/11\/13\/campus-de-irati-celebra-a-musica-com-6a-edicao-do-festival-canta-ai\/"},"modified":"2025-11-14T10:26:01","modified_gmt":"2025-11-14T13:26:01","slug":"campus-de-irati-celebra-a-musica-com-6a-edicao-do-festival-canta-ai","status":"publish","type":"post","link":"https:\/\/www3.unicentro.br\/irati\/2025\/11\/13\/campus-de-irati-celebra-a-musica-com-6a-edicao-do-festival-canta-ai\/","title":{"rendered":"C\u00e2mpus de Irati celebra a m\u00fasica com 6\u00aa edi\u00e7\u00e3o do Festival Canta A\u00ed"},"content":{"rendered":"<p style=\"text-align: justify\"><span style=\"font-weight: 400\">A emo\u00e7\u00e3o tomou conta do Audit\u00f3rio Denise Stoklos nesta noite (13), durante as apresenta\u00e7\u00f5es musicais do <\/span><i><span style=\"font-weight: 400\">Festival Canta A\u00ed<\/span><\/i><span style=\"font-weight: 400\">. O evento do C\u00e2mpus de Irati da Universidade Estadual do Centro-Oeste (Unicentro) consagrou, em especial, a cantora Cristina Longo, a banda Dnocks e o cantor Kau\u00ea Bueno, vencedores em \u201cComposi\u00e7\u00e3o\u201d, \u201cInterpreta\u00e7\u00e3o\u201d e \u201cJovens Talentos\u201d, respectivamente.<\/span><\/p>\n<p style=\"text-align: justify\"><span style=\"font-weight: 400\">Mesmo com uma carreira extensa na m\u00fasica, o <\/span><i><span style=\"font-weight: 400\">Canta A\u00ed <\/span><\/i><span style=\"font-weight: 400\">foi apenas o segundo festival em que a paulista Cristina Longo participou, sendo o primeiro ainda na d\u00e9cada de 90, em Ara\u00e7oiaba da Serra-SP. Assistente da dramaturga Denise Stoklos, foi no audit\u00f3rio que leva o nome da amiga que ela conquistou o primeiro lugar com \u201cRio de Moinhos\u201d, composi\u00e7\u00e3o de F\u00e1tima Fonseca e David Pasqua.\u00a0<\/span><\/p>\n<div class=\"wp-block-image\">\n<div id=\"attachment_47400\" style=\"width: 410px\" class=\"wp-caption alignleft\"><img loading=\"lazy\" decoding=\"async\" aria-describedby=\"caption-attachment-47400\" class=\"wpa-warning wpa-image-missing-alt wp-image-47400\" src=\"https:\/\/www3.unicentro.br\/noticias\/wp-content\/uploads\/sites\/3\/2025\/11\/DSC_2671.jpg\" alt=\"\" width=\"400\" height=\"267\" data-warning=\"Texto alternativo ausente\" \/><p id=\"caption-attachment-47400\" class=\"wp-caption-text\"><em>Cristina Longo ficou com o primeiro lugar em Composi\u00e7\u00e3o (Foto: Coorc)<\/em><\/p><\/div>\n<\/div>\n<p style=\"text-align: justify\"><span style=\"font-weight: 400\">\u201c\u00c9 uma m\u00fasica que fala da saudade das terras vividas, da inf\u00e2ncia, da adolesc\u00eancia. Em um mundo que est\u00e1 mudando cada vez mais r\u00e1pido, o que fica realmente s\u00e3o as boas lembran\u00e7as dos bons momentos na vida, do campo, do verde, da fam\u00edlia\u201d, comenta Cristina.<\/span><\/p>\n<p style=\"text-align: justify\"><span style=\"font-weight: 400\">J\u00e1 o primeiro lugar na categoria \u201cInterpreta\u00e7\u00e3o\u201d ficou com a banda Dnocks. O grupo da regi\u00e3o de Irati &#8211; cuja primeira forma\u00e7\u00e3o, nas palavras da vocalista Amanda Jones, remonta a \u201c1900 e bolinha\u201d &#8211; decidiu valorizar o rock nacional e trazer para o palco da Unicentro \u201cAndo meio desligado\u201d, dos Mutantes. \u201cEsse festival d\u00e1 oportunidade pro pessoal que \u00e9 mais amador, que est\u00e1 tocando em casa, que tem uma letra l\u00e1 na gaveta, puxar isso pra c\u00e1, mostrar pro p\u00fablico e tocar as pessoas com a cultura, com a m\u00fasica, que \u00e9 a nossa paix\u00e3o\u201d, ressalta Amanda.<\/span><\/p>\n<div class=\"wp-block-image\">\n<div id=\"attachment_47405\" style=\"width: 410px\" class=\"wp-caption alignright\"><img loading=\"lazy\" decoding=\"async\" aria-describedby=\"caption-attachment-47405\" class=\"wpa-warning wpa-image-missing-alt wp-image-47405\" src=\"https:\/\/www3.unicentro.br\/noticias\/wp-content\/uploads\/sites\/3\/2025\/11\/DSC_2657-1.jpg\" alt=\"\" width=\"400\" height=\"267\" data-warning=\"Texto alternativo ausente\" \/><p id=\"caption-attachment-47405\" class=\"wp-caption-text\"><em>A banda Dnocks venceu na categoria Interpreta\u00e7\u00e3o (Foto: Coorc)<\/em><\/p><\/div>\n<\/div>\n<p style=\"text-align: justify\"><span style=\"font-weight: 400\">Novidade desta edi\u00e7\u00e3o, a modalidade \u201cJovens Talentos\u201d premiou estudantes do ensino fundamental e m\u00e9dio. O vencedor da noite tem apenas 15 anos, mas um curr\u00edculo digno de veterano. H\u00e1 mais de uma d\u00e9cada cantando, Kau\u00ea Bueno coleciona trof\u00e9us e participou inclusive do programa Raul Gil, no SBT, em 2022. Desta vez, ele ficou em 1\u00ba lugar com a m\u00fasica \u201cPor um gole a mais\u201d, da dupla Bruno &amp; Marrone. \u201c\u00c9 muito gratificante pra mim, porque desde crian\u00e7a eu j\u00e1 gosto de m\u00fasica, sou apaixonado por m\u00fasica sertaneja, e Bruno &amp; Marrone \u00e9 bom demais\u201d, comenta o aluno do Col\u00e9gio Estadual Dr Chafic Cury, de Rio Azul.<\/span><\/p>\n<p style=\"text-align: justify\"><span style=\"font-weight: 400\">Ao todo, foram 16 apresenta\u00e7\u00f5es entre todas as categorias. A plateia, empolgada, bateu palmas, torceu e cantou junto. Teve at\u00e9 quem se inspirou a participar de uma pr\u00f3xima edi\u00e7\u00e3o da competi\u00e7\u00e3o musical. \u201cEu sempre estou presente, nas feiras, nos festivais, em tudo que envolve arte. E da pr\u00f3xima vez, eu quero estar l\u00e1 no palco\u201d, projeta a body piercer Elen Scharlau.<\/span><\/p>\n<div class=\"wp-block-image\">\n<div id=\"attachment_47402\" style=\"width: 410px\" class=\"wp-caption alignleft\"><img loading=\"lazy\" decoding=\"async\" aria-describedby=\"caption-attachment-47402\" class=\"wpa-warning wpa-image-missing-alt wp-image-47402\" src=\"https:\/\/www3.unicentro.br\/noticias\/wp-content\/uploads\/sites\/3\/2025\/11\/DSC_2633.jpg\" alt=\"\" width=\"400\" height=\"267\" data-warning=\"Texto alternativo ausente\" \/><p id=\"caption-attachment-47402\" class=\"wp-caption-text\"><em>Novidade em 2025, a modalidade Jovens Talentos ficou com Kau\u00ea Bueno (Foto: Coorc)<\/em><\/p><\/div>\n<\/div>\n<p style=\"text-align: justify\"><span style=\"font-weight: 400\">Formada em Canto pelo Conservat\u00f3rio Bellas Artes de Joinville, Nayara de Ara\u00fajo integrou o time de jurados do evento e ficou impressionada com o n\u00edvel dos participantes. \u201cA postura deles, a interpreta\u00e7\u00e3o, a qualidade vocal, a poesia que eles trouxeram. Foi muito legal assistir artistas bem jovens com uma qualidade impressionante, assim como os mais velhos, trazendo essa viv\u00eancia\u201d, avalia Nayara.<\/span><\/p>\n<p style=\"text-align: justify\"><span style=\"font-weight: 400\">Um dos organizadores do festival, o chefe da Divis\u00e3o de Multimeios do C\u00e2mpus de Irati (Dimul\/I), Nelson Lu\u00eds Cordeiro, destacou a import\u00e2ncia do Canta A\u00ed enquanto espa\u00e7o de integra\u00e7\u00e3o cultural. \u201cO objetivo \u00e9 promover a integra\u00e7\u00e3o da universidade e da comunidade por meio da m\u00fasica. E neste ano, n\u00f3s tivemos um crescimento grande da participa\u00e7\u00e3o de outras cidades. <\/span><span style=\"font-weight: 400\">Tivemos inscritos de S\u00e3o Paulo, Guarapuava, Pira\u00ed do Sul, Mallet, Rio Azul, Prudent\u00f3polis e Imbituva, o que demonstra a import\u00e2ncia de festivais como esse\u201d, exalta Nelson.<\/span><\/p>\n<p style=\"text-align: justify\"><span style=\"font-weight: 400\">\u201cA m\u00fasica \u00e9 uma das artes que une pessoas, e ela tem a particularidade de ser universal. Mesmo quando voc\u00ea escuta uma m\u00fasica em outra l\u00edngua, mesmo quando voc\u00ea est\u00e1 diante de uma \u00f3pera, de uma m\u00fasica cl\u00e1ssica, mesmo que voc\u00ea n\u00e3o domine os instrumentos e as t\u00e9cnicas, voc\u00ea se sensibiliza porque a m\u00fasica toca. E hoje a gente sentiu isso aqui\u201d, salienta o coordenador de Cultura do C\u00e2mpus de Irati, professor Edson Santos Silva.<\/span><\/p>\n<div class=\"wp-block-image\">\n<div id=\"attachment_47403\" style=\"width: 410px\" class=\"wp-caption alignright\"><img loading=\"lazy\" decoding=\"async\" aria-describedby=\"caption-attachment-47403\" class=\"wpa-warning wpa-image-missing-alt wp-image-47403\" src=\"https:\/\/www3.unicentro.br\/noticias\/wp-content\/uploads\/sites\/3\/2025\/11\/DSC_2367.jpg\" alt=\"\" width=\"400\" height=\"267\" data-warning=\"Texto alternativo ausente\" \/><p id=\"caption-attachment-47403\" class=\"wp-caption-text\"><em>Entre as trocas de banda, o cantor iratiense Gilson Rocha animou a plateia (Foto: Coorc)<\/em><\/p><\/div>\n<\/div>\n<p style=\"text-align: justify\"><span style=\"font-weight: 400\">Organizado pela Divis\u00e3o de Multimeios (Dimul\/I) e pela Coordena\u00e7\u00e3o de Cultura (Cocult\/I) do C\u00e2mpus de Irati, o evento busca incentivar novos talentos e promover a cultura da regi\u00e3o. O Canta A\u00ed conta ainda com o apoio da Divis\u00e3o de Extens\u00e3o (Diex\/I), da Pr\u00f3-Reitoria de Extens\u00e3o e Cultura da Unicentro (Proec) e da Prefeitura Municipal de Irati.<\/span><\/p>\n<p>&nbsp;<\/p>\n<p style=\"text-align: justify\"><b>Confira a classifica\u00e7\u00e3o completa do 6\u00ba Festival Musical Canta A\u00ed<\/b><\/p>\n<p style=\"text-align: justify\"><b>Composi\u00e7\u00e3o<\/b><\/p>\n<p style=\"text-align: justify\"><span style=\"font-weight: 400\">1\u00ba lugar: <\/span><i><span style=\"font-weight: 400\">Cristina Longo &#8211; \u201cRio de Moinhos\u201d (F\u00e1tima Fonseca e David Pasqua)<\/span><\/i><\/p>\n<p style=\"text-align: justify\"><span style=\"font-weight: 400\">2\u00ba lugar: <\/span><i><span style=\"font-weight: 400\">The Mazur\u2019s &#8211; \u201cAltera\u00e7\u00e3o\u201d<\/span><\/i><\/p>\n<p style=\"text-align: justify\"><span style=\"font-weight: 400\">3\u00ba lugar: <\/span><i><span style=\"font-weight: 400\">Naju &#8211; \u201cV\u00ea se n\u00e3o me liga\u201d<\/span><\/i><\/p>\n<p style=\"text-align: justify\"><span style=\"font-weight: 400\">4\u00ba lugar: <\/span><i><span style=\"font-weight: 400\">Delcio Mores &#8211; \u201cTerra Santa\u201d<\/span><\/i><\/p>\n<p style=\"text-align: justify\"><span style=\"font-weight: 400\">5\u00ba lugar: <\/span><i><span style=\"font-weight: 400\">Paulo Miskalo &#8211; \u201cO sol\u201d<\/span><\/i><\/p>\n<p style=\"text-align: justify\"><b>Interpreta\u00e7\u00e3o<\/b><\/p>\n<p style=\"text-align: justify\"><span style=\"font-weight: 400\">1\u00ba lugar: <\/span><i><span style=\"font-weight: 400\">Banda Dnocks &#8211; \u201cAndo meio desligado\u201d (Os Mutantes)<\/span><\/i><\/p>\n<p style=\"text-align: justify\"><span style=\"font-weight: 400\">2\u00ba lugar: <\/span><i><span style=\"font-weight: 400\">Jo\u00e3o Maria &amp; Darlan Diego &#8211; \u201cA sereia e o Nego D\u2019\u00c1gua\u201d (Goiano &amp; Paranaense)<\/span><\/i><\/p>\n<p style=\"text-align: justify\"><span style=\"font-weight: 400\">3\u00ba lugar: <\/span><i><span style=\"font-weight: 400\">Banda Ess\u00eancia &#8211; \u201cSapato Velho\u201d (Roupa Nova)<\/span><\/i><\/p>\n<p style=\"text-align: justify\"><span style=\"font-weight: 400\">4\u00ba lugar: <\/span><i><span style=\"font-weight: 400\">Magnum Douglas Ribeiro &#8211; \u201cFilosofia\u201d (Noel Rosa)<\/span><\/i><\/p>\n<p style=\"text-align: justify\"><span style=\"font-weight: 400\">5\u00ba lugar: <\/span><i><span style=\"font-weight: 400\">Devotos da Nh\u00e1 Gica &#8211; \u201cSogno otro mundo\u201d (Manu Chao)<\/span><\/i><\/p>\n<p style=\"text-align: justify\"><b>Jovens Talentos<\/b><\/p>\n<p style=\"text-align: justify\"><span style=\"font-weight: 400\">1\u00ba lugar: <\/span><i><span style=\"font-weight: 400\">Kau\u00ea Bueno &#8211; \u201cPor um gole a mais\u201d (Bruno &amp; Marrone)<\/span><\/i><\/p>\n<p style=\"text-align: justify\"><span style=\"font-weight: 400\">2\u00ba lugar: <\/span><i><span style=\"font-weight: 400\">Projeto Saraula &#8211; \u201cVou deixar\u201d (Skank)<\/span><\/i><\/p>\n<p>&nbsp;<\/p>\n<p><a href=\"https:\/\/www.youtube.com\/watch?v=ciPyEuLgr28\"><span style=\"color: #808000\"><b>Assista \u00e0 \u00edntegra do 6\u00ba Festival Musical Canta A\u00ed no canal do YouTube da Unicentro<\/b><\/span><\/a><\/p>\n<p style=\"text-align: justify\"><a href=\"http:\/\/unicentro.br\/fotos\"><span style=\"color: #808000\"><strong>Todas as fotos do evento est\u00e3o dispon\u00edveis no Banco de Imagens da Unicentro<\/strong><\/span><\/a><\/p>\n<p>&nbsp;<\/p>\n<p style=\"text-align: justify\"><span style=\"font-size: 8pt\"><i><span style=\"font-weight: 400\">Por Wyllian Correa<\/span><\/i><\/span><\/p>\n<hr \/>\n<p style=\"text-align: justify\"><span style=\"color: #808000\"><strong>Voc\u00ea j\u00e1 conhece o canal de transmiss\u00e3o da Unicentro no WhatsApp?<\/strong><\/span><\/p>\n<p style=\"text-align: justify\">L\u00e1, voc\u00ea encontra not\u00edcias fresquinhas e em primeira m\u00e3o, al\u00e9m de comunicados oficiais, eventos, conquistas da galera e muito mais!\u00a0<span style=\"color: #808000\"><strong><a style=\"color: #808000\" href=\"https:\/\/whatsapp.com\/channel\/0029VaBQlmUEVccJs6JPNB0N\">Clique aqui<\/a><\/strong><\/span>\u00a0para participar e fique por dentro de tudo o que \u00e9 destaque na nossa universidade.<\/p>\n<p style=\"text-align: justify\">\n","protected":false},"excerpt":{"rendered":"<p>Evento premiou composi\u00e7\u00f5es, interpreta\u00e7\u00f5es e jovens talentos.<\/p>\n","protected":false},"author":578,"featured_media":0,"comment_status":"open","ping_status":"open","sticky":false,"template":"","format":"standard","meta":{"_exactmetrics_skip_tracking":false,"_exactmetrics_sitenote_active":false,"_exactmetrics_sitenote_note":"","_exactmetrics_sitenote_category":0,"fifu_image_url":"","fifu_image_alt":"","footnotes":"","_links_to":"","_links_to_target":""},"categories":[1],"tags":[],"class_list":["post-10914","post","type-post","status-publish","format-standard","hentry","category-sem-categoria"],"_links":{"self":[{"href":"https:\/\/www3.unicentro.br\/irati\/wp-json\/wp\/v2\/posts\/10914","targetHints":{"allow":["GET"]}}],"collection":[{"href":"https:\/\/www3.unicentro.br\/irati\/wp-json\/wp\/v2\/posts"}],"about":[{"href":"https:\/\/www3.unicentro.br\/irati\/wp-json\/wp\/v2\/types\/post"}],"author":[{"embeddable":true,"href":"https:\/\/www3.unicentro.br\/irati\/wp-json\/wp\/v2\/users\/578"}],"replies":[{"embeddable":true,"href":"https:\/\/www3.unicentro.br\/irati\/wp-json\/wp\/v2\/comments?post=10914"}],"version-history":[{"count":1,"href":"https:\/\/www3.unicentro.br\/irati\/wp-json\/wp\/v2\/posts\/10914\/revisions"}],"predecessor-version":[{"id":10938,"href":"https:\/\/www3.unicentro.br\/irati\/wp-json\/wp\/v2\/posts\/10914\/revisions\/10938"}],"wp:attachment":[{"href":"https:\/\/www3.unicentro.br\/irati\/wp-json\/wp\/v2\/media?parent=10914"}],"wp:term":[{"taxonomy":"category","embeddable":true,"href":"https:\/\/www3.unicentro.br\/irati\/wp-json\/wp\/v2\/categories?post=10914"},{"taxonomy":"post_tag","embeddable":true,"href":"https:\/\/www3.unicentro.br\/irati\/wp-json\/wp\/v2\/tags?post=10914"}],"curies":[{"name":"wp","href":"https:\/\/api.w.org\/{rel}","templated":true}]}}