{"id":10100,"date":"2025-06-23T08:38:08","date_gmt":"2025-06-23T11:38:08","guid":{"rendered":"https:\/\/www3.unicentro.br\/irati\/2025\/06\/23\/centro-de-linguas-da-unicentro-esta-com-matriculas-abertas-4\/"},"modified":"2025-06-23T08:38:08","modified_gmt":"2025-06-23T11:38:08","slug":"centro-de-linguas-da-unicentro-esta-com-matriculas-abertas-4","status":"publish","type":"post","link":"https:\/\/www3.unicentro.br\/irati\/2025\/06\/23\/centro-de-linguas-da-unicentro-esta-com-matriculas-abertas-4\/","title":{"rendered":"Centro de L\u00ednguas da Unicentro est\u00e1 com matr\u00edculas abertas"},"content":{"rendered":"<p style=\"text-align: justify\"><span style=\"font-weight: 400\">O Centro de L\u00ednguas (CEL) da Universidade Estadual do Centro-Oeste (Unicentro) est\u00e1 com inscri\u00e7\u00f5es abertas at\u00e9 o dia 18 de julho. Neste semestre, as op\u00e7\u00f5es de idioma s\u00e3o alem\u00e3o, espanhol, franc\u00eas, ingl\u00eas, italiano, Libras e polon\u00eas, com turmas em diferentes n\u00edveis.\u00a0<\/span><\/p>\n<p style=\"text-align: justify\"><span style=\"font-weight: 400\">Com exce\u00e7\u00e3o de Libras, ofertada presencialmente no C\u00e2mpus de Irati, todas as aulas ser\u00e3o remotas. Os interessados podem se inscrever pelo <\/span><a href=\"https:\/\/evento.unicentro.br\/site\/cel2025.02\/2025\/1\"><b>Sistema de Gest\u00e3o de Eventos da Unicentro<\/b><\/a><span style=\"font-weight: 400\">.\u00a0<\/span><\/p>\n<p style=\"text-align: justify\"><span style=\"font-weight: 400\">N\u00e3o h\u00e1 pagamento de mensalidades, sendo cobrada apenas uma taxa de R$ 60 para a comunidade interna da universidade (alunos, funcion\u00e1rios e professores), enquanto o p\u00fablico geral paga R$ 120 no ato da matr\u00edcula. Inscritos no Cadastro \u00danico para Programas Sociais do Governo Federal (Cad\u00danico) n\u00e3o pagam nada.\u00a0<\/span><\/p>\n<p style=\"text-align: justify\"><span style=\"font-weight: 400\">Se voc\u00ea tem um conhecimento pr\u00e9vio do idioma escolhido, \u00e9 poss\u00edvel solicitar, gratuitamente, o <\/span><a href=\"https:\/\/www2.unicentro.br\/cel\/teste-de-nivelamento\/\"><b>teste de nivelamento<\/b><\/a><span style=\"font-weight: 400\"> na pr\u00f3pria p\u00e1gina do CEL. A coordena\u00e7\u00e3o do Centro de L\u00ednguas recomenda que o aluno s\u00f3 fa\u00e7a a matr\u00edcula depois do resultado do exame, j\u00e1 que n\u00e3o \u00e9 poss\u00edvel mudar de turma ap\u00f3s o pagamento da taxa.<\/span><\/p>\n<p style=\"text-align: justify\"><span style=\"font-weight: 400\">A previs\u00e3o \u00e9 que as aulas comecem na semana de 4 de agosto. Voc\u00ea encontra os hor\u00e1rios e outras informa\u00e7\u00f5es no site <\/span><a href=\"http:\/\/unicentro.br\/cel\"><b>unicentro.br\/cel<\/b><\/a><span style=\"font-weight: 400\">. Em caso de d\u00favidas, basta entrar em contato pelo e-mail cel.unicentro@gmail.com ou pelo telefone (42) 3421-3160, que tamb\u00e9m \u00e9 WhatsApp.<\/span><\/p>\n<p>&nbsp;<\/p>\n<p>&nbsp;<\/p>\n<p style=\"text-align: justify\"><span style=\"font-size: 8pt\"><i><span style=\"font-weight: 400\">Por Wyllian Correa<\/span><\/i><\/span><\/p>\n<div>\n<hr \/>\n<p style=\"text-align: justify\"><span style=\"color: #808000\"><strong>Voc\u00ea j\u00e1 conhece o canal de transmiss\u00e3o da Unicentro no WhatsApp?<\/strong><\/span><\/p>\n<p style=\"text-align: justify\">L\u00e1, voc\u00ea encontra not\u00edcias fresquinhas e em primeira m\u00e3o, al\u00e9m de comunicados oficiais, eventos, conquistas da galera e muito mais!\u00a0<span style=\"color: #808000\"><strong><a style=\"color: #808000\" href=\"https:\/\/whatsapp.com\/channel\/0029VaBQlmUEVccJs6JPNB0N\">Clique aqui<\/a><\/strong>\u00a0<\/span>para participar e fique por dentro de tudo o que \u00e9 destaque na nossa universidade.<\/p>\n<\/div>\n","protected":false},"excerpt":{"rendered":"<p>S\u00e3o ofertadas turmas de alem\u00e3o, espanhol, franc\u00eas, ingl\u00eas, italiano, Libras e polon\u00eas.<\/p>\n","protected":false},"author":578,"featured_media":0,"comment_status":"open","ping_status":"open","sticky":false,"template":"","format":"standard","meta":{"_exactmetrics_skip_tracking":false,"_exactmetrics_sitenote_active":false,"_exactmetrics_sitenote_note":"","_exactmetrics_sitenote_category":0,"fifu_image_url":"https:\/\/www3.unicentro.br\/noticias\/wp-content\/uploads\/sites\/3\/2024\/03\/fachada_cel.jpg","fifu_image_alt":"","footnotes":"","_links_to":"","_links_to_target":""},"categories":[2],"tags":[],"class_list":["post-10100","post","type-post","status-publish","format-standard","hentry","category-noticias"],"_links":{"self":[{"href":"https:\/\/www3.unicentro.br\/irati\/wp-json\/wp\/v2\/posts\/10100","targetHints":{"allow":["GET"]}}],"collection":[{"href":"https:\/\/www3.unicentro.br\/irati\/wp-json\/wp\/v2\/posts"}],"about":[{"href":"https:\/\/www3.unicentro.br\/irati\/wp-json\/wp\/v2\/types\/post"}],"author":[{"embeddable":true,"href":"https:\/\/www3.unicentro.br\/irati\/wp-json\/wp\/v2\/users\/578"}],"replies":[{"embeddable":true,"href":"https:\/\/www3.unicentro.br\/irati\/wp-json\/wp\/v2\/comments?post=10100"}],"version-history":[{"count":0,"href":"https:\/\/www3.unicentro.br\/irati\/wp-json\/wp\/v2\/posts\/10100\/revisions"}],"wp:attachment":[{"href":"https:\/\/www3.unicentro.br\/irati\/wp-json\/wp\/v2\/media?parent=10100"}],"wp:term":[{"taxonomy":"category","embeddable":true,"href":"https:\/\/www3.unicentro.br\/irati\/wp-json\/wp\/v2\/categories?post=10100"},{"taxonomy":"post_tag","embeddable":true,"href":"https:\/\/www3.unicentro.br\/irati\/wp-json\/wp\/v2\/tags?post=10100"}],"curies":[{"name":"wp","href":"https:\/\/api.w.org\/{rel}","templated":true}]}}