{"id":10048,"date":"2025-06-16T15:37:19","date_gmt":"2025-06-16T18:37:19","guid":{"rendered":"https:\/\/www3.unicentro.br\/irati\/2025\/06\/16\/14a-edicao-do-bloomsday-destaca-a-morte-em-celebracao-da-vida-e-da-arte\/"},"modified":"2025-06-16T16:10:00","modified_gmt":"2025-06-16T19:10:00","slug":"14a-edicao-do-bloomsday-destaca-a-morte-em-celebracao-da-vida-e-da-arte","status":"publish","type":"post","link":"https:\/\/www3.unicentro.br\/irati\/2025\/06\/16\/14a-edicao-do-bloomsday-destaca-a-morte-em-celebracao-da-vida-e-da-arte\/","title":{"rendered":"14\u00aa edi\u00e7\u00e3o do Bloomsday destaca a morte em celebra\u00e7\u00e3o da vida e da arte"},"content":{"rendered":"<p style=\"text-align: justify\"><span style=\"font-weight: 400\">Em plena sexta-feira 13, o <\/span><i><span style=\"font-weight: 400\">Bloomsday<\/span><\/i><span style=\"font-weight: 400\"> deste ano vestiu vermelho e trouxe Hades &#8211; deus grego do submundo dos mortos &#8211; como tema da sua 14\u00aa edi\u00e7\u00e3o em Irati. Evento liter\u00e1rio mais tradicional da regi\u00e3o, a noite cultural lotou o Emp\u00f3rio S\u00e3o Lu\u00eds para celebrar o legado de <\/span><i><span style=\"font-weight: 400\">Ulisses<\/span><\/i><span style=\"font-weight: 400\">, romance do irland\u00eas James Joyce, que serve como pretexto para festejar a arte e a vida como um todo.<\/span><\/p>\n<p style=\"text-align: justify\"><span style=\"font-weight: 400\">\u201cTem um epis\u00f3dio muito interessante no <\/span><i><span style=\"font-weight: 400\">Ulisses<\/span><\/i><span style=\"font-weight: 400\"> que se chama \u2018Hades\u2019, em que o James Joyce fala da morte de uma maneira muito engra\u00e7ada, do tipo: \u2018por que as pessoas se preocupam tanto quando algu\u00e9m morre, com caix\u00e3o, com toda aquela parafern\u00e1lia, como se a morte se sobrepusesse a vida?\u2019. Ent\u00e3o \u00e9 algo que faz a gente pensar a morte enquanto um elemento que dignifica a import\u00e2ncia e a pujan\u00e7a de estar vivo, de aprender a olhar as coisas ao seu redor\u201d, pontua o professor Edson Santos Silva, organizador da iniciativa.<\/span><\/p>\n<p style=\"text-align: justify\"><span style=\"font-weight: 400\">Promovida pelo Departamento de Letras (Delet\/I) do C\u00e2mpus de Irati da Universidade Estadual do Centro-Oeste (Unicentro) e pela Academia de Letras, Artes e Ci\u00eancias do Centro Sul do Paran\u00e1 (Alacs), a festa conta ainda com o apoio do Centro de L\u00ednguas da Unicentro (CEL) e da Prefeitura Municipal de Irati.<\/span><\/p>\n<p style=\"text-align: justify\"><span style=\"font-weight: 400\">\u201cO <\/span><i><span style=\"font-weight: 400\">Bloomsday<\/span><\/i><span style=\"font-weight: 400\"> \u00e9 um ponto de encontro para artistas n\u00e3o somente da literatura, mas tamb\u00e9m da m\u00fasica, da dan\u00e7a, da pintura, que aqui se encontram para um momento de comunh\u00e3o em nome da arte\u201d, ressalta o secret\u00e1rio de Cultura e Turismo de Irati, Jo\u00e3o Vitor Sviech.<\/span><\/p>\n<p style=\"text-align: justify\"><span style=\"font-weight: 400\">Feriado na Irlanda e celebrado em cidades do mundo inteiro, o <\/span><i><span style=\"font-weight: 400\">Bloomsday <\/span><\/i><span style=\"font-weight: 400\">faz refer\u00eancia a 16 de junho de 1904, data em que Leopold Bloom, protagonista do livro de Joyce, cruza as ruas de Dublin antes de voltar para casa, em uma par\u00f3dia da <\/span><i><span style=\"font-weight: 400\">Odisseia<\/span><\/i><span style=\"font-weight: 400\"> de Homero.\u00a0<\/span><\/p>\n<div class=\"wp-block-image\">\n<div id=\"attachment_10086\" style=\"width: 440px\" class=\"wp-caption alignleft\"><img loading=\"lazy\" decoding=\"async\" aria-describedby=\"caption-attachment-10086\" class=\"wpa-warning wpa-image-missing-alt wp-image-10086\" src=\"https:\/\/www3.unicentro.br\/irati\/wp-content\/uploads\/sites\/89\/2025\/06\/DSC_1508.jpg\" alt=\"\" width=\"430\" height=\"287\" data-warning=\"Missing alt text\" srcset=\"https:\/\/www3.unicentro.br\/irati\/wp-content\/uploads\/sites\/89\/2025\/06\/DSC_1508.jpg 1798w, https:\/\/www3.unicentro.br\/irati\/wp-content\/uploads\/sites\/89\/2025\/06\/DSC_1508-300x200.jpg 300w, https:\/\/www3.unicentro.br\/irati\/wp-content\/uploads\/sites\/89\/2025\/06\/DSC_1508-1024x684.jpg 1024w, https:\/\/www3.unicentro.br\/irati\/wp-content\/uploads\/sites\/89\/2025\/06\/DSC_1508-768x513.jpg 768w, https:\/\/www3.unicentro.br\/irati\/wp-content\/uploads\/sites\/89\/2025\/06\/DSC_1508-1536x1025.jpg 1536w, https:\/\/www3.unicentro.br\/irati\/wp-content\/uploads\/sites\/89\/2025\/06\/DSC_1508-400x267.jpg 400w, https:\/\/www3.unicentro.br\/irati\/wp-content\/uploads\/sites\/89\/2025\/06\/DSC_1508-800x534.jpg 800w, https:\/\/www3.unicentro.br\/irati\/wp-content\/uploads\/sites\/89\/2025\/06\/DSC_1508-1200x801.jpg 1200w, https:\/\/www3.unicentro.br\/irati\/wp-content\/uploads\/sites\/89\/2025\/06\/DSC_1508-255x170.jpg 255w\" sizes=\"auto, (max-width: 430px) 100vw, 430px\" \/><p id=\"caption-attachment-10086\" class=\"wp-caption-text\"><em>Tradicional evento cultural movimentou Irati na \u00faltima sexta-feira 13. (Foto: Coorc)<\/em><\/p><\/div>\n<\/div>\n<p style=\"text-align: justify\"><span style=\"font-weight: 400\">Na \u00faltima sexta-feira, a obra se fez presente de diferentes maneiras. Isso se deu de forma mais direta, como na leitura de trechos em diferentes l\u00ednguas, ou em releituras que incluem elementos novos, como na encena\u00e7\u00e3o dos alunos de Letras em que Bloom conversa com poetas brasileiros e de outros pa\u00edses em um cemit\u00e9rio.<\/span><\/p>\n<p style=\"text-align: justify\"><span style=\"font-weight: 400\">Pesquisadora visitante na Unicentro, pelo segundo ano consecutivo Svitlana Kryvoruchko leu um trecho do romance em ucraniano, al\u00e9m de cantar e dan\u00e7ar m\u00fasicas em sua l\u00edngua materna e em franc\u00eas. A docente n\u00e3o deixa de ficar impressionada com a abordagem alegre de uma publica\u00e7\u00e3o t\u00e3o intelectualmente densa. \u201cNa Ucr\u00e2nia, n\u00f3s n\u00e3o temos eventos como esse aqui no Brasil. Para n\u00f3s ucranianos, esse \u00e9 um objeto para o estudo cient\u00edfico, n\u00e3o para dan\u00e7ar\u201d, comenta.<\/span><\/p>\n<p style=\"text-align: justify\"><span style=\"font-weight: 400\">Entre can\u00e7\u00f5es e bailados, tamb\u00e9m s\u00e3o apresentados outros escritos, como o poema \u201cDo inferno e do c\u00e9u\u201d, de Jorge Luis Borges, e o conto \u201cO Gato Preto\u201d, de Edgar Allan Poe. O pr\u00f3prio p\u00fablico \u00e9 constantemente convocado a repetir a introdu\u00e7\u00e3o do \u201cHino \u00e0 Beleza\u201d, de Charles Baudelaire, verso escolhido para marcar a edi\u00e7\u00e3o.<\/span><\/p>\n<p style=\"text-align: justify\"><span style=\"font-weight: 400\">A casa lotada misturava novatos com veteranos, sejam eles da regi\u00e3o ou de locais mais distantes. De Natal, capital do Rio Grande do Norte, Yves Dantas veio a Irati para visitar a namorada e foi mais um a se surpreender com o clima festivo. \u201cAchei muito legal. N\u00e3o esperava encontrar um evento como esse. Cheguei at\u00e9 a falar com o professor Edson sobre isso\u201d, comenta efusivo o profissional de Tecnologia da Informa\u00e7\u00e3o.<\/span><\/p>\n<p style=\"text-align: justify\"><span style=\"font-weight: 400\">Professor e artista visual, Laercio Soares da Silva veio de Rio Azul com a tarefa de retratar no papel os diferentes momentos da noite. Para ele, foi uma grande honra retornar ao <\/span><i><span style=\"font-weight: 400\">Bloomsday<\/span><\/i><span style=\"font-weight: 400\"> depois de 8 anos. \u201cDessa vez o professor Edson me convenceu a sair da minha zona de conforto e fazer algumas ilustra\u00e7\u00f5es r\u00e1pidas durante o evento. \u00c9 um desafio muito grande pra mim, mas tamb\u00e9m \u00e9 uma experi\u00eancia muito interessante\u201d, afirma o desenhista.<\/span><\/p>\n<p style=\"text-align: justify\"><span style=\"font-weight: 400\">J\u00e1 Francielli Czelusniaki Costa Chepluki conta que come\u00e7ou a vir desde a primeira edi\u00e7\u00e3o em 2012, quando ainda era aluna de Pedagogia na Unicentro. Atualmente ela \u00e9 professora da rede municipal de ensino de Irati e, junto com o marido Rangel, continua sempre marcando presen\u00e7a. \u201cPorque \u00e9 um evento cultural diferente, algo que a gente n\u00e3o costuma ter aqui na cidade, que trabalha com a literatura, com a dan\u00e7a, com a m\u00fasica, com toda essa variedade de coisas que a gente pode curtir nesta noite\u201d, salienta.<\/span><\/p>\n<p style=\"text-align: justify\"><span style=\"font-weight: 400\">A diversidade art\u00edstica \u00e9 justamente o ponto mais elogiado pelo p\u00fablico. Teve ainda teatro, m\u00edmica, performances, apresenta\u00e7\u00f5es em Libras, dan\u00e7a do ventre e cigana, bal\u00e9 e a gaita do gauchesco, que ganhou o nome de sanfona na hora de tocar um forr\u00f3 e animar os casais. \u201c\u00c9 a literatura sendo motivo para v\u00e1rias manifesta\u00e7\u00f5es culturais porque na literatura cabe tudo\u201d, ressalta o professor Edson.<\/span><\/p>\n<p style=\"text-align: justify\"><span style=\"font-weight: 400\">Vice-reitor da Unicentro, o professor Ademir Fanfa Ribas refor\u00e7a a import\u00e2ncia da universidade n\u00e3o se fechar entre seus muros e chegar at\u00e9 onde a comunidade est\u00e1. \u201cEventos culturais como o <\/span><i><span style=\"font-weight: 400\">Bloomsday<\/span><\/i><span style=\"font-weight: 400\"> s\u00e3o importantes para que a sociedade possa conhecer nossos talentos, para que a gente possa apresentar a arte que \u00e9 feita dentro da universidade. E veja, cada curso tem o seu laborat\u00f3rio, alguns usam pipetas, alguns usam bancadas, e os cursos da \u00e1rea das Ci\u00eancias Humanas, das Letras e das Artes usam um palco como esse. As pessoas assistindo e se apresentando em uma noite bonita como essa, \u00e9 essa a universidade que n\u00f3s queremos\u201d, enfatiza Ademir.<\/span><\/p>\n<p>&nbsp;<\/p>\n\n\t\t<style type=\"text\/css\">\n\t\t\t#gallery-1 {\n\t\t\t\tmargin: auto;\n\t\t\t}\n\t\t\t#gallery-1 .gallery-item {\n\t\t\t\tfloat: left;\n\t\t\t\tmargin-top: 10px;\n\t\t\t\ttext-align: center;\n\t\t\t\twidth: 25%;\n\t\t\t}\n\t\t\t#gallery-1 img {\n\t\t\t\tborder: 2px solid #cfcfcf;\n\t\t\t}\n\t\t\t#gallery-1 .gallery-caption {\n\t\t\t\tmargin-left: 0;\n\t\t\t}\n\t\t\t\/* see gallery_shortcode() in wp-includes\/media.php *\/\n\t\t<\/style>\n\t\t<div id='gallery-1' class='gallery galleryid-10048 gallery-columns-4 gallery-size-thumbnail'><dl class='gallery-item'>\n\t\t\t<dt class='gallery-icon landscape'>\n\t\t\t\t<a href='https:\/\/www3.unicentro.br\/irati\/2025\/06\/16\/14a-edicao-do-bloomsday-destaca-a-morte-em-celebracao-da-vida-e-da-arte\/dsc_1469\/'><img loading=\"lazy\" decoding=\"async\" width=\"96\" height=\"96\" src=\"https:\/\/www3.unicentro.br\/irati\/wp-content\/uploads\/sites\/89\/2025\/06\/DSC_1469-150x150.jpg\" class=\"attachment-thumbnail size-thumbnail\" alt=\"\" srcset=\"https:\/\/www3.unicentro.br\/irati\/wp-content\/uploads\/sites\/89\/2025\/06\/DSC_1469-150x150.jpg 150w, https:\/\/www3.unicentro.br\/irati\/wp-content\/uploads\/sites\/89\/2025\/06\/DSC_1469-50x50.jpg 50w, https:\/\/www3.unicentro.br\/irati\/wp-content\/uploads\/sites\/89\/2025\/06\/DSC_1469-80x80.jpg 80w, https:\/\/www3.unicentro.br\/irati\/wp-content\/uploads\/sites\/89\/2025\/06\/DSC_1469-263x263.jpg 263w, https:\/\/www3.unicentro.br\/irati\/wp-content\/uploads\/sites\/89\/2025\/06\/DSC_1469-100x100.jpg 100w, https:\/\/www3.unicentro.br\/irati\/wp-content\/uploads\/sites\/89\/2025\/06\/DSC_1469-526x526.jpg 526w\" sizes=\"auto, (max-width: 96px) 100vw, 96px\" \/><\/a>\n\t\t\t<\/dt><\/dl><dl class='gallery-item'>\n\t\t\t<dt class='gallery-icon landscape'>\n\t\t\t\t<a href='https:\/\/www3.unicentro.br\/irati\/2025\/06\/16\/14a-edicao-do-bloomsday-destaca-a-morte-em-celebracao-da-vida-e-da-arte\/dsc_1865-3\/'><img loading=\"lazy\" decoding=\"async\" width=\"96\" height=\"96\" src=\"https:\/\/www3.unicentro.br\/irati\/wp-content\/uploads\/sites\/89\/2025\/06\/DSC_1865-150x150.jpg\" class=\"attachment-thumbnail size-thumbnail\" alt=\"\" srcset=\"https:\/\/www3.unicentro.br\/irati\/wp-content\/uploads\/sites\/89\/2025\/06\/DSC_1865-150x150.jpg 150w, https:\/\/www3.unicentro.br\/irati\/wp-content\/uploads\/sites\/89\/2025\/06\/DSC_1865-50x50.jpg 50w, https:\/\/www3.unicentro.br\/irati\/wp-content\/uploads\/sites\/89\/2025\/06\/DSC_1865-80x80.jpg 80w, https:\/\/www3.unicentro.br\/irati\/wp-content\/uploads\/sites\/89\/2025\/06\/DSC_1865-263x263.jpg 263w, https:\/\/www3.unicentro.br\/irati\/wp-content\/uploads\/sites\/89\/2025\/06\/DSC_1865-100x100.jpg 100w, https:\/\/www3.unicentro.br\/irati\/wp-content\/uploads\/sites\/89\/2025\/06\/DSC_1865-526x526.jpg 526w\" sizes=\"auto, (max-width: 96px) 100vw, 96px\" \/><\/a>\n\t\t\t<\/dt><\/dl><dl class='gallery-item'>\n\t\t\t<dt class='gallery-icon landscape'>\n\t\t\t\t<a href='https:\/\/www3.unicentro.br\/irati\/2025\/06\/16\/14a-edicao-do-bloomsday-destaca-a-morte-em-celebracao-da-vida-e-da-arte\/dsc_1530\/'><img loading=\"lazy\" decoding=\"async\" width=\"96\" height=\"96\" src=\"https:\/\/www3.unicentro.br\/irati\/wp-content\/uploads\/sites\/89\/2025\/06\/DSC_1530-150x150.jpg\" class=\"attachment-thumbnail size-thumbnail\" alt=\"\" srcset=\"https:\/\/www3.unicentro.br\/irati\/wp-content\/uploads\/sites\/89\/2025\/06\/DSC_1530-150x150.jpg 150w, https:\/\/www3.unicentro.br\/irati\/wp-content\/uploads\/sites\/89\/2025\/06\/DSC_1530-50x50.jpg 50w, https:\/\/www3.unicentro.br\/irati\/wp-content\/uploads\/sites\/89\/2025\/06\/DSC_1530-80x80.jpg 80w, https:\/\/www3.unicentro.br\/irati\/wp-content\/uploads\/sites\/89\/2025\/06\/DSC_1530-263x263.jpg 263w, https:\/\/www3.unicentro.br\/irati\/wp-content\/uploads\/sites\/89\/2025\/06\/DSC_1530-100x100.jpg 100w, https:\/\/www3.unicentro.br\/irati\/wp-content\/uploads\/sites\/89\/2025\/06\/DSC_1530-526x526.jpg 526w\" sizes=\"auto, (max-width: 96px) 100vw, 96px\" \/><\/a>\n\t\t\t<\/dt><\/dl><dl class='gallery-item'>\n\t\t\t<dt class='gallery-icon landscape'>\n\t\t\t\t<a href='https:\/\/www3.unicentro.br\/irati\/2025\/06\/16\/14a-edicao-do-bloomsday-destaca-a-morte-em-celebracao-da-vida-e-da-arte\/dsc_1714-2\/'><img loading=\"lazy\" decoding=\"async\" width=\"96\" height=\"96\" src=\"https:\/\/www3.unicentro.br\/irati\/wp-content\/uploads\/sites\/89\/2025\/06\/DSC_1714-150x150.jpg\" class=\"attachment-thumbnail size-thumbnail\" alt=\"\" srcset=\"https:\/\/www3.unicentro.br\/irati\/wp-content\/uploads\/sites\/89\/2025\/06\/DSC_1714-150x150.jpg 150w, https:\/\/www3.unicentro.br\/irati\/wp-content\/uploads\/sites\/89\/2025\/06\/DSC_1714-50x50.jpg 50w, https:\/\/www3.unicentro.br\/irati\/wp-content\/uploads\/sites\/89\/2025\/06\/DSC_1714-80x80.jpg 80w, https:\/\/www3.unicentro.br\/irati\/wp-content\/uploads\/sites\/89\/2025\/06\/DSC_1714-263x263.jpg 263w, https:\/\/www3.unicentro.br\/irati\/wp-content\/uploads\/sites\/89\/2025\/06\/DSC_1714-100x100.jpg 100w, https:\/\/www3.unicentro.br\/irati\/wp-content\/uploads\/sites\/89\/2025\/06\/DSC_1714-526x526.jpg 526w\" sizes=\"auto, (max-width: 96px) 100vw, 96px\" \/><\/a>\n\t\t\t<\/dt><\/dl><br style=\"clear: both\" \/><dl class='gallery-item'>\n\t\t\t<dt class='gallery-icon landscape'>\n\t\t\t\t<a href='https:\/\/www3.unicentro.br\/irati\/2025\/06\/16\/14a-edicao-do-bloomsday-destaca-a-morte-em-celebracao-da-vida-e-da-arte\/dsc_1570\/'><img loading=\"lazy\" decoding=\"async\" width=\"96\" height=\"96\" src=\"https:\/\/www3.unicentro.br\/irati\/wp-content\/uploads\/sites\/89\/2025\/06\/DSC_1570-150x150.jpg\" class=\"attachment-thumbnail size-thumbnail\" alt=\"\" srcset=\"https:\/\/www3.unicentro.br\/irati\/wp-content\/uploads\/sites\/89\/2025\/06\/DSC_1570-150x150.jpg 150w, https:\/\/www3.unicentro.br\/irati\/wp-content\/uploads\/sites\/89\/2025\/06\/DSC_1570-50x50.jpg 50w, https:\/\/www3.unicentro.br\/irati\/wp-content\/uploads\/sites\/89\/2025\/06\/DSC_1570-80x80.jpg 80w, https:\/\/www3.unicentro.br\/irati\/wp-content\/uploads\/sites\/89\/2025\/06\/DSC_1570-263x263.jpg 263w, https:\/\/www3.unicentro.br\/irati\/wp-content\/uploads\/sites\/89\/2025\/06\/DSC_1570-100x100.jpg 100w, https:\/\/www3.unicentro.br\/irati\/wp-content\/uploads\/sites\/89\/2025\/06\/DSC_1570-526x526.jpg 526w\" sizes=\"auto, (max-width: 96px) 100vw, 96px\" \/><\/a>\n\t\t\t<\/dt><\/dl><dl class='gallery-item'>\n\t\t\t<dt class='gallery-icon landscape'>\n\t\t\t\t<a href='https:\/\/www3.unicentro.br\/irati\/2025\/06\/16\/14a-edicao-do-bloomsday-destaca-a-morte-em-celebracao-da-vida-e-da-arte\/dsc_1855\/'><img loading=\"lazy\" decoding=\"async\" width=\"96\" height=\"96\" src=\"https:\/\/www3.unicentro.br\/irati\/wp-content\/uploads\/sites\/89\/2025\/06\/DSC_1855-150x150.jpg\" class=\"attachment-thumbnail size-thumbnail\" alt=\"\" srcset=\"https:\/\/www3.unicentro.br\/irati\/wp-content\/uploads\/sites\/89\/2025\/06\/DSC_1855-150x150.jpg 150w, https:\/\/www3.unicentro.br\/irati\/wp-content\/uploads\/sites\/89\/2025\/06\/DSC_1855-50x50.jpg 50w, https:\/\/www3.unicentro.br\/irati\/wp-content\/uploads\/sites\/89\/2025\/06\/DSC_1855-80x80.jpg 80w, https:\/\/www3.unicentro.br\/irati\/wp-content\/uploads\/sites\/89\/2025\/06\/DSC_1855-263x263.jpg 263w, https:\/\/www3.unicentro.br\/irati\/wp-content\/uploads\/sites\/89\/2025\/06\/DSC_1855-100x100.jpg 100w, https:\/\/www3.unicentro.br\/irati\/wp-content\/uploads\/sites\/89\/2025\/06\/DSC_1855-526x526.jpg 526w\" sizes=\"auto, (max-width: 96px) 100vw, 96px\" \/><\/a>\n\t\t\t<\/dt><\/dl><dl class='gallery-item'>\n\t\t\t<dt class='gallery-icon landscape'>\n\t\t\t\t<a href='https:\/\/www3.unicentro.br\/irati\/2025\/06\/16\/14a-edicao-do-bloomsday-destaca-a-morte-em-celebracao-da-vida-e-da-arte\/dsc_1606-2\/'><img loading=\"lazy\" decoding=\"async\" width=\"96\" height=\"96\" src=\"https:\/\/www3.unicentro.br\/irati\/wp-content\/uploads\/sites\/89\/2025\/06\/DSC_1606-150x150.jpg\" class=\"attachment-thumbnail size-thumbnail\" alt=\"\" srcset=\"https:\/\/www3.unicentro.br\/irati\/wp-content\/uploads\/sites\/89\/2025\/06\/DSC_1606-150x150.jpg 150w, https:\/\/www3.unicentro.br\/irati\/wp-content\/uploads\/sites\/89\/2025\/06\/DSC_1606-50x50.jpg 50w, https:\/\/www3.unicentro.br\/irati\/wp-content\/uploads\/sites\/89\/2025\/06\/DSC_1606-80x80.jpg 80w, https:\/\/www3.unicentro.br\/irati\/wp-content\/uploads\/sites\/89\/2025\/06\/DSC_1606-263x263.jpg 263w, https:\/\/www3.unicentro.br\/irati\/wp-content\/uploads\/sites\/89\/2025\/06\/DSC_1606-100x100.jpg 100w, https:\/\/www3.unicentro.br\/irati\/wp-content\/uploads\/sites\/89\/2025\/06\/DSC_1606-526x526.jpg 526w\" sizes=\"auto, (max-width: 96px) 100vw, 96px\" \/><\/a>\n\t\t\t<\/dt><\/dl><dl class='gallery-item'>\n\t\t\t<dt class='gallery-icon landscape'>\n\t\t\t\t<a href='https:\/\/www3.unicentro.br\/irati\/2025\/06\/16\/14a-edicao-do-bloomsday-destaca-a-morte-em-celebracao-da-vida-e-da-arte\/dsc_1453\/'><img loading=\"lazy\" decoding=\"async\" width=\"96\" height=\"96\" src=\"https:\/\/www3.unicentro.br\/irati\/wp-content\/uploads\/sites\/89\/2025\/06\/DSC_1453-150x150.jpg\" class=\"attachment-thumbnail size-thumbnail\" alt=\"\" srcset=\"https:\/\/www3.unicentro.br\/irati\/wp-content\/uploads\/sites\/89\/2025\/06\/DSC_1453-150x150.jpg 150w, https:\/\/www3.unicentro.br\/irati\/wp-content\/uploads\/sites\/89\/2025\/06\/DSC_1453-50x50.jpg 50w, https:\/\/www3.unicentro.br\/irati\/wp-content\/uploads\/sites\/89\/2025\/06\/DSC_1453-80x80.jpg 80w, https:\/\/www3.unicentro.br\/irati\/wp-content\/uploads\/sites\/89\/2025\/06\/DSC_1453-263x263.jpg 263w, https:\/\/www3.unicentro.br\/irati\/wp-content\/uploads\/sites\/89\/2025\/06\/DSC_1453-100x100.jpg 100w, https:\/\/www3.unicentro.br\/irati\/wp-content\/uploads\/sites\/89\/2025\/06\/DSC_1453-526x526.jpg 526w\" sizes=\"auto, (max-width: 96px) 100vw, 96px\" \/><\/a>\n\t\t\t<\/dt><\/dl><br style=\"clear: both\" \/>\n\t\t<\/div>\n\n<p><a href=\"http:\/\/unicentro.br\/fotos\"><span style=\"color: #808000\"><strong>As fotos do evento est\u00e3o dispon\u00edveis no Banco de Imagens da Unicentro<\/strong><\/span><\/a><\/p>\n<p style=\"text-align: justify\"><span style=\"font-size: 8pt\"><i><span style=\"font-weight: 400\">Por Wyllian Correa<\/span><\/i><\/span><\/p>\n<div><\/div>\n<div>\n<hr \/>\n<p style=\"text-align: justify\"><span style=\"color: #808000\"><strong>Voc\u00ea j\u00e1 conhece o canal de transmiss\u00e3o da Unicentro no WhatsApp?<\/strong><\/span><\/p>\n<p style=\"text-align: justify\">L\u00e1, voc\u00ea encontra not\u00edcias fresquinhas e em primeira m\u00e3o, al\u00e9m de comunicados oficiais, eventos, conquistas da galera e muito mais!\u00a0<span style=\"color: #808000\"><strong><a style=\"color: #808000\" href=\"https:\/\/whatsapp.com\/channel\/0029VaBQlmUEVccJs6JPNB0N\">Clique aqui<\/a><\/strong>\u00a0<\/span>para participar e fique por dentro de tudo o que \u00e9 destaque na nossa universidade.<\/p>\n<\/div>\n","protected":false},"excerpt":{"rendered":"<p>Em plena sexta-feira 13, o Bloomsday deste ano vestiu vermelho e trouxe Hades &#8211; deus grego do submundo dos mortos &#8211; como tema da sua 14\u00aa edi\u00e7\u00e3o em Irati. Evento liter\u00e1rio mais tradicional da regi\u00e3o, a noite cultural lotou o Emp\u00f3rio S\u00e3o Lu\u00eds para celebrar o legado de Ulisses, romance do irland\u00eas James Joyce, que [&hellip;]<\/p>\n","protected":false},"author":578,"featured_media":0,"comment_status":"open","ping_status":"open","sticky":false,"template":"","format":"standard","meta":{"_exactmetrics_skip_tracking":false,"_exactmetrics_sitenote_active":false,"_exactmetrics_sitenote_note":"","_exactmetrics_sitenote_category":0,"fifu_image_url":"https:\/\/www3.unicentro.br\/noticias\/wp-content\/uploads\/sites\/3\/2025\/06\/DSC_1825.jpg","fifu_image_alt":"","footnotes":"","_links_to":"","_links_to_target":""},"categories":[2],"tags":[],"class_list":["post-10048","post","type-post","status-publish","format-standard","hentry","category-noticias"],"_links":{"self":[{"href":"https:\/\/www3.unicentro.br\/irati\/wp-json\/wp\/v2\/posts\/10048","targetHints":{"allow":["GET"]}}],"collection":[{"href":"https:\/\/www3.unicentro.br\/irati\/wp-json\/wp\/v2\/posts"}],"about":[{"href":"https:\/\/www3.unicentro.br\/irati\/wp-json\/wp\/v2\/types\/post"}],"author":[{"embeddable":true,"href":"https:\/\/www3.unicentro.br\/irati\/wp-json\/wp\/v2\/users\/578"}],"replies":[{"embeddable":true,"href":"https:\/\/www3.unicentro.br\/irati\/wp-json\/wp\/v2\/comments?post=10048"}],"version-history":[{"count":1,"href":"https:\/\/www3.unicentro.br\/irati\/wp-json\/wp\/v2\/posts\/10048\/revisions"}],"predecessor-version":[{"id":10098,"href":"https:\/\/www3.unicentro.br\/irati\/wp-json\/wp\/v2\/posts\/10048\/revisions\/10098"}],"wp:attachment":[{"href":"https:\/\/www3.unicentro.br\/irati\/wp-json\/wp\/v2\/media?parent=10048"}],"wp:term":[{"taxonomy":"category","embeddable":true,"href":"https:\/\/www3.unicentro.br\/irati\/wp-json\/wp\/v2\/categories?post=10048"},{"taxonomy":"post_tag","embeddable":true,"href":"https:\/\/www3.unicentro.br\/irati\/wp-json\/wp\/v2\/tags?post=10048"}],"curies":[{"name":"wp","href":"https:\/\/api.w.org\/{rel}","templated":true}]}}