{"id":10030,"date":"2025-06-10T17:05:21","date_gmt":"2025-06-10T20:05:21","guid":{"rendered":"https:\/\/www3.unicentro.br\/irati\/?p=10030"},"modified":"2025-06-10T17:14:51","modified_gmt":"2025-06-10T20:14:51","slug":"arraiaversario-abre-as-comemoracoes-dos-35-anos-da-unicentro-no-campus-de-irati","status":"publish","type":"post","link":"https:\/\/www3.unicentro.br\/irati\/2025\/06\/10\/arraiaversario-abre-as-comemoracoes-dos-35-anos-da-unicentro-no-campus-de-irati\/","title":{"rendered":"\u201cArrai\u00e1Vers\u00e1rio\u201d abre as comemora\u00e7\u00f5es dos 35 anos da Unicentro no C\u00e2mpus de Irati"},"content":{"rendered":"<p style=\"text-align: justify\"><span style=\"font-weight: 400\">Muita m\u00fasica, brincadeiras e comidas t\u00edpicas. Esse \u00e9 o \u201cArrai\u00e1Vers\u00e1rio\u201d do C\u00e2mpus de Irati da Universidade Estadual do Centro-Oeste (Unicentro), evento que come\u00e7ou na tarde desta ter\u00e7a-feira (10) e segue at\u00e9 a noite. Em 2025, a festa integra a programa\u00e7\u00e3o de 35 anos da institui\u00e7\u00e3o e \u00e9 organizada pela Pr\u00f3-Reitoria de Apoio aos Estudantes (Proae), com o apoio do Gabinete da Reitoria e da Dire\u00e7\u00e3o do C\u00e2mpus de Irati.<\/span><\/p>\n<p style=\"text-align: justify\"><span style=\"font-weight: 400\">Diretora de Apoio aos Estudantes (Diraes), a professora Andrea Nogueira Dias destaca que o arrai\u00e1 do c\u00e2mpus j\u00e1 se tornou um dos momentos mais aguardados no calend\u00e1rio acad\u00eamico. \u201cO objetivo principal \u00e9 manter a tradi\u00e7\u00e3o. Entendemos que a universidade \u00e9 um local de estudo, de ensino, de pesquisa, de atividades de extens\u00e3o, mas ela tamb\u00e9m \u00e9 um espa\u00e7o de integra\u00e7\u00e3o. E a festa junina \u00e9 uma dessas oportunidades de nos integrarmos, de termos um momento de lazer com toda a comunidade\u201d, ressalta a docente.<\/span><\/p>\n<p style=\"text-align: justify\"><span style=\"font-weight: 400\">Essa perspectiva \u00e9 refor\u00e7ada pela vice-diretora do C\u00e2mpus de Irati, professora Juliana De Conto. \u201cEsse ano a festa foi pensada pr\u00f3xima do anivers\u00e1rio da Unicentro, para que a gente fizesse algo que fosse divertido, agrad\u00e1vel e que fosse uma integra\u00e7\u00e3o entre alunos, professores, agentes, terceirizados e tamb\u00e9m o pessoal da Uati [Universidade Aberta \u00e0 Terceira Idade]\u201d, pontua.<\/span><\/p>\n<p style=\"text-align: justify\"><span style=\"font-weight: 400\">Seguindo o mesmo modelo colaborativo das \u00faltimas quermesses, s\u00e3o os pr\u00f3prios acad\u00eamicos e integrantes da Feira Agroecol\u00f3gica que est\u00e3o \u00e0 frente da maioria das barraquinhas. Entre as op\u00e7\u00f5es, h\u00e1 as mais tradicionais, como amendoim, pinh\u00e3o e quent\u00e3o sem \u00e1lcool. Mas tamb\u00e9m tem espa\u00e7o para a venda de brownies, artesanatos, suculentas e outros produtos.<\/span><\/p>\n<p style=\"text-align: justify\"><span style=\"font-weight: 400\">Caloura de Engenharia Ambiental, Ana Paula Zolondek trouxe diversos doces, entre eles uma vers\u00e3o de brigadeiro bem junina, com sabor e formato de milho. Al\u00e9m dela, o irm\u00e3o Jo\u00e3o Francisco Zolondek, de Engenharia Florestal, tamb\u00e9m vai comercializar p\u00e3es de mel durante o dia.\u00a0<\/span><\/p>\n<p style=\"text-align: justify\"><span style=\"font-weight: 400\">\u201cA gente se sente muito acolhido por poder participar. Eu fa\u00e7o os docinhos para me manter aqui na faculdade. Ent\u00e3o, al\u00e9m do reconhecimento que a gente ganha aqui nessas feiras, eu acredito que tamb\u00e9m \u00e9 um jeito de a gente se enturmar com os outros cursos. \u00c0s vezes n\u00e3o tem essa intera\u00e7\u00e3o porque a nossa carga hor\u00e1ria \u00e9 muito corrida, mas nessas festas a gente consegue se unir, conhecer novos amigos e at\u00e9 fazer novos clientes\u201d, brinca a acad\u00eamica.<\/span><\/p>\n<p style=\"text-align: justify\"><b>Programa\u00e7\u00e3o de Anivers\u00e1rio<\/b><\/p>\n<p style=\"text-align: justify\"><span style=\"font-weight: 400\">Al\u00e9m do \u201cArrai\u00e1Vers\u00e1rio\u201d, mais dois eventos v\u00e3o ser realizados no C\u00e2mpus de Irati em comemora\u00e7\u00e3o aos 35 anos da Unicentro, ambos na quarta-feira (11).\u00a0<\/span><\/p>\n<p style=\"text-align: justify\"><span style=\"font-weight: 400\">\u00c0s 15h, os servidores da unidade universit\u00e1ria v\u00e3o poder participar do \u201cCaf\u00e9 com pertencimento\u201d, atividade que trar\u00e1 o palestrante Nelson Ari Canabarro de Oliveira para falar sobre \u201cCarreira e prop\u00f3sito\u201d.<\/span><\/p>\n<p style=\"text-align: justify\"><span style=\"font-weight: 400\">J\u00e1 durante a noite, a partir das 19h, ser\u00e1 realizada uma sess\u00e3o especial do Conselho Universit\u00e1rio (COU) no Audit\u00f3rio Denise Stoklos. Est\u00e1 prevista para a solenidade a apresenta\u00e7\u00e3o da obra \u201cConquista\u201d, homenagens \u00e0 funcion\u00e1rios aposentados e a inaugura\u00e7\u00e3o da galeria dos dirigentes do c\u00e2mpus.<\/span><\/p>\n<p>&nbsp;<\/p>\n\n\t\t<style type=\"text\/css\">\n\t\t\t#gallery-1 {\n\t\t\t\tmargin: auto;\n\t\t\t}\n\t\t\t#gallery-1 .gallery-item {\n\t\t\t\tfloat: left;\n\t\t\t\tmargin-top: 10px;\n\t\t\t\ttext-align: center;\n\t\t\t\twidth: 20%;\n\t\t\t}\n\t\t\t#gallery-1 img {\n\t\t\t\tborder: 2px solid #cfcfcf;\n\t\t\t}\n\t\t\t#gallery-1 .gallery-caption {\n\t\t\t\tmargin-left: 0;\n\t\t\t}\n\t\t\t\/* see gallery_shortcode() in wp-includes\/media.php *\/\n\t\t<\/style>\n\t\t<div id='gallery-1' class='gallery galleryid-10030 gallery-columns-5 gallery-size-thumbnail'><dl class='gallery-item'>\n\t\t\t<dt class='gallery-icon landscape'>\n\t\t\t\t<a href='https:\/\/www3.unicentro.br\/irati\/2025\/06\/10\/arraiaversario-abre-as-comemoracoes-dos-35-anos-da-unicentro-no-campus-de-irati\/dsc_0900\/'><img loading=\"lazy\" decoding=\"async\" width=\"96\" height=\"96\" src=\"https:\/\/www3.unicentro.br\/irati\/wp-content\/uploads\/sites\/89\/2025\/06\/DSC_0900-150x150.jpg\" class=\"attachment-thumbnail size-thumbnail\" alt=\"\" srcset=\"https:\/\/www3.unicentro.br\/irati\/wp-content\/uploads\/sites\/89\/2025\/06\/DSC_0900-150x150.jpg 150w, https:\/\/www3.unicentro.br\/irati\/wp-content\/uploads\/sites\/89\/2025\/06\/DSC_0900-50x50.jpg 50w, https:\/\/www3.unicentro.br\/irati\/wp-content\/uploads\/sites\/89\/2025\/06\/DSC_0900-80x80.jpg 80w, https:\/\/www3.unicentro.br\/irati\/wp-content\/uploads\/sites\/89\/2025\/06\/DSC_0900-263x263.jpg 263w, https:\/\/www3.unicentro.br\/irati\/wp-content\/uploads\/sites\/89\/2025\/06\/DSC_0900-100x100.jpg 100w, https:\/\/www3.unicentro.br\/irati\/wp-content\/uploads\/sites\/89\/2025\/06\/DSC_0900-526x526.jpg 526w\" sizes=\"auto, (max-width: 96px) 100vw, 96px\" \/><\/a>\n\t\t\t<\/dt><\/dl><dl class='gallery-item'>\n\t\t\t<dt class='gallery-icon landscape'>\n\t\t\t\t<a href='https:\/\/www3.unicentro.br\/irati\/2025\/06\/10\/arraiaversario-abre-as-comemoracoes-dos-35-anos-da-unicentro-no-campus-de-irati\/dsc_0898\/'><img loading=\"lazy\" decoding=\"async\" width=\"96\" height=\"96\" src=\"https:\/\/www3.unicentro.br\/irati\/wp-content\/uploads\/sites\/89\/2025\/06\/DSC_0898-150x150.jpg\" class=\"attachment-thumbnail size-thumbnail\" alt=\"\" srcset=\"https:\/\/www3.unicentro.br\/irati\/wp-content\/uploads\/sites\/89\/2025\/06\/DSC_0898-150x150.jpg 150w, https:\/\/www3.unicentro.br\/irati\/wp-content\/uploads\/sites\/89\/2025\/06\/DSC_0898-50x50.jpg 50w, https:\/\/www3.unicentro.br\/irati\/wp-content\/uploads\/sites\/89\/2025\/06\/DSC_0898-80x80.jpg 80w, https:\/\/www3.unicentro.br\/irati\/wp-content\/uploads\/sites\/89\/2025\/06\/DSC_0898-263x263.jpg 263w, https:\/\/www3.unicentro.br\/irati\/wp-content\/uploads\/sites\/89\/2025\/06\/DSC_0898-100x100.jpg 100w, https:\/\/www3.unicentro.br\/irati\/wp-content\/uploads\/sites\/89\/2025\/06\/DSC_0898-526x526.jpg 526w\" sizes=\"auto, (max-width: 96px) 100vw, 96px\" \/><\/a>\n\t\t\t<\/dt><\/dl><dl class='gallery-item'>\n\t\t\t<dt class='gallery-icon landscape'>\n\t\t\t\t<a href='https:\/\/www3.unicentro.br\/irati\/2025\/06\/10\/arraiaversario-abre-as-comemoracoes-dos-35-anos-da-unicentro-no-campus-de-irati\/dsc_0890\/'><img loading=\"lazy\" decoding=\"async\" width=\"96\" height=\"96\" src=\"https:\/\/www3.unicentro.br\/irati\/wp-content\/uploads\/sites\/89\/2025\/06\/DSC_0890-150x150.jpg\" class=\"attachment-thumbnail size-thumbnail\" alt=\"\" srcset=\"https:\/\/www3.unicentro.br\/irati\/wp-content\/uploads\/sites\/89\/2025\/06\/DSC_0890-150x150.jpg 150w, https:\/\/www3.unicentro.br\/irati\/wp-content\/uploads\/sites\/89\/2025\/06\/DSC_0890-50x50.jpg 50w, https:\/\/www3.unicentro.br\/irati\/wp-content\/uploads\/sites\/89\/2025\/06\/DSC_0890-80x80.jpg 80w, https:\/\/www3.unicentro.br\/irati\/wp-content\/uploads\/sites\/89\/2025\/06\/DSC_0890-263x263.jpg 263w, https:\/\/www3.unicentro.br\/irati\/wp-content\/uploads\/sites\/89\/2025\/06\/DSC_0890-100x100.jpg 100w, https:\/\/www3.unicentro.br\/irati\/wp-content\/uploads\/sites\/89\/2025\/06\/DSC_0890-526x526.jpg 526w\" sizes=\"auto, (max-width: 96px) 100vw, 96px\" \/><\/a>\n\t\t\t<\/dt><\/dl><dl class='gallery-item'>\n\t\t\t<dt class='gallery-icon landscape'>\n\t\t\t\t<a href='https:\/\/www3.unicentro.br\/irati\/2025\/06\/10\/arraiaversario-abre-as-comemoracoes-dos-35-anos-da-unicentro-no-campus-de-irati\/dsc_0877\/'><img loading=\"lazy\" decoding=\"async\" width=\"96\" height=\"96\" src=\"https:\/\/www3.unicentro.br\/irati\/wp-content\/uploads\/sites\/89\/2025\/06\/DSC_0877-150x150.jpg\" class=\"attachment-thumbnail size-thumbnail\" alt=\"\" srcset=\"https:\/\/www3.unicentro.br\/irati\/wp-content\/uploads\/sites\/89\/2025\/06\/DSC_0877-150x150.jpg 150w, https:\/\/www3.unicentro.br\/irati\/wp-content\/uploads\/sites\/89\/2025\/06\/DSC_0877-50x50.jpg 50w, https:\/\/www3.unicentro.br\/irati\/wp-content\/uploads\/sites\/89\/2025\/06\/DSC_0877-80x80.jpg 80w, https:\/\/www3.unicentro.br\/irati\/wp-content\/uploads\/sites\/89\/2025\/06\/DSC_0877-263x263.jpg 263w, https:\/\/www3.unicentro.br\/irati\/wp-content\/uploads\/sites\/89\/2025\/06\/DSC_0877-100x100.jpg 100w, https:\/\/www3.unicentro.br\/irati\/wp-content\/uploads\/sites\/89\/2025\/06\/DSC_0877-526x526.jpg 526w\" sizes=\"auto, (max-width: 96px) 100vw, 96px\" \/><\/a>\n\t\t\t<\/dt><\/dl><dl class='gallery-item'>\n\t\t\t<dt class='gallery-icon landscape'>\n\t\t\t\t<a href='https:\/\/www3.unicentro.br\/irati\/2025\/06\/10\/arraiaversario-abre-as-comemoracoes-dos-35-anos-da-unicentro-no-campus-de-irati\/dsc_0822-2\/'><img loading=\"lazy\" decoding=\"async\" width=\"96\" height=\"96\" src=\"https:\/\/www3.unicentro.br\/irati\/wp-content\/uploads\/sites\/89\/2025\/06\/DSC_0822-150x150.jpg\" class=\"attachment-thumbnail size-thumbnail\" alt=\"\" srcset=\"https:\/\/www3.unicentro.br\/irati\/wp-content\/uploads\/sites\/89\/2025\/06\/DSC_0822-150x150.jpg 150w, https:\/\/www3.unicentro.br\/irati\/wp-content\/uploads\/sites\/89\/2025\/06\/DSC_0822-50x50.jpg 50w, https:\/\/www3.unicentro.br\/irati\/wp-content\/uploads\/sites\/89\/2025\/06\/DSC_0822-80x80.jpg 80w, https:\/\/www3.unicentro.br\/irati\/wp-content\/uploads\/sites\/89\/2025\/06\/DSC_0822-263x263.jpg 263w, https:\/\/www3.unicentro.br\/irati\/wp-content\/uploads\/sites\/89\/2025\/06\/DSC_0822-100x100.jpg 100w, https:\/\/www3.unicentro.br\/irati\/wp-content\/uploads\/sites\/89\/2025\/06\/DSC_0822-526x526.jpg 526w\" sizes=\"auto, (max-width: 96px) 100vw, 96px\" \/><\/a>\n\t\t\t<\/dt><\/dl><br style=\"clear: both\" \/><dl class='gallery-item'>\n\t\t\t<dt class='gallery-icon landscape'>\n\t\t\t\t<a href='https:\/\/www3.unicentro.br\/irati\/2025\/06\/10\/arraiaversario-abre-as-comemoracoes-dos-35-anos-da-unicentro-no-campus-de-irati\/dsc_0790-2\/'><img loading=\"lazy\" decoding=\"async\" width=\"96\" height=\"96\" src=\"https:\/\/www3.unicentro.br\/irati\/wp-content\/uploads\/sites\/89\/2025\/06\/DSC_0790-150x150.jpg\" class=\"attachment-thumbnail size-thumbnail\" alt=\"\" srcset=\"https:\/\/www3.unicentro.br\/irati\/wp-content\/uploads\/sites\/89\/2025\/06\/DSC_0790-150x150.jpg 150w, https:\/\/www3.unicentro.br\/irati\/wp-content\/uploads\/sites\/89\/2025\/06\/DSC_0790-50x50.jpg 50w, https:\/\/www3.unicentro.br\/irati\/wp-content\/uploads\/sites\/89\/2025\/06\/DSC_0790-80x80.jpg 80w, https:\/\/www3.unicentro.br\/irati\/wp-content\/uploads\/sites\/89\/2025\/06\/DSC_0790-263x263.jpg 263w, https:\/\/www3.unicentro.br\/irati\/wp-content\/uploads\/sites\/89\/2025\/06\/DSC_0790-100x100.jpg 100w, https:\/\/www3.unicentro.br\/irati\/wp-content\/uploads\/sites\/89\/2025\/06\/DSC_0790-526x526.jpg 526w\" sizes=\"auto, (max-width: 96px) 100vw, 96px\" \/><\/a>\n\t\t\t<\/dt><\/dl><dl class='gallery-item'>\n\t\t\t<dt class='gallery-icon landscape'>\n\t\t\t\t<a href='https:\/\/www3.unicentro.br\/irati\/2025\/06\/10\/arraiaversario-abre-as-comemoracoes-dos-35-anos-da-unicentro-no-campus-de-irati\/dsc_0782\/'><img loading=\"lazy\" decoding=\"async\" width=\"96\" height=\"96\" src=\"https:\/\/www3.unicentro.br\/irati\/wp-content\/uploads\/sites\/89\/2025\/06\/DSC_0782-150x150.jpg\" class=\"attachment-thumbnail size-thumbnail\" alt=\"\" srcset=\"https:\/\/www3.unicentro.br\/irati\/wp-content\/uploads\/sites\/89\/2025\/06\/DSC_0782-150x150.jpg 150w, https:\/\/www3.unicentro.br\/irati\/wp-content\/uploads\/sites\/89\/2025\/06\/DSC_0782-50x50.jpg 50w, https:\/\/www3.unicentro.br\/irati\/wp-content\/uploads\/sites\/89\/2025\/06\/DSC_0782-80x80.jpg 80w, https:\/\/www3.unicentro.br\/irati\/wp-content\/uploads\/sites\/89\/2025\/06\/DSC_0782-263x263.jpg 263w, https:\/\/www3.unicentro.br\/irati\/wp-content\/uploads\/sites\/89\/2025\/06\/DSC_0782-100x100.jpg 100w, https:\/\/www3.unicentro.br\/irati\/wp-content\/uploads\/sites\/89\/2025\/06\/DSC_0782-526x526.jpg 526w\" sizes=\"auto, (max-width: 96px) 100vw, 96px\" \/><\/a>\n\t\t\t<\/dt><\/dl><dl class='gallery-item'>\n\t\t\t<dt class='gallery-icon landscape'>\n\t\t\t\t<a href='https:\/\/www3.unicentro.br\/irati\/2025\/06\/10\/arraiaversario-abre-as-comemoracoes-dos-35-anos-da-unicentro-no-campus-de-irati\/dsc_0778\/'><img loading=\"lazy\" decoding=\"async\" width=\"96\" height=\"96\" src=\"https:\/\/www3.unicentro.br\/irati\/wp-content\/uploads\/sites\/89\/2025\/06\/DSC_0778-150x150.jpg\" class=\"attachment-thumbnail size-thumbnail\" alt=\"\" srcset=\"https:\/\/www3.unicentro.br\/irati\/wp-content\/uploads\/sites\/89\/2025\/06\/DSC_0778-150x150.jpg 150w, https:\/\/www3.unicentro.br\/irati\/wp-content\/uploads\/sites\/89\/2025\/06\/DSC_0778-50x50.jpg 50w, https:\/\/www3.unicentro.br\/irati\/wp-content\/uploads\/sites\/89\/2025\/06\/DSC_0778-80x80.jpg 80w, https:\/\/www3.unicentro.br\/irati\/wp-content\/uploads\/sites\/89\/2025\/06\/DSC_0778-263x263.jpg 263w, https:\/\/www3.unicentro.br\/irati\/wp-content\/uploads\/sites\/89\/2025\/06\/DSC_0778-100x100.jpg 100w, https:\/\/www3.unicentro.br\/irati\/wp-content\/uploads\/sites\/89\/2025\/06\/DSC_0778-526x526.jpg 526w\" sizes=\"auto, (max-width: 96px) 100vw, 96px\" \/><\/a>\n\t\t\t<\/dt><\/dl><dl class='gallery-item'>\n\t\t\t<dt class='gallery-icon landscape'>\n\t\t\t\t<a href='https:\/\/www3.unicentro.br\/irati\/2025\/06\/10\/arraiaversario-abre-as-comemoracoes-dos-35-anos-da-unicentro-no-campus-de-irati\/dsc_0769\/'><img loading=\"lazy\" decoding=\"async\" width=\"96\" height=\"96\" src=\"https:\/\/www3.unicentro.br\/irati\/wp-content\/uploads\/sites\/89\/2025\/06\/DSC_0769-150x150.jpg\" class=\"attachment-thumbnail size-thumbnail\" alt=\"\" srcset=\"https:\/\/www3.unicentro.br\/irati\/wp-content\/uploads\/sites\/89\/2025\/06\/DSC_0769-150x150.jpg 150w, https:\/\/www3.unicentro.br\/irati\/wp-content\/uploads\/sites\/89\/2025\/06\/DSC_0769-50x50.jpg 50w, https:\/\/www3.unicentro.br\/irati\/wp-content\/uploads\/sites\/89\/2025\/06\/DSC_0769-80x80.jpg 80w, https:\/\/www3.unicentro.br\/irati\/wp-content\/uploads\/sites\/89\/2025\/06\/DSC_0769-263x263.jpg 263w, https:\/\/www3.unicentro.br\/irati\/wp-content\/uploads\/sites\/89\/2025\/06\/DSC_0769-100x100.jpg 100w, https:\/\/www3.unicentro.br\/irati\/wp-content\/uploads\/sites\/89\/2025\/06\/DSC_0769-526x526.jpg 526w\" sizes=\"auto, (max-width: 96px) 100vw, 96px\" \/><\/a>\n\t\t\t<\/dt><\/dl><dl class='gallery-item'>\n\t\t\t<dt class='gallery-icon landscape'>\n\t\t\t\t<a href='https:\/\/www3.unicentro.br\/irati\/2025\/06\/10\/arraiaversario-abre-as-comemoracoes-dos-35-anos-da-unicentro-no-campus-de-irati\/dsc_0767-2\/'><img loading=\"lazy\" decoding=\"async\" width=\"96\" height=\"96\" src=\"https:\/\/www3.unicentro.br\/irati\/wp-content\/uploads\/sites\/89\/2025\/06\/DSC_0767-150x150.jpg\" class=\"attachment-thumbnail size-thumbnail\" alt=\"\" srcset=\"https:\/\/www3.unicentro.br\/irati\/wp-content\/uploads\/sites\/89\/2025\/06\/DSC_0767-150x150.jpg 150w, https:\/\/www3.unicentro.br\/irati\/wp-content\/uploads\/sites\/89\/2025\/06\/DSC_0767-50x50.jpg 50w, https:\/\/www3.unicentro.br\/irati\/wp-content\/uploads\/sites\/89\/2025\/06\/DSC_0767-80x80.jpg 80w, https:\/\/www3.unicentro.br\/irati\/wp-content\/uploads\/sites\/89\/2025\/06\/DSC_0767-263x263.jpg 263w, https:\/\/www3.unicentro.br\/irati\/wp-content\/uploads\/sites\/89\/2025\/06\/DSC_0767-100x100.jpg 100w, https:\/\/www3.unicentro.br\/irati\/wp-content\/uploads\/sites\/89\/2025\/06\/DSC_0767-526x526.jpg 526w\" sizes=\"auto, (max-width: 96px) 100vw, 96px\" \/><\/a>\n\t\t\t<\/dt><\/dl><br style=\"clear: both\" \/>\n\t\t<\/div>\n\n<p><a href=\"http:\/\/unicentro.br\/fotos\"><span style=\"color: #808000\"><strong>As fotos do evento est\u00e3o dispon\u00edveis no Banco de Imagens da Unicentro<\/strong><\/span><\/a><\/p>\n<p style=\"text-align: justify\"><span style=\"font-size: 8pt\"><i><span style=\"font-weight: 400\">Por Wyllian Correa<\/span><\/i><\/span><\/p>\n<div><\/div>\n<div>\n<hr \/>\n<p style=\"text-align: justify\"><span style=\"color: #808000\"><strong>Voc\u00ea j\u00e1 conhece o canal de transmiss\u00e3o da Unicentro no WhatsApp?<\/strong><\/span><\/p>\n<p style=\"text-align: justify\">L\u00e1, voc\u00ea encontra not\u00edcias fresquinhas e em primeira m\u00e3o, al\u00e9m de comunicados oficiais, eventos, conquistas da galera e muito mais!\u00a0<span style=\"color: #808000\"><strong><a style=\"color: #808000\" href=\"https:\/\/whatsapp.com\/channel\/0029VaBQlmUEVccJs6JPNB0N\">Clique aqui<\/a><\/strong>\u00a0<\/span>para participar e fique por dentro de tudo o que \u00e9 destaque na nossa universidade.<\/p>\n<\/div>\n","protected":false},"excerpt":{"rendered":"<p>Evento anima a comunidade acad\u00eamica nesta ter\u00e7a-feira (10) com muita m\u00fasica, brincadeiras e comidas t\u00edpicas.<\/p>\n","protected":false},"author":578,"featured_media":0,"comment_status":"open","ping_status":"open","sticky":false,"template":"","format":"standard","meta":{"_exactmetrics_skip_tracking":false,"_exactmetrics_sitenote_active":false,"_exactmetrics_sitenote_note":"","_exactmetrics_sitenote_category":0,"fifu_image_url":"","fifu_image_alt":"","footnotes":"","_links_to":"","_links_to_target":""},"categories":[2],"tags":[],"class_list":["post-10030","post","type-post","status-publish","format-standard","hentry","category-noticias"],"_links":{"self":[{"href":"https:\/\/www3.unicentro.br\/irati\/wp-json\/wp\/v2\/posts\/10030","targetHints":{"allow":["GET"]}}],"collection":[{"href":"https:\/\/www3.unicentro.br\/irati\/wp-json\/wp\/v2\/posts"}],"about":[{"href":"https:\/\/www3.unicentro.br\/irati\/wp-json\/wp\/v2\/types\/post"}],"author":[{"embeddable":true,"href":"https:\/\/www3.unicentro.br\/irati\/wp-json\/wp\/v2\/users\/578"}],"replies":[{"embeddable":true,"href":"https:\/\/www3.unicentro.br\/irati\/wp-json\/wp\/v2\/comments?post=10030"}],"version-history":[{"count":2,"href":"https:\/\/www3.unicentro.br\/irati\/wp-json\/wp\/v2\/posts\/10030\/revisions"}],"predecessor-version":[{"id":10045,"href":"https:\/\/www3.unicentro.br\/irati\/wp-json\/wp\/v2\/posts\/10030\/revisions\/10045"}],"wp:attachment":[{"href":"https:\/\/www3.unicentro.br\/irati\/wp-json\/wp\/v2\/media?parent=10030"}],"wp:term":[{"taxonomy":"category","embeddable":true,"href":"https:\/\/www3.unicentro.br\/irati\/wp-json\/wp\/v2\/categories?post=10030"},{"taxonomy":"post_tag","embeddable":true,"href":"https:\/\/www3.unicentro.br\/irati\/wp-json\/wp\/v2\/tags?post=10030"}],"curies":[{"name":"wp","href":"https:\/\/api.w.org\/{rel}","templated":true}]}}