{"id":10025,"date":"2025-06-06T18:13:37","date_gmt":"2025-06-06T21:13:37","guid":{"rendered":"https:\/\/www3.unicentro.br\/irati\/2025\/06\/06\/projeto-da-unicentro-orienta-maes-e-pais-sobre-o-uso-de-telas-na-primeira-infancia\/"},"modified":"2025-06-06T18:13:37","modified_gmt":"2025-06-06T21:13:37","slug":"projeto-da-unicentro-orienta-maes-e-pais-sobre-o-uso-de-telas-na-primeira-infancia","status":"publish","type":"post","link":"https:\/\/www3.unicentro.br\/irati\/2025\/06\/06\/projeto-da-unicentro-orienta-maes-e-pais-sobre-o-uso-de-telas-na-primeira-infancia\/","title":{"rendered":"Projeto da Unicentro orienta m\u00e3es e pais sobre o uso de telas na primeira inf\u00e2ncia"},"content":{"rendered":"<p style=\"text-align: justify\"><span style=\"font-weight: 400\">Destinado a respons\u00e1veis por crian\u00e7as de at\u00e9 6 anos de idade, o projeto &#8220;Uso de Telas e Parentalidade&#8221; est\u00e1 com inscri\u00e7\u00f5es abertas para as discuss\u00f5es em grupo no C\u00e2mpus de Irati da Universidade Estadual do Centro-Oeste (Unicentro). Promovida pelo Departamento de Psicologia (Depsi), a iniciativa busca ajudar m\u00e3es e pais a orientar e proteger seus filhos em rela\u00e7\u00e3o \u00e0 utiliza\u00e7\u00e3o de celulares, tablets e outras tecnologias durante a primeira inf\u00e2ncia.<\/span><\/p>\n<p style=\"text-align: justify\"><span style=\"font-weight: 400\">De acordo com a coordenadora do projeto, professora Caroline Guisantes De Salvo Toni, essa tem sido uma preocupa\u00e7\u00e3o crescente no mundo todo. Segundo ela, o pr\u00f3prio Servi\u00e7o-Escola de Psicologia da Unicentro (Sepsico) tem atendido muitas crian\u00e7as com dificuldades comportamentais que est\u00e3o associadas \u00e0 presen\u00e7a exagerada das m\u00eddias digitais e \u00e0 exposi\u00e7\u00e3o de conte\u00fados inadequados desde muito cedo.\u00a0<\/span><\/p>\n<p style=\"text-align: justify\"><span style=\"font-weight: 400\">\u201cPensando em um c\u00e9rebro em desenvolvimento, o uso excessivo de telas acaba reconfigurando a forma como o \u00f3rg\u00e3o funciona, impedindo que algumas fun\u00e7\u00f5es mentais complexas se desenvolvam. Ent\u00e3o, pensando nisso, a gente resolveu trabalhar com os pais, que s\u00e3o quem pode mediar isso e construir um contexto desenvolvimental mais seguro e respons\u00e1vel para a crian\u00e7a\u201d, comenta Caroline.<\/span><\/p>\n<p style=\"text-align: justify\"><span style=\"font-weight: 400\">Como explica a docente, a ideia \u00e9 que os pais reflitam sobre suas pr\u00e1ticas educativas e aprendam a analisar quais conte\u00fados s\u00e3o adequados ou n\u00e3o para cada idade, assim como de que forma eles podem mediar ou mesmo restringir o acesso aos aparelhos para um uso saud\u00e1vel das telas.<\/span><\/p>\n<p style=\"text-align: justify\"><span style=\"font-weight: 400\">Ao todo, ser\u00e3o tr\u00eas encontros \u00e0s segundas-feiras, nos dias 16, 23 e 30 de junho, \u00e0s 19h, no Servi\u00e7o-Escola de Psicologia. Durante os grupos, que t\u00eam at\u00e9 1h30min de dura\u00e7\u00e3o, haver\u00e1 um espa\u00e7o espec\u00edfico no Sepsico para receber os filhos dos participantes, que v\u00e3o poder brincar e participar de atividades organizadas pela equipe do projeto.<\/span><\/p>\n<p style=\"text-align: justify\"><span style=\"font-weight: 400\">\u201cS\u00e3o atividades direcionadas ao desenvolvimento de habilidades socioemocionais, que envolvem o reconhecimento de emo\u00e7\u00f5es b\u00e1sicas, a percep\u00e7\u00e3o do pr\u00f3prio corpo e algumas estrat\u00e9gias de autorregula\u00e7\u00e3o que a gente constr\u00f3i com a crian\u00e7a, a partir do pr\u00f3prio brincar\u201d, detalha a professora.<\/span><\/p>\n<p style=\"text-align: justify\"><span style=\"font-weight: 400\">As inscri\u00e7\u00f5es para o grupo de pais s\u00e3o gratuitas e podem ser feitas pelo <\/span><a href=\"https:\/\/unicentro.br\/grupopais\"><b>formul\u00e1rio dispon\u00edvel no link.<\/b><\/a> <span style=\"font-weight: 400\">Em caso de d\u00favidas, \u00e9 poss\u00edvel entrar em contato com o Servi\u00e7o-Escola de Psicologia da Unicentro pelo WhatsApp (42) 98822-5141.<\/span><\/p>\n<p style=\"text-align: justify\"><b>\u201c<\/b><span style=\"font-weight: 400\">N\u00f3s temos dez vagas para esse primeiro grupo, mas caso tenhamos uma procura maior, iremos construir novos grupos, em outros hor\u00e1rios\u201d, refor\u00e7a Caroline.<\/span><\/p>\n<p style=\"text-align: justify\">\n<div class=\"wp-block-image\" style=\"text-align: justify\"><em>Por Wyllian Correa<br \/>\n<\/em><\/div>\n<div><\/div>\n<div><em>Foto: Freepik<\/em><\/div>\n<div>\n<hr \/>\n<p style=\"text-align: justify\"><span style=\"color: #808000\"><strong>Voc\u00ea j\u00e1 conhece o canal de transmiss\u00e3o da Unicentro no WhatsApp?<\/strong><\/span><\/p>\n<p style=\"text-align: justify\">L\u00e1, voc\u00ea encontra not\u00edcias fresquinhas e em primeira m\u00e3o, al\u00e9m de comunicados oficiais, eventos, conquistas da galera e muito mais!\u00a0<span style=\"color: #808000\"><strong><a style=\"color: #808000\" href=\"https:\/\/whatsapp.com\/channel\/0029VaBQlmUEVccJs6JPNB0N\">Clique aqui<\/a><\/strong>\u00a0<\/span>para participar e fique por dentro de tudo o que \u00e9 destaque na nossa universidade.<\/p>\n<\/div>\n","protected":false},"excerpt":{"rendered":"<p>Grupo vai se reunir semanalmente com respons\u00e1veis por crian\u00e7as de at\u00e9 6 anos de idade no Servi\u00e7o-Escola de Psicologia do C\u00e2mpus de Irati.<\/p>\n","protected":false},"author":578,"featured_media":0,"comment_status":"open","ping_status":"open","sticky":false,"template":"","format":"standard","meta":{"_exactmetrics_skip_tracking":false,"_exactmetrics_sitenote_active":false,"_exactmetrics_sitenote_note":"","_exactmetrics_sitenote_category":0,"fifu_image_url":"https:\/\/www3.unicentro.br\/noticias\/wp-content\/uploads\/sites\/3\/2025\/06\/crianca-com-tiro-medio-segurando-o-telefone-scaled.jpg","fifu_image_alt":"","footnotes":"","_links_to":"","_links_to_target":""},"categories":[2],"tags":[],"class_list":["post-10025","post","type-post","status-publish","format-standard","hentry","category-noticias"],"_links":{"self":[{"href":"https:\/\/www3.unicentro.br\/irati\/wp-json\/wp\/v2\/posts\/10025","targetHints":{"allow":["GET"]}}],"collection":[{"href":"https:\/\/www3.unicentro.br\/irati\/wp-json\/wp\/v2\/posts"}],"about":[{"href":"https:\/\/www3.unicentro.br\/irati\/wp-json\/wp\/v2\/types\/post"}],"author":[{"embeddable":true,"href":"https:\/\/www3.unicentro.br\/irati\/wp-json\/wp\/v2\/users\/578"}],"replies":[{"embeddable":true,"href":"https:\/\/www3.unicentro.br\/irati\/wp-json\/wp\/v2\/comments?post=10025"}],"version-history":[{"count":0,"href":"https:\/\/www3.unicentro.br\/irati\/wp-json\/wp\/v2\/posts\/10025\/revisions"}],"wp:attachment":[{"href":"https:\/\/www3.unicentro.br\/irati\/wp-json\/wp\/v2\/media?parent=10025"}],"wp:term":[{"taxonomy":"category","embeddable":true,"href":"https:\/\/www3.unicentro.br\/irati\/wp-json\/wp\/v2\/categories?post=10025"},{"taxonomy":"post_tag","embeddable":true,"href":"https:\/\/www3.unicentro.br\/irati\/wp-json\/wp\/v2\/tags?post=10025"}],"curies":[{"name":"wp","href":"https:\/\/api.w.org\/{rel}","templated":true}]}}