{"id":473,"date":"2021-12-19T08:12:55","date_gmt":"2021-12-19T11:12:55","guid":{"rendered":"https:\/\/www3.unicentro.br\/galeriavirtual\/?p=473"},"modified":"2021-12-20T09:42:10","modified_gmt":"2021-12-20T12:42:10","slug":"nao-racismo-pandemia-coronavirus-poder-silencioso-preconceito-respeite-as-diferencas-nao-apaga-sua-luz","status":"publish","type":"post","link":"https:\/\/www3.unicentro.br\/galeriavirtual\/2021\/12\/19\/nao-racismo-pandemia-coronavirus-poder-silencioso-preconceito-respeite-as-diferencas-nao-apaga-sua-luz\/","title":{"rendered":"N\u00e3o racismo; Pandemia Coronav\u00edrus; Poder Silencioso;  Preconceito Respeite as Diferen\u00e7as; N\u00e3o apaga sua luz"},"content":{"rendered":"<p>Lembrando do passado, nunca esque\u00e7o at\u00e9 hoje, tenho percebido que sou capaz de mostrar a for\u00e7a e como forma de uma surda conseguir expressar sua imagina\u00e7\u00e3o nos desenhos com objetivo de mostrar para todos admirar sua arte, percebi em meu cora\u00e7\u00e3o a qualidade, a imagina\u00e7\u00e3o a vis\u00e3o dentro que preciso liberar arte diversidade. Ano que fiz T\u00e9cnica usada por mim, l\u00e1pis 6B e caneta e papel bloco aquarela, art\u00edsticos superf\u00edcie de tela. Usar sempre a imagina\u00e7\u00e3o, ser criativa, s\u00f3 assim voc\u00ea ser\u00e1 capaz de expressar sentimentos na arte, ter um olhar po\u00e9tico, desenhar e uma forma de se expressar. Artes Visuais \u00e9 designa\u00e7\u00e3o dado ao conjunto real de artes que representam o mundo real ou imagin\u00e1rio e que tem vis\u00e3o como principal forma de avalia\u00e7\u00e3o a relacionada com a beleza est\u00e9tica e com a criatividade do ser humano, capaz de criar manifesta\u00e7\u00f5es ou obras agrad\u00e1veis aos olhos.<\/p>\n<p>&nbsp;<\/p>\n<div id=\"attachment_474\" style=\"width: 730px\" class=\"wp-caption aligncenter\"><img loading=\"lazy\" decoding=\"async\" aria-describedby=\"caption-attachment-474\" class=\"wp-image-474 size-full\" src=\"https:\/\/www3.unicentro.br\/galeriavirtual\/wp-content\/uploads\/sites\/102\/2021\/12\/Daiana4.jpeg\" alt=\"\" width=\"720\" height=\"895\" srcset=\"https:\/\/www3.unicentro.br\/galeriavirtual\/wp-content\/uploads\/sites\/102\/2021\/12\/Daiana4.jpeg 720w, https:\/\/www3.unicentro.br\/galeriavirtual\/wp-content\/uploads\/sites\/102\/2021\/12\/Daiana4-241x300.jpeg 241w, https:\/\/www3.unicentro.br\/galeriavirtual\/wp-content\/uploads\/sites\/102\/2021\/12\/Daiana4-255x317.jpeg 255w\" sizes=\"auto, (max-width: 720px) 100vw, 720px\" \/><p id=\"caption-attachment-474\" class=\"wp-caption-text\">N\u00e3o racismo &#8211; Artista: Dayana Ap \u00b0Campos Santos<\/p><\/div>\n<div id=\"attachment_475\" style=\"width: 730px\" class=\"wp-caption aligncenter\"><img loading=\"lazy\" decoding=\"async\" aria-describedby=\"caption-attachment-475\" class=\"wp-image-475 size-full\" src=\"https:\/\/www3.unicentro.br\/galeriavirtual\/wp-content\/uploads\/sites\/102\/2021\/12\/Daiana5.jpeg\" alt=\"\" width=\"720\" height=\"899\" srcset=\"https:\/\/www3.unicentro.br\/galeriavirtual\/wp-content\/uploads\/sites\/102\/2021\/12\/Daiana5.jpeg 720w, https:\/\/www3.unicentro.br\/galeriavirtual\/wp-content\/uploads\/sites\/102\/2021\/12\/Daiana5-240x300.jpeg 240w, https:\/\/www3.unicentro.br\/galeriavirtual\/wp-content\/uploads\/sites\/102\/2021\/12\/Daiana5-255x318.jpeg 255w\" sizes=\"auto, (max-width: 720px) 100vw, 720px\" \/><p id=\"caption-attachment-475\" class=\"wp-caption-text\">Pandemia Coronav\u00edrus &#8211; Dayana Ap \u00b0Campos Santos<\/p><\/div>\n<div id=\"attachment_477\" style=\"width: 847px\" class=\"wp-caption aligncenter\"><img loading=\"lazy\" decoding=\"async\" aria-describedby=\"caption-attachment-477\" class=\"wp-image-477 size-full\" src=\"https:\/\/www3.unicentro.br\/galeriavirtual\/wp-content\/uploads\/sites\/102\/2021\/12\/Daiana2.jpeg\" alt=\"\" width=\"837\" height=\"1200\" srcset=\"https:\/\/www3.unicentro.br\/galeriavirtual\/wp-content\/uploads\/sites\/102\/2021\/12\/Daiana2.jpeg 837w, https:\/\/www3.unicentro.br\/galeriavirtual\/wp-content\/uploads\/sites\/102\/2021\/12\/Daiana2-209x300.jpeg 209w, https:\/\/www3.unicentro.br\/galeriavirtual\/wp-content\/uploads\/sites\/102\/2021\/12\/Daiana2-714x1024.jpeg 714w, https:\/\/www3.unicentro.br\/galeriavirtual\/wp-content\/uploads\/sites\/102\/2021\/12\/Daiana2-768x1101.jpeg 768w, https:\/\/www3.unicentro.br\/galeriavirtual\/wp-content\/uploads\/sites\/102\/2021\/12\/Daiana2-255x366.jpeg 255w\" sizes=\"auto, (max-width: 837px) 100vw, 837px\" \/><p id=\"caption-attachment-477\" class=\"wp-caption-text\">Poder Silencioso &#8211; Artista: Dayana Ap \u00b0Campos Santos<\/p><\/div>\n<div id=\"attachment_478\" style=\"width: 1390px\" class=\"wp-caption aligncenter\"><img loading=\"lazy\" decoding=\"async\" aria-describedby=\"caption-attachment-478\" class=\"wp-image-478 size-full\" src=\"https:\/\/www3.unicentro.br\/galeriavirtual\/wp-content\/uploads\/sites\/102\/2021\/12\/Daiana3.jpeg\" alt=\"\" width=\"1380\" height=\"937\" srcset=\"https:\/\/www3.unicentro.br\/galeriavirtual\/wp-content\/uploads\/sites\/102\/2021\/12\/Daiana3.jpeg 1380w, https:\/\/www3.unicentro.br\/galeriavirtual\/wp-content\/uploads\/sites\/102\/2021\/12\/Daiana3-300x204.jpeg 300w, https:\/\/www3.unicentro.br\/galeriavirtual\/wp-content\/uploads\/sites\/102\/2021\/12\/Daiana3-1024x695.jpeg 1024w, https:\/\/www3.unicentro.br\/galeriavirtual\/wp-content\/uploads\/sites\/102\/2021\/12\/Daiana3-768x521.jpeg 768w, https:\/\/www3.unicentro.br\/galeriavirtual\/wp-content\/uploads\/sites\/102\/2021\/12\/Daiana3-255x173.jpeg 255w\" sizes=\"auto, (max-width: 1380px) 100vw, 1380px\" \/><p id=\"caption-attachment-478\" class=\"wp-caption-text\">Preconceito Respeite as Diferen\u00e7as &#8211; Artista: Dayana Ap \u00b0Campos Santos<\/p><\/div>\n<div id=\"attachment_476\" style=\"width: 832px\" class=\"wp-caption aligncenter\"><img loading=\"lazy\" decoding=\"async\" aria-describedby=\"caption-attachment-476\" class=\"wp-image-476 size-full\" src=\"https:\/\/www3.unicentro.br\/galeriavirtual\/wp-content\/uploads\/sites\/102\/2021\/12\/Daiana.jpeg\" alt=\"\" width=\"822\" height=\"1200\" srcset=\"https:\/\/www3.unicentro.br\/galeriavirtual\/wp-content\/uploads\/sites\/102\/2021\/12\/Daiana.jpeg 822w, https:\/\/www3.unicentro.br\/galeriavirtual\/wp-content\/uploads\/sites\/102\/2021\/12\/Daiana-206x300.jpeg 206w, https:\/\/www3.unicentro.br\/galeriavirtual\/wp-content\/uploads\/sites\/102\/2021\/12\/Daiana-701x1024.jpeg 701w, https:\/\/www3.unicentro.br\/galeriavirtual\/wp-content\/uploads\/sites\/102\/2021\/12\/Daiana-768x1121.jpeg 768w, https:\/\/www3.unicentro.br\/galeriavirtual\/wp-content\/uploads\/sites\/102\/2021\/12\/Daiana-255x372.jpeg 255w\" sizes=\"auto, (max-width: 822px) 100vw, 822px\" \/><p id=\"caption-attachment-476\" class=\"wp-caption-text\">N\u00e3o apaga sua luz &#8211; Artista: Dayana Ap \u00b0Campos Santos<\/p><\/div>\n","protected":false},"excerpt":{"rendered":"<p>Lembrando do passado, nunca esque\u00e7o at\u00e9 hoje, tenho percebido que sou capaz de mostrar a for\u00e7a e como forma de uma surda conseguir expressar sua imagina\u00e7\u00e3o nos desenhos com objetivo de mostrar para todos admirar sua arte, percebi em meu cora\u00e7\u00e3o a qualidade, a imagina\u00e7\u00e3o a vis\u00e3o dentro que preciso liberar arte diversidade. Ano que [&hellip;]<\/p>\n","protected":false},"author":481,"featured_media":0,"comment_status":"open","ping_status":"open","sticky":false,"template":"","format":"standard","meta":{"_exactmetrics_skip_tracking":false,"_exactmetrics_sitenote_active":false,"_exactmetrics_sitenote_note":"","_exactmetrics_sitenote_category":0,"footnotes":"","_links_to":"","_links_to_target":""},"categories":[59],"tags":[],"class_list":["post-473","post","type-post","status-publish","format-standard","hentry","category-mostra-de-artes-2021-2o-semestre"],"_links":{"self":[{"href":"https:\/\/www3.unicentro.br\/galeriavirtual\/wp-json\/wp\/v2\/posts\/473","targetHints":{"allow":["GET"]}}],"collection":[{"href":"https:\/\/www3.unicentro.br\/galeriavirtual\/wp-json\/wp\/v2\/posts"}],"about":[{"href":"https:\/\/www3.unicentro.br\/galeriavirtual\/wp-json\/wp\/v2\/types\/post"}],"author":[{"embeddable":true,"href":"https:\/\/www3.unicentro.br\/galeriavirtual\/wp-json\/wp\/v2\/users\/481"}],"replies":[{"embeddable":true,"href":"https:\/\/www3.unicentro.br\/galeriavirtual\/wp-json\/wp\/v2\/comments?post=473"}],"version-history":[{"count":0,"href":"https:\/\/www3.unicentro.br\/galeriavirtual\/wp-json\/wp\/v2\/posts\/473\/revisions"}],"wp:attachment":[{"href":"https:\/\/www3.unicentro.br\/galeriavirtual\/wp-json\/wp\/v2\/media?parent=473"}],"wp:term":[{"taxonomy":"category","embeddable":true,"href":"https:\/\/www3.unicentro.br\/galeriavirtual\/wp-json\/wp\/v2\/categories?post=473"},{"taxonomy":"post_tag","embeddable":true,"href":"https:\/\/www3.unicentro.br\/galeriavirtual\/wp-json\/wp\/v2\/tags?post=473"}],"curies":[{"name":"wp","href":"https:\/\/api.w.org\/{rel}","templated":true}]}}