{"id":468,"date":"2021-12-19T08:03:00","date_gmt":"2021-12-19T11:03:00","guid":{"rendered":"https:\/\/www3.unicentro.br\/galeriavirtual\/?p=468"},"modified":"2021-12-20T09:39:33","modified_gmt":"2021-12-20T12:39:33","slug":"nefasta-abdicacao","status":"publish","type":"post","link":"https:\/\/www3.unicentro.br\/galeriavirtual\/2021\/12\/19\/nefasta-abdicacao\/","title":{"rendered":"Nefasta Abdica\u00e7\u00e3o"},"content":{"rendered":"<p style=\"text-align: justify\">A compila\u00e7\u00e3o &#8220;Nefasta Abdica\u00e7\u00e3o&#8221; veio a tona a partir das coletas fotogr\u00e1ficas e liter\u00e1rias da autora (Let\u00edcia Machado). A sua proposta \u00e9 acerca da abdica\u00e7\u00e3o que fazemos para nos encaixarmos e nos conectarmos em outro algu\u00e9m, deixando de lado nosso intimo e pessoal, mesmo que isso n\u00e3o traga retorno. \u00c9 sobre um processo que visa a po\u00e9tica pessoal das min\u00fasculas coisas que n\u00e3o puderam ser ditas a &#8220;um algu\u00e9m querido&#8221;. Para a cria\u00e7\u00e3o da vers\u00e3o foram utilizados artistas de linguagens difundidas como Pablo Neruda, Bergson, alguns artistas independentes da fotografia, al\u00e9m de \u00e1lbuns musicais selecionados que transcendessem de mem\u00f3rias e lembran\u00e7as v\u00edvidas para a produ\u00e7\u00e3o.<\/p>\n<p>&nbsp;<\/p>\n<div id=\"attachment_469\" style=\"width: 1149px\" class=\"wp-caption aligncenter\"><img loading=\"lazy\" decoding=\"async\" aria-describedby=\"caption-attachment-469\" class=\"wp-image-469 size-full\" src=\"https:\/\/www3.unicentro.br\/galeriavirtual\/wp-content\/uploads\/sites\/102\/2021\/12\/2021-10-22-07.32.31-1.jpg\" alt=\"\" width=\"1139\" height=\"1200\" srcset=\"https:\/\/www3.unicentro.br\/galeriavirtual\/wp-content\/uploads\/sites\/102\/2021\/12\/2021-10-22-07.32.31-1.jpg 1139w, https:\/\/www3.unicentro.br\/galeriavirtual\/wp-content\/uploads\/sites\/102\/2021\/12\/2021-10-22-07.32.31-1-285x300.jpg 285w, https:\/\/www3.unicentro.br\/galeriavirtual\/wp-content\/uploads\/sites\/102\/2021\/12\/2021-10-22-07.32.31-1-972x1024.jpg 972w, https:\/\/www3.unicentro.br\/galeriavirtual\/wp-content\/uploads\/sites\/102\/2021\/12\/2021-10-22-07.32.31-1-768x809.jpg 768w, https:\/\/www3.unicentro.br\/galeriavirtual\/wp-content\/uploads\/sites\/102\/2021\/12\/2021-10-22-07.32.31-1-255x269.jpg 255w\" sizes=\"auto, (max-width: 1139px) 100vw, 1139px\" \/><p id=\"caption-attachment-469\" class=\"wp-caption-text\">Nefasta Abdica\u00e7\u00e3o &#8211; Artista: Let\u00edcia Queir\u00f3s Machado<\/p><\/div>\n<div id=\"attachment_470\" style=\"width: 910px\" class=\"wp-caption aligncenter\"><img loading=\"lazy\" decoding=\"async\" aria-describedby=\"caption-attachment-470\" class=\"wp-image-470 size-full\" src=\"https:\/\/www3.unicentro.br\/galeriavirtual\/wp-content\/uploads\/sites\/102\/2021\/12\/2021-10-22-09.14.27-1.jpg\" alt=\"\" width=\"900\" height=\"1200\" srcset=\"https:\/\/www3.unicentro.br\/galeriavirtual\/wp-content\/uploads\/sites\/102\/2021\/12\/2021-10-22-09.14.27-1.jpg 900w, https:\/\/www3.unicentro.br\/galeriavirtual\/wp-content\/uploads\/sites\/102\/2021\/12\/2021-10-22-09.14.27-1-225x300.jpg 225w, https:\/\/www3.unicentro.br\/galeriavirtual\/wp-content\/uploads\/sites\/102\/2021\/12\/2021-10-22-09.14.27-1-768x1024.jpg 768w, https:\/\/www3.unicentro.br\/galeriavirtual\/wp-content\/uploads\/sites\/102\/2021\/12\/2021-10-22-09.14.27-1-255x340.jpg 255w\" sizes=\"auto, (max-width: 900px) 100vw, 900px\" \/><p id=\"caption-attachment-470\" class=\"wp-caption-text\">Nefasta Abdica\u00e7\u00e3o &#8211; Artista: Let\u00edcia Queir\u00f3s Machado<\/p><\/div>\n<div id=\"attachment_471\" style=\"width: 685px\" class=\"wp-caption aligncenter\"><img loading=\"lazy\" decoding=\"async\" aria-describedby=\"caption-attachment-471\" class=\"wp-image-471 size-full\" src=\"https:\/\/www3.unicentro.br\/galeriavirtual\/wp-content\/uploads\/sites\/102\/2021\/12\/2021-12-07-09.14.50-1.jpg\" alt=\"\" width=\"675\" height=\"1200\" srcset=\"https:\/\/www3.unicentro.br\/galeriavirtual\/wp-content\/uploads\/sites\/102\/2021\/12\/2021-12-07-09.14.50-1.jpg 675w, https:\/\/www3.unicentro.br\/galeriavirtual\/wp-content\/uploads\/sites\/102\/2021\/12\/2021-12-07-09.14.50-1-169x300.jpg 169w, https:\/\/www3.unicentro.br\/galeriavirtual\/wp-content\/uploads\/sites\/102\/2021\/12\/2021-12-07-09.14.50-1-576x1024.jpg 576w, https:\/\/www3.unicentro.br\/galeriavirtual\/wp-content\/uploads\/sites\/102\/2021\/12\/2021-12-07-09.14.50-1-255x453.jpg 255w\" sizes=\"auto, (max-width: 675px) 100vw, 675px\" \/><p id=\"caption-attachment-471\" class=\"wp-caption-text\">Nefasta Abdica\u00e7\u00e3o &#8211; Artista: Let\u00edcia Queir\u00f3s Machado<\/p><\/div>\n","protected":false},"excerpt":{"rendered":"<p>A compila\u00e7\u00e3o &#8220;Nefasta Abdica\u00e7\u00e3o&#8221; veio a tona a partir das coletas fotogr\u00e1ficas e liter\u00e1rias da autora (Let\u00edcia Machado). A sua proposta \u00e9 acerca da abdica\u00e7\u00e3o que fazemos para nos encaixarmos e nos conectarmos em outro algu\u00e9m, deixando de lado nosso intimo e pessoal, mesmo que isso n\u00e3o traga retorno. \u00c9 sobre um processo que visa [&hellip;]<\/p>\n","protected":false},"author":481,"featured_media":0,"comment_status":"open","ping_status":"open","sticky":false,"template":"","format":"standard","meta":{"_exactmetrics_skip_tracking":false,"_exactmetrics_sitenote_active":false,"_exactmetrics_sitenote_note":"","_exactmetrics_sitenote_category":0,"footnotes":"","_links_to":"","_links_to_target":""},"categories":[59],"tags":[],"class_list":["post-468","post","type-post","status-publish","format-standard","hentry","category-mostra-de-artes-2021-2o-semestre"],"_links":{"self":[{"href":"https:\/\/www3.unicentro.br\/galeriavirtual\/wp-json\/wp\/v2\/posts\/468","targetHints":{"allow":["GET"]}}],"collection":[{"href":"https:\/\/www3.unicentro.br\/galeriavirtual\/wp-json\/wp\/v2\/posts"}],"about":[{"href":"https:\/\/www3.unicentro.br\/galeriavirtual\/wp-json\/wp\/v2\/types\/post"}],"author":[{"embeddable":true,"href":"https:\/\/www3.unicentro.br\/galeriavirtual\/wp-json\/wp\/v2\/users\/481"}],"replies":[{"embeddable":true,"href":"https:\/\/www3.unicentro.br\/galeriavirtual\/wp-json\/wp\/v2\/comments?post=468"}],"version-history":[{"count":0,"href":"https:\/\/www3.unicentro.br\/galeriavirtual\/wp-json\/wp\/v2\/posts\/468\/revisions"}],"wp:attachment":[{"href":"https:\/\/www3.unicentro.br\/galeriavirtual\/wp-json\/wp\/v2\/media?parent=468"}],"wp:term":[{"taxonomy":"category","embeddable":true,"href":"https:\/\/www3.unicentro.br\/galeriavirtual\/wp-json\/wp\/v2\/categories?post=468"},{"taxonomy":"post_tag","embeddable":true,"href":"https:\/\/www3.unicentro.br\/galeriavirtual\/wp-json\/wp\/v2\/tags?post=468"}],"curies":[{"name":"wp","href":"https:\/\/api.w.org\/{rel}","templated":true}]}}