{"id":466,"date":"2021-12-19T07:58:37","date_gmt":"2021-12-19T10:58:37","guid":{"rendered":"https:\/\/www3.unicentro.br\/galeriavirtual\/?p=466"},"modified":"2021-12-20T09:38:25","modified_gmt":"2021-12-20T12:38:25","slug":"garota-sem-balao","status":"publish","type":"post","link":"https:\/\/www3.unicentro.br\/galeriavirtual\/2021\/12\/19\/garota-sem-balao\/","title":{"rendered":"Garota Sem Bal\u00e3o"},"content":{"rendered":"<p style=\"text-align: justify\">\u00a0A garota que perdeu o bal\u00e3o em Banksy na obra &#8220;Garota com bal\u00e3o&#8221; de 2014, cresceu e n\u00e3o o busca mais, o amor deixa de ser posse, nem est\u00e1 numa lixeira como em &#8220;Amor est\u00e1 numa lixeira, BANKSY, 2018). O amor \u00e9 aceito sendo livre, e a espera acontece com a admira\u00e7\u00e3o.<\/p>\n<p>&nbsp;<\/p>\n<div id=\"attachment_444\" style=\"width: 1210px\" class=\"wp-caption alignnone\"><img loading=\"lazy\" decoding=\"async\" aria-describedby=\"caption-attachment-444\" class=\"wp-image-444 size-full\" src=\"https:\/\/www3.unicentro.br\/galeriavirtual\/wp-content\/uploads\/sites\/102\/2021\/12\/bruna-Garota-sem-balao.jpeg\" alt=\"\" width=\"1200\" height=\"1200\" srcset=\"https:\/\/www3.unicentro.br\/galeriavirtual\/wp-content\/uploads\/sites\/102\/2021\/12\/bruna-Garota-sem-balao.jpeg 1200w, https:\/\/www3.unicentro.br\/galeriavirtual\/wp-content\/uploads\/sites\/102\/2021\/12\/bruna-Garota-sem-balao-300x300.jpeg 300w, https:\/\/www3.unicentro.br\/galeriavirtual\/wp-content\/uploads\/sites\/102\/2021\/12\/bruna-Garota-sem-balao-1024x1024.jpeg 1024w, https:\/\/www3.unicentro.br\/galeriavirtual\/wp-content\/uploads\/sites\/102\/2021\/12\/bruna-Garota-sem-balao-150x150.jpeg 150w, https:\/\/www3.unicentro.br\/galeriavirtual\/wp-content\/uploads\/sites\/102\/2021\/12\/bruna-Garota-sem-balao-768x768.jpeg 768w, https:\/\/www3.unicentro.br\/galeriavirtual\/wp-content\/uploads\/sites\/102\/2021\/12\/bruna-Garota-sem-balao-50x50.jpeg 50w, https:\/\/www3.unicentro.br\/galeriavirtual\/wp-content\/uploads\/sites\/102\/2021\/12\/bruna-Garota-sem-balao-80x80.jpeg 80w, https:\/\/www3.unicentro.br\/galeriavirtual\/wp-content\/uploads\/sites\/102\/2021\/12\/bruna-Garota-sem-balao-263x263.jpeg 263w, https:\/\/www3.unicentro.br\/galeriavirtual\/wp-content\/uploads\/sites\/102\/2021\/12\/bruna-Garota-sem-balao-100x100.jpeg 100w, https:\/\/www3.unicentro.br\/galeriavirtual\/wp-content\/uploads\/sites\/102\/2021\/12\/bruna-Garota-sem-balao-526x526.jpeg 526w, https:\/\/www3.unicentro.br\/galeriavirtual\/wp-content\/uploads\/sites\/102\/2021\/12\/bruna-Garota-sem-balao-255x255.jpeg 255w\" sizes=\"auto, (max-width: 1200px) 100vw, 1200px\" \/><p id=\"caption-attachment-444\" class=\"wp-caption-text\">Garota Sem Bal\u00e3o &#8211; Artista: Bruna Andressa Scandorieiro Jorge<\/p><\/div>\n<p style=\"text-align: center\">Acr\u00edlica e l\u00e1pis sobre madeira.<\/p>\n","protected":false},"excerpt":{"rendered":"<p>\u00a0A garota que perdeu o bal\u00e3o em Banksy na obra &#8220;Garota com bal\u00e3o&#8221; de 2014, cresceu e n\u00e3o o busca mais, o amor deixa de ser posse, nem est\u00e1 numa lixeira como em &#8220;Amor est\u00e1 numa lixeira, BANKSY, 2018). O amor \u00e9 aceito sendo livre, e a espera acontece com a admira\u00e7\u00e3o. &nbsp; Acr\u00edlica e [&hellip;]<\/p>\n","protected":false},"author":481,"featured_media":0,"comment_status":"open","ping_status":"open","sticky":false,"template":"","format":"standard","meta":{"_exactmetrics_skip_tracking":false,"_exactmetrics_sitenote_active":false,"_exactmetrics_sitenote_note":"","_exactmetrics_sitenote_category":0,"footnotes":"","_links_to":"","_links_to_target":""},"categories":[59],"tags":[],"class_list":["post-466","post","type-post","status-publish","format-standard","hentry","category-mostra-de-artes-2021-2o-semestre"],"_links":{"self":[{"href":"https:\/\/www3.unicentro.br\/galeriavirtual\/wp-json\/wp\/v2\/posts\/466","targetHints":{"allow":["GET"]}}],"collection":[{"href":"https:\/\/www3.unicentro.br\/galeriavirtual\/wp-json\/wp\/v2\/posts"}],"about":[{"href":"https:\/\/www3.unicentro.br\/galeriavirtual\/wp-json\/wp\/v2\/types\/post"}],"author":[{"embeddable":true,"href":"https:\/\/www3.unicentro.br\/galeriavirtual\/wp-json\/wp\/v2\/users\/481"}],"replies":[{"embeddable":true,"href":"https:\/\/www3.unicentro.br\/galeriavirtual\/wp-json\/wp\/v2\/comments?post=466"}],"version-history":[{"count":0,"href":"https:\/\/www3.unicentro.br\/galeriavirtual\/wp-json\/wp\/v2\/posts\/466\/revisions"}],"wp:attachment":[{"href":"https:\/\/www3.unicentro.br\/galeriavirtual\/wp-json\/wp\/v2\/media?parent=466"}],"wp:term":[{"taxonomy":"category","embeddable":true,"href":"https:\/\/www3.unicentro.br\/galeriavirtual\/wp-json\/wp\/v2\/categories?post=466"},{"taxonomy":"post_tag","embeddable":true,"href":"https:\/\/www3.unicentro.br\/galeriavirtual\/wp-json\/wp\/v2\/tags?post=466"}],"curies":[{"name":"wp","href":"https:\/\/api.w.org\/{rel}","templated":true}]}}