{"id":458,"date":"2021-12-17T16:37:35","date_gmt":"2021-12-17T19:37:35","guid":{"rendered":"https:\/\/www3.unicentro.br\/galeriavirtual\/?p=458"},"modified":"2021-12-20T09:32:36","modified_gmt":"2021-12-20T12:32:36","slug":"eleitor-n-172810201801","status":"publish","type":"post","link":"https:\/\/www3.unicentro.br\/galeriavirtual\/2021\/12\/17\/eleitor-n-172810201801\/","title":{"rendered":"&#8220;Eleitor N\u00b0 172810201801&#8221;"},"content":{"rendered":"<p style=\"text-align: justify\">O conceito chave de \u201cIlus\u00e3o\u201d permeia o trabalho \u201cEleitor 172810201801\u201d, , buscou-se trabalhar os conceitos de ang\u00fastia e morte, vividos nos \u00faltimos dois anos. Sabemos que sozinhos, sem o aux\u00edlio governamental, com vacinas e campanhas de sa\u00fade, n\u00e3o temos for\u00e7as para combatermos males como o COVID19. Assim, a possibilidade da morte pode acabar acarretando a impossibilidade do ser-a\u00ed, ou seja, a transcend\u00eancia humana o poder-ser, pode gerar uma possibilidade de n\u00e3o-ser como j\u00e1 explicava Heidegger. S\u00f3 conseguimos pensar a morte a partir do outro, portanto, a perda gera no vivente pr\u00f3ximo a ang\u00fastia, afinal, a nossa morte n\u00e3o tem uma data sabida para ocorrer. Por meio dessas representa\u00e7\u00f5es, idealizou-se como a pessoa pode, se iludir com promessas, falas e atitudes de pol\u00edticos.<\/p>\n<p>&nbsp;<\/p>\n<div id=\"attachment_441\" style=\"width: 1639px\" class=\"wp-caption aligncenter\"><img loading=\"lazy\" decoding=\"async\" aria-describedby=\"caption-attachment-441\" class=\"wp-image-441 size-full\" src=\"https:\/\/www3.unicentro.br\/galeriavirtual\/wp-content\/uploads\/sites\/102\/2021\/12\/Andre-Luiz-P-dos-Santos_Eleitor-172810201801_2021.jpeg\" alt=\"\" width=\"1629\" height=\"1200\" srcset=\"https:\/\/www3.unicentro.br\/galeriavirtual\/wp-content\/uploads\/sites\/102\/2021\/12\/Andre-Luiz-P-dos-Santos_Eleitor-172810201801_2021.jpeg 1629w, https:\/\/www3.unicentro.br\/galeriavirtual\/wp-content\/uploads\/sites\/102\/2021\/12\/Andre-Luiz-P-dos-Santos_Eleitor-172810201801_2021-300x221.jpeg 300w, https:\/\/www3.unicentro.br\/galeriavirtual\/wp-content\/uploads\/sites\/102\/2021\/12\/Andre-Luiz-P-dos-Santos_Eleitor-172810201801_2021-1024x754.jpeg 1024w, https:\/\/www3.unicentro.br\/galeriavirtual\/wp-content\/uploads\/sites\/102\/2021\/12\/Andre-Luiz-P-dos-Santos_Eleitor-172810201801_2021-768x566.jpeg 768w, https:\/\/www3.unicentro.br\/galeriavirtual\/wp-content\/uploads\/sites\/102\/2021\/12\/Andre-Luiz-P-dos-Santos_Eleitor-172810201801_2021-1536x1131.jpeg 1536w, https:\/\/www3.unicentro.br\/galeriavirtual\/wp-content\/uploads\/sites\/102\/2021\/12\/Andre-Luiz-P-dos-Santos_Eleitor-172810201801_2021-255x188.jpeg 255w\" sizes=\"auto, (max-width: 1629px) 100vw, 1629px\" \/><p id=\"caption-attachment-441\" class=\"wp-caption-text\">&#8220;Eleitor N\u00b0 172810201801&#8221; &#8211; Artista: Andr\u00e9 Luiz Pinto dos Santos<\/p><\/div>\n","protected":false},"excerpt":{"rendered":"<p>O conceito chave de \u201cIlus\u00e3o\u201d permeia o trabalho \u201cEleitor 172810201801\u201d, , buscou-se trabalhar os conceitos de ang\u00fastia e morte, vividos nos \u00faltimos dois anos. Sabemos que sozinhos, sem o aux\u00edlio governamental, com vacinas e campanhas de sa\u00fade, n\u00e3o temos for\u00e7as para combatermos males como o COVID19. Assim, a possibilidade da morte pode acabar acarretando a [&hellip;]<\/p>\n","protected":false},"author":481,"featured_media":0,"comment_status":"open","ping_status":"open","sticky":false,"template":"","format":"standard","meta":{"_exactmetrics_skip_tracking":false,"_exactmetrics_sitenote_active":false,"_exactmetrics_sitenote_note":"","_exactmetrics_sitenote_category":0,"footnotes":"","_links_to":"","_links_to_target":""},"categories":[59],"tags":[],"class_list":["post-458","post","type-post","status-publish","format-standard","hentry","category-mostra-de-artes-2021-2o-semestre"],"_links":{"self":[{"href":"https:\/\/www3.unicentro.br\/galeriavirtual\/wp-json\/wp\/v2\/posts\/458","targetHints":{"allow":["GET"]}}],"collection":[{"href":"https:\/\/www3.unicentro.br\/galeriavirtual\/wp-json\/wp\/v2\/posts"}],"about":[{"href":"https:\/\/www3.unicentro.br\/galeriavirtual\/wp-json\/wp\/v2\/types\/post"}],"author":[{"embeddable":true,"href":"https:\/\/www3.unicentro.br\/galeriavirtual\/wp-json\/wp\/v2\/users\/481"}],"replies":[{"embeddable":true,"href":"https:\/\/www3.unicentro.br\/galeriavirtual\/wp-json\/wp\/v2\/comments?post=458"}],"version-history":[{"count":0,"href":"https:\/\/www3.unicentro.br\/galeriavirtual\/wp-json\/wp\/v2\/posts\/458\/revisions"}],"wp:attachment":[{"href":"https:\/\/www3.unicentro.br\/galeriavirtual\/wp-json\/wp\/v2\/media?parent=458"}],"wp:term":[{"taxonomy":"category","embeddable":true,"href":"https:\/\/www3.unicentro.br\/galeriavirtual\/wp-json\/wp\/v2\/categories?post=458"},{"taxonomy":"post_tag","embeddable":true,"href":"https:\/\/www3.unicentro.br\/galeriavirtual\/wp-json\/wp\/v2\/tags?post=458"}],"curies":[{"name":"wp","href":"https:\/\/api.w.org\/{rel}","templated":true}]}}