{"id":456,"date":"2021-12-17T16:34:59","date_gmt":"2021-12-17T19:34:59","guid":{"rendered":"https:\/\/www3.unicentro.br\/galeriavirtual\/?p=456"},"modified":"2021-12-20T09:30:55","modified_gmt":"2021-12-20T12:30:55","slug":"exilio","status":"publish","type":"post","link":"https:\/\/www3.unicentro.br\/galeriavirtual\/2021\/12\/17\/exilio\/","title":{"rendered":"Ex\u00edlio"},"content":{"rendered":"<p style=\"text-align: justify\">Ex\u00edlio Era a minha pr\u00f3pria casa, Era o meu t\u00e3o sonhado lar, Mas agora estando longe de tudo e todos, me perdendo dentro de minha mente, tento me encontrar, com um n\u00f3 no peito, me aconchego. Sem afeto, me protejo com a aus\u00eancia, observo e no ex\u00edlio em que permane\u00e7o, a chorar me vejo.<\/p>\n<p>&nbsp;<\/p>\n<div id=\"attachment_435\" style=\"width: 483px\" class=\"wp-caption aligncenter\"><img loading=\"lazy\" decoding=\"async\" aria-describedby=\"caption-attachment-435\" class=\"wp-image-435 size-full\" src=\"https:\/\/www3.unicentro.br\/galeriavirtual\/wp-content\/uploads\/sites\/102\/2021\/12\/tauani.jpg\" alt=\"\" width=\"473\" height=\"696\" srcset=\"https:\/\/www3.unicentro.br\/galeriavirtual\/wp-content\/uploads\/sites\/102\/2021\/12\/tauani.jpg 473w, https:\/\/www3.unicentro.br\/galeriavirtual\/wp-content\/uploads\/sites\/102\/2021\/12\/tauani-204x300.jpg 204w, https:\/\/www3.unicentro.br\/galeriavirtual\/wp-content\/uploads\/sites\/102\/2021\/12\/tauani-255x375.jpg 255w\" sizes=\"auto, (max-width: 473px) 100vw, 473px\" \/><p id=\"caption-attachment-435\" class=\"wp-caption-text\">Ex\u00edlio &#8211; Artista: Tauani Karine da Silva<\/p><\/div>\n<p style=\"text-align: center\">Obra feita com aquarela e nanquim, e aplicada a t\u00e9cnica \u201cMolhado no Seco\u201d. Onde foi utilizada uma folha A5 (apresenta como medidas 14,8 cent\u00edmetros x 21 cent\u00edmetros) e possui 180 de gramatura.<\/p>\n","protected":false},"excerpt":{"rendered":"<p>Ex\u00edlio Era a minha pr\u00f3pria casa, Era o meu t\u00e3o sonhado lar, Mas agora estando longe de tudo e todos, me perdendo dentro de minha mente, tento me encontrar, com um n\u00f3 no peito, me aconchego. Sem afeto, me protejo com a aus\u00eancia, observo e no ex\u00edlio em que permane\u00e7o, a chorar me vejo. &nbsp; [&hellip;]<\/p>\n","protected":false},"author":481,"featured_media":0,"comment_status":"open","ping_status":"open","sticky":false,"template":"","format":"standard","meta":{"_exactmetrics_skip_tracking":false,"_exactmetrics_sitenote_active":false,"_exactmetrics_sitenote_note":"","_exactmetrics_sitenote_category":0,"footnotes":"","_links_to":"","_links_to_target":""},"categories":[59],"tags":[],"class_list":["post-456","post","type-post","status-publish","format-standard","hentry","category-mostra-de-artes-2021-2o-semestre"],"_links":{"self":[{"href":"https:\/\/www3.unicentro.br\/galeriavirtual\/wp-json\/wp\/v2\/posts\/456","targetHints":{"allow":["GET"]}}],"collection":[{"href":"https:\/\/www3.unicentro.br\/galeriavirtual\/wp-json\/wp\/v2\/posts"}],"about":[{"href":"https:\/\/www3.unicentro.br\/galeriavirtual\/wp-json\/wp\/v2\/types\/post"}],"author":[{"embeddable":true,"href":"https:\/\/www3.unicentro.br\/galeriavirtual\/wp-json\/wp\/v2\/users\/481"}],"replies":[{"embeddable":true,"href":"https:\/\/www3.unicentro.br\/galeriavirtual\/wp-json\/wp\/v2\/comments?post=456"}],"version-history":[{"count":0,"href":"https:\/\/www3.unicentro.br\/galeriavirtual\/wp-json\/wp\/v2\/posts\/456\/revisions"}],"wp:attachment":[{"href":"https:\/\/www3.unicentro.br\/galeriavirtual\/wp-json\/wp\/v2\/media?parent=456"}],"wp:term":[{"taxonomy":"category","embeddable":true,"href":"https:\/\/www3.unicentro.br\/galeriavirtual\/wp-json\/wp\/v2\/categories?post=456"},{"taxonomy":"post_tag","embeddable":true,"href":"https:\/\/www3.unicentro.br\/galeriavirtual\/wp-json\/wp\/v2\/tags?post=456"}],"curies":[{"name":"wp","href":"https:\/\/api.w.org\/{rel}","templated":true}]}}