{"id":450,"date":"2021-12-17T16:06:53","date_gmt":"2021-12-17T19:06:53","guid":{"rendered":"https:\/\/www3.unicentro.br\/galeriavirtual\/?p=450"},"modified":"2021-12-20T09:29:38","modified_gmt":"2021-12-20T12:29:38","slug":"450","status":"publish","type":"post","link":"https:\/\/www3.unicentro.br\/galeriavirtual\/2021\/12\/17\/450\/","title":{"rendered":"Dramas Humanos"},"content":{"rendered":"<p style=\"text-align: justify\">Atrav\u00e9s de desenhos e pinturas, \u201cDramas Humanos\u201d, a colet\u00e2nea, retrata as dificuldades humanas naquilo que elas t\u00eam de pr\u00f3prio, desespero, cr\u00edtica \u00e0 futilidade e ao conformismo. O inc\u00f4modo, a falta de perspectivas, o medo, a perda, o sentimento de n\u00e3o ser capaz o suficiente, a sensa\u00e7\u00e3o de estar no olho do furac\u00e3o ou de ser apenas um espantalho numa noite sombria se imp\u00f5e a cada momento. A cada tra\u00e7o, sempre que respiramos, algo dentro de n\u00f3s nos p\u00f5e em quest\u00e3o. Pode-se refletir sobre at\u00e9 onde o ser humano \u00e9 capaz de chegar e mesmo no que o faz desistir de chegar a algum lugar. Os tra\u00e7os simples em preto e branco declaram a crueza e simplicidade dos sujeitos, destacando suas pobrezas e denunciando, da mesma forma, sua pr\u00f3pria estima em d\u00favida ou decad\u00eancia. As cores, quando existem, trazem aos olhos sensa\u00e7\u00f5es intensas de uma turbul\u00eancia e pesar, a inevit\u00e1vel l\u00e1stima que cai sobre um mundo conturbado.<\/p>\n<div id=\"attachment_429\" style=\"width: 1330px\" class=\"wp-caption aligncenter\"><img loading=\"lazy\" decoding=\"async\" aria-describedby=\"caption-attachment-429\" class=\"wp-image-429 size-full\" src=\"https:\/\/www3.unicentro.br\/galeriavirtual\/wp-content\/uploads\/sites\/102\/2021\/12\/Franciele-O-Olho-do-Furacao.jpeg\" alt=\"\" width=\"1320\" height=\"955\" srcset=\"https:\/\/www3.unicentro.br\/galeriavirtual\/wp-content\/uploads\/sites\/102\/2021\/12\/Franciele-O-Olho-do-Furacao.jpeg 1320w, https:\/\/www3.unicentro.br\/galeriavirtual\/wp-content\/uploads\/sites\/102\/2021\/12\/Franciele-O-Olho-do-Furacao-300x217.jpeg 300w, https:\/\/www3.unicentro.br\/galeriavirtual\/wp-content\/uploads\/sites\/102\/2021\/12\/Franciele-O-Olho-do-Furacao-1024x741.jpeg 1024w, https:\/\/www3.unicentro.br\/galeriavirtual\/wp-content\/uploads\/sites\/102\/2021\/12\/Franciele-O-Olho-do-Furacao-768x556.jpeg 768w, https:\/\/www3.unicentro.br\/galeriavirtual\/wp-content\/uploads\/sites\/102\/2021\/12\/Franciele-O-Olho-do-Furacao-255x184.jpeg 255w\" sizes=\"auto, (max-width: 1320px) 100vw, 1320px\" \/><p id=\"caption-attachment-429\" class=\"wp-caption-text\">S\u00e9rie Dramas Humanos &#8211; Olho do furac\u00e3o Artista: Francielle Manini<\/p><\/div>\n<p>&nbsp;<\/p>\n<p>&nbsp;<\/p>\n<div id=\"attachment_427\" style=\"width: 1345px\" class=\"wp-caption aligncenter\"><img loading=\"lazy\" decoding=\"async\" aria-describedby=\"caption-attachment-427\" class=\"wp-image-427 size-full\" src=\"https:\/\/www3.unicentro.br\/galeriavirtual\/wp-content\/uploads\/sites\/102\/2021\/12\/Franciele-In-Caos.jpeg\" alt=\"\" width=\"1335\" height=\"935\" srcset=\"https:\/\/www3.unicentro.br\/galeriavirtual\/wp-content\/uploads\/sites\/102\/2021\/12\/Franciele-In-Caos.jpeg 1335w, https:\/\/www3.unicentro.br\/galeriavirtual\/wp-content\/uploads\/sites\/102\/2021\/12\/Franciele-In-Caos-300x210.jpeg 300w, https:\/\/www3.unicentro.br\/galeriavirtual\/wp-content\/uploads\/sites\/102\/2021\/12\/Franciele-In-Caos-1024x717.jpeg 1024w, https:\/\/www3.unicentro.br\/galeriavirtual\/wp-content\/uploads\/sites\/102\/2021\/12\/Franciele-In-Caos-768x538.jpeg 768w, https:\/\/www3.unicentro.br\/galeriavirtual\/wp-content\/uploads\/sites\/102\/2021\/12\/Franciele-In-Caos-255x179.jpeg 255w\" sizes=\"auto, (max-width: 1335px) 100vw, 1335px\" \/><p id=\"caption-attachment-427\" class=\"wp-caption-text\">S\u00e9rie Dramas Humanos &#8211; In Caos Artista: Francielle Manini<\/p><\/div>\n<p>&nbsp;<\/p>\n<p>&nbsp;<\/p>\n<div id=\"attachment_428\" style=\"width: 1345px\" class=\"wp-caption aligncenter\"><img loading=\"lazy\" decoding=\"async\" aria-describedby=\"caption-attachment-428\" class=\"wp-image-428 size-full\" src=\"https:\/\/www3.unicentro.br\/galeriavirtual\/wp-content\/uploads\/sites\/102\/2021\/12\/Franciele-Necroterio.jpeg\" alt=\"\" width=\"1335\" height=\"912\" srcset=\"https:\/\/www3.unicentro.br\/galeriavirtual\/wp-content\/uploads\/sites\/102\/2021\/12\/Franciele-Necroterio.jpeg 1335w, https:\/\/www3.unicentro.br\/galeriavirtual\/wp-content\/uploads\/sites\/102\/2021\/12\/Franciele-Necroterio-300x205.jpeg 300w, https:\/\/www3.unicentro.br\/galeriavirtual\/wp-content\/uploads\/sites\/102\/2021\/12\/Franciele-Necroterio-1024x700.jpeg 1024w, https:\/\/www3.unicentro.br\/galeriavirtual\/wp-content\/uploads\/sites\/102\/2021\/12\/Franciele-Necroterio-768x525.jpeg 768w, https:\/\/www3.unicentro.br\/galeriavirtual\/wp-content\/uploads\/sites\/102\/2021\/12\/Franciele-Necroterio-255x174.jpeg 255w\" sizes=\"auto, (max-width: 1335px) 100vw, 1335px\" \/><p id=\"caption-attachment-428\" class=\"wp-caption-text\">S\u00e9rie Dramas Humanos &#8211; Necrot\u00e9rio Artista: Francielle Manini<\/p><\/div>\n","protected":false},"excerpt":{"rendered":"<p>Atrav\u00e9s de desenhos e pinturas, \u201cDramas Humanos\u201d, a colet\u00e2nea, retrata as dificuldades humanas naquilo que elas t\u00eam de pr\u00f3prio, desespero, cr\u00edtica \u00e0 futilidade e ao conformismo. O inc\u00f4modo, a falta de perspectivas, o medo, a perda, o sentimento de n\u00e3o ser capaz o suficiente, a sensa\u00e7\u00e3o de estar no olho do furac\u00e3o ou de ser [&hellip;]<\/p>\n","protected":false},"author":481,"featured_media":0,"comment_status":"open","ping_status":"open","sticky":false,"template":"","format":"standard","meta":{"_exactmetrics_skip_tracking":false,"_exactmetrics_sitenote_active":false,"_exactmetrics_sitenote_note":"","_exactmetrics_sitenote_category":0,"footnotes":"","_links_to":"","_links_to_target":""},"categories":[59],"tags":[],"class_list":["post-450","post","type-post","status-publish","format-standard","hentry","category-mostra-de-artes-2021-2o-semestre"],"_links":{"self":[{"href":"https:\/\/www3.unicentro.br\/galeriavirtual\/wp-json\/wp\/v2\/posts\/450","targetHints":{"allow":["GET"]}}],"collection":[{"href":"https:\/\/www3.unicentro.br\/galeriavirtual\/wp-json\/wp\/v2\/posts"}],"about":[{"href":"https:\/\/www3.unicentro.br\/galeriavirtual\/wp-json\/wp\/v2\/types\/post"}],"author":[{"embeddable":true,"href":"https:\/\/www3.unicentro.br\/galeriavirtual\/wp-json\/wp\/v2\/users\/481"}],"replies":[{"embeddable":true,"href":"https:\/\/www3.unicentro.br\/galeriavirtual\/wp-json\/wp\/v2\/comments?post=450"}],"version-history":[{"count":0,"href":"https:\/\/www3.unicentro.br\/galeriavirtual\/wp-json\/wp\/v2\/posts\/450\/revisions"}],"wp:attachment":[{"href":"https:\/\/www3.unicentro.br\/galeriavirtual\/wp-json\/wp\/v2\/media?parent=450"}],"wp:term":[{"taxonomy":"category","embeddable":true,"href":"https:\/\/www3.unicentro.br\/galeriavirtual\/wp-json\/wp\/v2\/categories?post=450"},{"taxonomy":"post_tag","embeddable":true,"href":"https:\/\/www3.unicentro.br\/galeriavirtual\/wp-json\/wp\/v2\/tags?post=450"}],"curies":[{"name":"wp","href":"https:\/\/api.w.org\/{rel}","templated":true}]}}