{"id":424,"date":"2021-12-17T15:09:53","date_gmt":"2021-12-17T18:09:53","guid":{"rendered":"https:\/\/www3.unicentro.br\/galeriavirtual\/?p=424"},"modified":"2021-12-20T16:31:38","modified_gmt":"2021-12-20T19:31:38","slug":"teste","status":"publish","type":"post","link":"https:\/\/www3.unicentro.br\/galeriavirtual\/2021\/12\/17\/teste\/","title":{"rendered":"Entre Ambi\u00e7\u00f5es: Eu"},"content":{"rendered":"<div class=\"wpb-content-wrapper\"><p>[vc_row][vc_column][vc_column_text]<\/p>\n<p style=\"text-align: justify\">A obra trata-se de uma fotoperformance com uma sequ\u00eancia de 27 fotos divididas em 3 colunas com 9 fotos em cada coluna, foi realizada no dia 15 de outubro de 2021, a performance tem como objetivo pensar a rela\u00e7\u00e3o do humano com o seu tempo e suas ansiedades intr\u00ednsecas, e pretende expor um momento de euforia e felicidade em uma sequ\u00eancia de frames que captam esta ambi\u00e7\u00e3o em sua manifesta\u00e7\u00e3o corporal. Neste sentido, podemos refletir estas ansiedades e ambi\u00e7\u00f5es corporalmente e\/ou espiritualmente representadas pelo corpo po\u00e9tico em uma busca deste objetivo, deste fim a se alcan\u00e7ar, que est\u00e1 s\u00f3 come\u00e7ando.<\/p>\n<div id=\"attachment_436\" style=\"width: 1922px\" class=\"wp-caption aligncenter\"><img loading=\"lazy\" decoding=\"async\" aria-describedby=\"caption-attachment-436\" class=\"wp-image-436 size-full\" src=\"https:\/\/www3.unicentro.br\/galeriavirtual\/wp-content\/uploads\/sites\/102\/2021\/12\/valeria-entre-ambicoes-.jpg\" alt=\"\" width=\"1912\" height=\"849\" srcset=\"https:\/\/www3.unicentro.br\/galeriavirtual\/wp-content\/uploads\/sites\/102\/2021\/12\/valeria-entre-ambicoes-.jpg 1912w, https:\/\/www3.unicentro.br\/galeriavirtual\/wp-content\/uploads\/sites\/102\/2021\/12\/valeria-entre-ambicoes--300x133.jpg 300w, https:\/\/www3.unicentro.br\/galeriavirtual\/wp-content\/uploads\/sites\/102\/2021\/12\/valeria-entre-ambicoes--1024x455.jpg 1024w, https:\/\/www3.unicentro.br\/galeriavirtual\/wp-content\/uploads\/sites\/102\/2021\/12\/valeria-entre-ambicoes--768x341.jpg 768w, https:\/\/www3.unicentro.br\/galeriavirtual\/wp-content\/uploads\/sites\/102\/2021\/12\/valeria-entre-ambicoes--1536x682.jpg 1536w, https:\/\/www3.unicentro.br\/galeriavirtual\/wp-content\/uploads\/sites\/102\/2021\/12\/valeria-entre-ambicoes--255x113.jpg 255w\" sizes=\"auto, (max-width: 1912px) 100vw, 1912px\" \/><p id=\"caption-attachment-436\" class=\"wp-caption-text\">Entre ambi\u00e7\u00f5es &#8211;\u00a0<br \/>Artista: Val\u00e9ria Pedroso<\/p><\/div>\n<p style=\"text-align: justify\">A obra \u00e9 uma sequ\u00eancia de fotos que ocupar\u00e3o cerca de 1 metro de largura e 50 cm de altura, podem ser expostas em uma parede com luz continua.<\/p>\n<p>\u00a0[\/vc_column_text][\/vc_column][\/vc_row]<\/p>\n<\/div>","protected":false},"excerpt":{"rendered":"<p>[vc_row][vc_column][vc_column_text] A obra trata-se de uma fotoperformance com uma sequ\u00eancia de 27 fotos divididas em 3 colunas com 9 fotos em cada coluna, foi realizada no dia 15 de outubro de 2021, a performance tem como objetivo pensar a rela\u00e7\u00e3o do humano com o seu tempo e suas ansiedades intr\u00ednsecas, e pretende expor um momento [&hellip;]<\/p>\n","protected":false},"author":481,"featured_media":0,"comment_status":"open","ping_status":"open","sticky":false,"template":"","format":"standard","meta":{"_exactmetrics_skip_tracking":false,"_exactmetrics_sitenote_active":false,"_exactmetrics_sitenote_note":"","_exactmetrics_sitenote_category":0,"footnotes":"","_links_to":"","_links_to_target":""},"categories":[59],"tags":[],"class_list":["post-424","post","type-post","status-publish","format-standard","hentry","category-mostra-de-artes-2021-2o-semestre"],"_links":{"self":[{"href":"https:\/\/www3.unicentro.br\/galeriavirtual\/wp-json\/wp\/v2\/posts\/424","targetHints":{"allow":["GET"]}}],"collection":[{"href":"https:\/\/www3.unicentro.br\/galeriavirtual\/wp-json\/wp\/v2\/posts"}],"about":[{"href":"https:\/\/www3.unicentro.br\/galeriavirtual\/wp-json\/wp\/v2\/types\/post"}],"author":[{"embeddable":true,"href":"https:\/\/www3.unicentro.br\/galeriavirtual\/wp-json\/wp\/v2\/users\/481"}],"replies":[{"embeddable":true,"href":"https:\/\/www3.unicentro.br\/galeriavirtual\/wp-json\/wp\/v2\/comments?post=424"}],"version-history":[{"count":0,"href":"https:\/\/www3.unicentro.br\/galeriavirtual\/wp-json\/wp\/v2\/posts\/424\/revisions"}],"wp:attachment":[{"href":"https:\/\/www3.unicentro.br\/galeriavirtual\/wp-json\/wp\/v2\/media?parent=424"}],"wp:term":[{"taxonomy":"category","embeddable":true,"href":"https:\/\/www3.unicentro.br\/galeriavirtual\/wp-json\/wp\/v2\/categories?post=424"},{"taxonomy":"post_tag","embeddable":true,"href":"https:\/\/www3.unicentro.br\/galeriavirtual\/wp-json\/wp\/v2\/tags?post=424"}],"curies":[{"name":"wp","href":"https:\/\/api.w.org\/{rel}","templated":true}]}}