{"id":394,"date":"2021-04-17T15:41:31","date_gmt":"2021-04-17T18:41:31","guid":{"rendered":"https:\/\/www3.unicentro.br\/galeriavirtual\/?p=394"},"modified":"2021-04-17T15:41:31","modified_gmt":"2021-04-17T18:41:31","slug":"poesia","status":"publish","type":"post","link":"https:\/\/www3.unicentro.br\/galeriavirtual\/2021\/04\/17\/poesia\/","title":{"rendered":"Poesia"},"content":{"rendered":"<div class=\"wpb-content-wrapper\"><p>[vc_row][vc_column][vc_column_text]O clipe da m\u00fasica \u201cPoesia\u201d \u00e9 um experimento de multilinguagens art\u00edsticas realizado de maneira independente, durante o per\u00edodo da pandemia, em parceria com diversos artistas de Guarapuava. Partimos do desafio de reunir em uma obra audiovisual linguagens heterog\u00eaneas como a m\u00fasica, o teatro, o cinema e as artes pl\u00e1sticas. Assim, intentamos criar um ambiente colaborativo e criativo para a exposi\u00e7\u00e3o da produ\u00e7\u00e3o de artistas de nossa cidade. A hist\u00f3ria do clipe acompanha um desenhista que se v\u00ea atormentado por uma personagem por ele criada. Por meio de uma montagem n\u00e3o-linear, o clipe tem a inten\u00e7\u00e3o de colocar o espectador em d\u00favida sobre a identidade dos personagens. Quem \u00e9 real? O que \u00e9 o real? Afinal, h\u00e1 realidade para al\u00e9m da cria\u00e7\u00e3o? Performaticamente, elementos como a maquiagem, sapatos e roupas s\u00e3o utilizados como camadas de despersonaliza\u00e7\u00e3o da personagem. Do outro lado, o artista cria a sua musa a subjetivando por meio do desenho. Assim, o clipe coloca o artista como uma pessoa fractal, que por meio da cria\u00e7\u00e3o, abriga em si um outro. Cindido entre o eu e a obra, ao olhar-se no espelho ele n\u00e3o v\u00ea apenas a si mesmo, mas tamb\u00e9m a sua cria\u00e7\u00e3o, que o encara de frente. Ao final, quebrando a diegese c\u00eanica por meio do olhar, o espectador \u00e9 puxado para dentro da obra. Assim, deixando de ser um espectador que olha passivamente para uma tela, aquele que olha se tornar tamb\u00e9m um objeto para ser observado. A m\u00fasica \u00e9 uma composi\u00e7\u00e3o de Marcio Ramos, com a interpreta\u00e7\u00e3o de Aurea Regina sobre o beat de Matheus Detoni. O clipe tem seu roteiro constru\u00eddo por Micheli Lima; Dire\u00e7\u00e3o, edi\u00e7\u00e3o, montagem e fotografia de Luan Rodrigues; Produ\u00e7\u00e3o de Marcio Ramos, Micheli Lima e Jojo SzSt; Som direto e edi\u00e7\u00e3o de som de Jojo SzSt; Arte de Micheli Lima e Marcio Ramos; e Ilustra\u00e7\u00f5es de Alysson Mazzochin.<\/p>\n<p>Palavras-chave: M\u00fasica; Audiovisual; Teatro; Artes Pl\u00e1sticas; Multilinguagens.<\/p>\n<p>&nbsp;<\/p>\n<p>Autores: Luan Carlos Rodrigues Pacheco, Marcio Ramos, Micheli Aparecida de Lima,\u00a0Jocelize souza Santos e Alysson J\u00fanior mazzochin.[\/vc_column_text][\/vc_column][\/vc_row][vc_row][vc_column][vc_row_inner css=&#8221;.vc_custom_1618599381272{margin-bottom: 20px !important;background-color: #ffe5e5 !important;}&#8221;][vc_column_inner width=&#8221;1\/6&#8243;][\/vc_column_inner][vc_column_inner width=&#8221;1\/6&#8243;][\/vc_column_inner][\/vc_row_inner][vc_tta_accordion style=&#8221;flat&#8221; shape=&#8221;square&#8221; color=&#8221;black&#8221; c_align=&#8221;center&#8221; active_section=&#8221;100&#8243; collapsible_all=&#8221;true&#8221;][vc_tta_section title=&#8221;Video&#8221; tab_id=&#8221;1618598122362-c2a6755e-f3b43810-ff52&#8243;][vc_video link=&#8221;https:\/\/www.youtube.com\/watch?v=RaSDKNdi0zc&amp;list=PL32wtGFmjO5mLl55DrRjMzX8rpSsBj9jT&amp;index=6&#8243; el_width=&#8221;60&#8243; align=&#8221;center&#8221;][\/vc_tta_section][\/vc_tta_accordion][\/vc_column][\/vc_row]<\/p>\n<\/div>","protected":false},"excerpt":{"rendered":"<p>[vc_row][vc_column][vc_column_text]O clipe da m\u00fasica \u201cPoesia\u201d \u00e9 um experimento de multilinguagens art\u00edsticas realizado de maneira independente, durante o per\u00edodo da pandemia, em parceria com diversos artistas de Guarapuava. Partimos do desafio de reunir em uma obra audiovisual linguagens heterog\u00eaneas como a m\u00fasica, o teatro, o cinema e as artes pl\u00e1sticas. Assim, intentamos criar um ambiente colaborativo [&hellip;]<\/p>\n","protected":false},"author":266,"featured_media":0,"comment_status":"open","ping_status":"open","sticky":false,"template":"","format":"standard","meta":{"_exactmetrics_skip_tracking":false,"_exactmetrics_sitenote_active":false,"_exactmetrics_sitenote_note":"","_exactmetrics_sitenote_category":0,"footnotes":"","_links_to":"","_links_to_target":""},"categories":[56],"tags":[57,58],"class_list":["post-394","post","type-post","status-publish","format-standard","hentry","category-56","tag-57","tag-mostra-de-arte-2021"],"_links":{"self":[{"href":"https:\/\/www3.unicentro.br\/galeriavirtual\/wp-json\/wp\/v2\/posts\/394","targetHints":{"allow":["GET"]}}],"collection":[{"href":"https:\/\/www3.unicentro.br\/galeriavirtual\/wp-json\/wp\/v2\/posts"}],"about":[{"href":"https:\/\/www3.unicentro.br\/galeriavirtual\/wp-json\/wp\/v2\/types\/post"}],"author":[{"embeddable":true,"href":"https:\/\/www3.unicentro.br\/galeriavirtual\/wp-json\/wp\/v2\/users\/266"}],"replies":[{"embeddable":true,"href":"https:\/\/www3.unicentro.br\/galeriavirtual\/wp-json\/wp\/v2\/comments?post=394"}],"version-history":[{"count":0,"href":"https:\/\/www3.unicentro.br\/galeriavirtual\/wp-json\/wp\/v2\/posts\/394\/revisions"}],"wp:attachment":[{"href":"https:\/\/www3.unicentro.br\/galeriavirtual\/wp-json\/wp\/v2\/media?parent=394"}],"wp:term":[{"taxonomy":"category","embeddable":true,"href":"https:\/\/www3.unicentro.br\/galeriavirtual\/wp-json\/wp\/v2\/categories?post=394"},{"taxonomy":"post_tag","embeddable":true,"href":"https:\/\/www3.unicentro.br\/galeriavirtual\/wp-json\/wp\/v2\/tags?post=394"}],"curies":[{"name":"wp","href":"https:\/\/api.w.org\/{rel}","templated":true}]}}