{"id":387,"date":"2021-04-17T15:33:18","date_gmt":"2021-04-17T18:33:18","guid":{"rendered":"https:\/\/www3.unicentro.br\/galeriavirtual\/?p=387"},"modified":"2021-04-17T15:34:05","modified_gmt":"2021-04-17T18:34:05","slug":"387","status":"publish","type":"post","link":"https:\/\/www3.unicentro.br\/galeriavirtual\/2021\/04\/17\/387\/","title":{"rendered":"A trajet\u00f3ria da arte e da cultura de Guarapuava"},"content":{"rendered":"<div class=\"wpb-content-wrapper\"><p>[vc_row][vc_column][vc_column_text]<\/p>\n<p style=\"text-align: justify\">O Departamento de Cultura da Prefeitura Municipal da in\u00edcio a uma importante pesquisa sobre os movimentos art\u00edsticos e culturais da cidade de Guarapuava. Para a Semana de Arte da Unicentro apresentamos uma exposi\u00e7\u00e3o in\u00e9dita do acervo da Casa da Cultura, divulgando obras premiadas em diversos sal\u00f5es de artes pl\u00e1sticas, principalmente os que ocorreram nas d\u00e9cadas de 80 e 90 na Casa da Cultura, e que estavam longe dos olhos da comunidade. A programa\u00e7\u00e3o do Centro de Artes e Criatividade Iracema Trinco Ribeiro, atrav\u00e9s de sua curadoria, buscou nessa edi\u00e7\u00e3o, disponibilizar algumas das obras pertencentes ao Acervo Municipal, bem como suas historicidades. O Acervo ser\u00e1 apresentado por meio de uma visita virtual guiada \u00e0 galeria de arte. Nesse processo de democratiza\u00e7\u00e3o do patrim\u00f4nio imaterial e material do Munic\u00edpio tamb\u00e9m destacamos o Museu Virtual atrav\u00e9s de visitas guiadas pelas salas do Palacete do Visconde de Guarapuava. O acesso online tem o objetivo de levar ao p\u00fablico a experi\u00eancia de percorrer os ambientes, identificando itens de grande relev\u00e2ncia hist\u00f3rica para nosso Munic\u00edpio, pe\u00e7as e m\u00f3veis do s\u00e9culo XIV, bem como a Ruinas (senzala), o trabalho escravo, o Senhor Belmiro de Miranda e os movimentos abolicionistas, e todo o sabido processo opressor das culturas europeias vigentes no contraponto das manifesta\u00e7\u00f5es afro-brasileiras, que agora temos o dever de conhecer e ressignificar. Aqui apresentamos importantes fontes para pesquisas, que podem situar a comunidade cultural a nortear a linha do tempo hist\u00f3rica, e reconhecer nesse trajeto cultural regionais, os processos que costuram a identidade hist\u00f3rico-cultural de Guarapuava, desde os seus prim\u00f3rdios. \u00c9 preciso lembrar que pertencemos originalmente a cultura ancestral ind\u00edgena, somos sementes de guerreiros Kaigangues, das tribos Cames, Votoroes e Cayeres, suprimidos pela catequiza\u00e7\u00e3o e dizimados pelas for\u00e7as do poder dos imigrantes portugueses. Tal choque cultural, entre brancos, pretos e \u00edndios, d\u00e1-se a chegada de v\u00e1rios imigrantes franceses na metade do s\u00e9culo XIV nos campos de Guarapuava; Instalando-se na col\u00f4nia Thereza, pintores, dramaturgos, comedi\u00f3grafos e m\u00fasicos que plantaram as sementes que germinariam na Sociedade Dram\u00e1tica Amiga do Progresso, culminando na constru\u00e7\u00e3o do TEATRO SANTO ANTONIO em 1883. O Terreno situado atr\u00e1s da Catedral teve seu projeto desenvolvido por Dr. Ernesto Laranjeiras e a colabora\u00e7\u00e3o do Visconde de Guarapuava, com 120 lugares e 8 camarotes. Detalhes da cenografia de uma jovem mo\u00e7a sonhando com a Maria Fuma\u00e7a davam tons pol\u00edticos progressistas para as apresenta\u00e7\u00f5es, acompanhadas pelo Maestro Rispoli da Orquestra Echos do Guayra, dados que encontramos nos livros: \u201c200 anos de uma caminhada hist\u00f3rica de Gracita Gruber Marcondes e \u201cO Teatro e o Cinema em Guarapuava\u201d de Murilo Teixeira. Para marcar o in\u00edcio dessa parceria com o Curso de Artes e a esse levantamento hist\u00f3rico dos movimentos art\u00edsticos de Guarapuava, apresentamos a comunidade acad\u00eamica da Unicentro este projeto que traz ao Teatro Municipal a Corpora\u00e7\u00e3o Musical comandada pelo Maestro Oriel Silva e tamb\u00e9m de bailarinas convidadas das academias de dan\u00e7a de Guarapuava. Esse trabalho tamb\u00e9m far\u00e1 parte da programa\u00e7\u00e3o online do projeto Cultura Viva, como forma de acesso cultural no per\u00edodo de pandemia. Bom espet\u00e1culo.<\/p>\n<p style=\"text-align: justify\">Palavras-chave: Arte. Cultura. Guarapuava.<\/p>\n<p>&nbsp;<\/p>\n<p><strong>Autores: Departamento de Cultura da Prefeitura Municipal de Guarapuava\u00a0<\/strong>[\/vc_column_text][\/vc_column][\/vc_row][vc_row][vc_column][vc_row_inner css=&#8221;.vc_custom_1618599381272{margin-bottom: 20px !important;background-color: #ffe5e5 !important;}&#8221;][vc_column_inner width=&#8221;1\/6&#8243;][\/vc_column_inner][vc_column_inner width=&#8221;1\/6&#8243;][\/vc_column_inner][\/vc_row_inner][vc_tta_accordion style=&#8221;flat&#8221; shape=&#8221;square&#8221; color=&#8221;black&#8221; c_align=&#8221;center&#8221; active_section=&#8221;100&#8243; collapsible_all=&#8221;true&#8221;][vc_tta_section title=&#8221;V\u00eddeo&#8221; tab_id=&#8221;1618598122362-c2a6755e-f3b414eb-fdb5&#8243;][vc_video link=&#8221;https:\/\/www.youtube.com\/watch?v=gRNrF068XtY&amp;list=PL32wtGFmjO5mLl55DrRjMzX8rpSsBj9jT&amp;index=4&#8243; el_width=&#8221;60&#8243; align=&#8221;center&#8221;][\/vc_tta_section][\/vc_tta_accordion][\/vc_column][\/vc_row]<\/p>\n<\/div>","protected":false},"excerpt":{"rendered":"<p>[vc_row][vc_column][vc_column_text] O Departamento de Cultura da Prefeitura Municipal da in\u00edcio a uma importante pesquisa sobre os movimentos art\u00edsticos e culturais da cidade de Guarapuava. Para a Semana de Arte da Unicentro apresentamos uma exposi\u00e7\u00e3o in\u00e9dita do acervo da Casa da Cultura, divulgando obras premiadas em diversos sal\u00f5es de artes pl\u00e1sticas, principalmente os que ocorreram nas [&hellip;]<\/p>\n","protected":false},"author":266,"featured_media":0,"comment_status":"open","ping_status":"open","sticky":false,"template":"","format":"standard","meta":{"_exactmetrics_skip_tracking":false,"_exactmetrics_sitenote_active":false,"_exactmetrics_sitenote_note":"","_exactmetrics_sitenote_category":0,"footnotes":"","_links_to":"","_links_to_target":""},"categories":[56,55],"tags":[57,58],"class_list":["post-387","post","type-post","status-publish","format-standard","hentry","category-56","category-mostra-de-arte-2021","tag-57","tag-mostra-de-arte-2021"],"_links":{"self":[{"href":"https:\/\/www3.unicentro.br\/galeriavirtual\/wp-json\/wp\/v2\/posts\/387","targetHints":{"allow":["GET"]}}],"collection":[{"href":"https:\/\/www3.unicentro.br\/galeriavirtual\/wp-json\/wp\/v2\/posts"}],"about":[{"href":"https:\/\/www3.unicentro.br\/galeriavirtual\/wp-json\/wp\/v2\/types\/post"}],"author":[{"embeddable":true,"href":"https:\/\/www3.unicentro.br\/galeriavirtual\/wp-json\/wp\/v2\/users\/266"}],"replies":[{"embeddable":true,"href":"https:\/\/www3.unicentro.br\/galeriavirtual\/wp-json\/wp\/v2\/comments?post=387"}],"version-history":[{"count":0,"href":"https:\/\/www3.unicentro.br\/galeriavirtual\/wp-json\/wp\/v2\/posts\/387\/revisions"}],"wp:attachment":[{"href":"https:\/\/www3.unicentro.br\/galeriavirtual\/wp-json\/wp\/v2\/media?parent=387"}],"wp:term":[{"taxonomy":"category","embeddable":true,"href":"https:\/\/www3.unicentro.br\/galeriavirtual\/wp-json\/wp\/v2\/categories?post=387"},{"taxonomy":"post_tag","embeddable":true,"href":"https:\/\/www3.unicentro.br\/galeriavirtual\/wp-json\/wp\/v2\/tags?post=387"}],"curies":[{"name":"wp","href":"https:\/\/api.w.org\/{rel}","templated":true}]}}