{"id":352,"date":"2021-04-17T15:23:44","date_gmt":"2021-04-17T18:23:44","guid":{"rendered":"https:\/\/www3.unicentro.br\/galeriavirtual\/?p=352"},"modified":"2021-04-17T15:23:44","modified_gmt":"2021-04-17T18:23:44","slug":"expressoes-do-eu","status":"publish","type":"post","link":"https:\/\/www3.unicentro.br\/galeriavirtual\/2021\/04\/17\/expressoes-do-eu\/","title":{"rendered":"Express\u00f5es do Eu"},"content":{"rendered":"<div class=\"wpb-content-wrapper\"><p>[vc_row][vc_column][vc_row_inner css=&#8221;.vc_custom_1618599381272{margin-bottom: 20px !important;background-color: #ffe5e5 !important;}&#8221;][vc_column_inner width=&#8221;1\/6&#8243;][\/vc_column_inner][vc_column_inner width=&#8221;1\/6&#8243;][vc_single_image image=&#8221;254&#8243; img_size=&#8221;165&#215;165&#8243;][\/vc_column_inner][vc_column_inner width=&#8221;1\/2&#8243;][vc_column_text]<\/p>\n<p style=\"text-align: center\"><span style=\"color: #800000\"><strong>IMPORTANTE: <\/strong><\/span><br \/>\n<span style=\"color: #800000\">O conte\u00fado desta galeria \u00e9 de inteira responsabilidade dos autores. Qualquer fato que venha a ferir os direitos de imagens, direitos de terceiros, diretos \u00e0 propriedade intelectual e diretos constitucionais dever\u00e1 ser respondido pelos autores.<\/span><\/p>\n<p style=\"text-align: center\"><span style=\"color: #800000\">O papel desta galeria \u00e9 apenas a veicula\u00e7\u00e3o do conte\u00fado. As ideias e opini\u00f5es expressas nos trabalhos art\u00edsticos n\u00e3o refletem necessariamente a opini\u00e3o institucional desta universidade.<\/span><\/p>\n<p>[\/vc_column_text][\/vc_column_inner][vc_column_inner width=&#8221;1\/6&#8243;][\/vc_column_inner][\/vc_row_inner][vc_tta_accordion style=&#8221;flat&#8221; shape=&#8221;square&#8221; color=&#8221;black&#8221; c_align=&#8221;center&#8221; active_section=&#8221;100&#8243; collapsible_all=&#8221;true&#8221;][vc_tta_section title=&#8221;Obra&#8221; tab_id=&#8221;1618598122362-c2a6755e-f3b43c3b-5136&#8243;][vc_gallery interval=&#8221;3&#8243; images=&#8221;365,364,363,362,361,360,359,358,357,356&#8243; img_size=&#8221;200&#215;100&#8243;][\/vc_tta_section][\/vc_tta_accordion][\/vc_column][\/vc_row][vc_row][vc_column][vc_column_text]<\/p>\n<p style=\"text-align: justify\">Este trabalho tem a inten\u00e7\u00e3o de tra\u00e7ar uma linha atrav\u00e9s de um processo criativo pessoal, a ideia central \u00e9 observar o desenvolvimento da po\u00e9tica e do olhar. Partindo disso, este trabalho trata-se de um tratado de paz comigo mesma, que hoje reconhece o verdadeiro valor da Eu artista e Eu corpo. A necessidade de utilizar meu corpo como suporte \u00e9 uma forma de exorcizar todos aqueles sentimentos que n\u00e3o me cabem mais, hoje com uma bagagem maior de estudos, consigo refletir sobre que pretendo transmitir em minhas produ\u00e7\u00f5es. A ideia principal \u00e9 trabalhar o corpo feminino a partir de uma po\u00e9tica feminista, fora da \u00f3tica do consumo e objetifica\u00e7\u00e3o, al\u00e9m disso, trazer a minha subjetividade e tudo que carrego como mulher. Iniciando a discuss\u00f5es, a colet\u00e2nea de fotos selecionadas est\u00e1 dividida em dois momentos, a primeira diz respeito ao um processo de reencontro com o meu estilo de produ\u00e7\u00e3o, e a segunda se trata de um processo de experimenta\u00e7\u00e3o com cores. Em ambos processos de cria\u00e7\u00e3o, priorizei trabalhar com o meu corpo e suas possibilidades, ou seja, explor\u00e1-los sob aspectos diferentes. A primeira parte das obras foi realizada em setembro de 2020, em um dos momentos cr\u00edticos da pandemia, toda a tens\u00e3o de todos esses meses presa dentro de casa, me fez muitas vezes questionar o meu papel de artista, ent\u00e3o os autorretratos, funcionaram como uma esp\u00e9cie de busca para trazer-me de volta pro mundo ou a vida real, mesmo que de uma maneira simb\u00f3lica. Ver a vida na in\u00e9rcia da pandemia foi um momento muito doloroso e diversas quest\u00f5es pessoais se colocaram \u00e0 mostra, e a solu\u00e7\u00e3o foi trabalhar com elas. A segunda parte das produ\u00e7\u00f5es aconteceu no m\u00eas seguinte (outubro), nelas decidi trabalhar com as cores espalhadas pelo meu corpo. Como me senti mais \u00e0 vontade, busquei posi\u00e7\u00f5es que o exploram de outras formas. O fluxo de movimento \u00e9 mais intenso em rela\u00e7\u00e3o \u00e0s produ\u00e7\u00f5es anteriores, a ideia principal aqui \u00e9 mostrar que esse corpo agora descobriu seu movimento, tornando-o mais intenso, forte e colorido, ali naquelas fotos o corpo j\u00e1 saiu da in\u00e9rcia e se reencontrou com o verdadeiro lugar que ele deve ocupar. \u00c9 nesse momento que o esse corpo se alinha e se conecta com os ambientes que ele ocupa. O uso das cores \u00e9 justamente para mostrar que \u00e9 um corpo que est\u00e1 de volta \u00e0 vida e ciente de sua energia. Essas duas produ\u00e7\u00f5es foram muito significativas pois fazem parte de um dos finais de ciclo mais importantes da minha vida, que \u00e9 a minha gradua\u00e7\u00e3o, e esse ciclo n\u00e3o poderia fechar de outra forma que n\u00e3o fosse essa: produzir a partir de tudo que eu aprendi em todos esses anos. Hoje eu posso fechar esse processo e dizer que me orgulho da artista e professora que me tornei e encerro esse trabalho com o melhor de mim, minha arte.<\/p>\n<p style=\"text-align: justify\">Palavras-chave: Fotografia. Corpo. Feminismo.<\/p>\n<p>&nbsp;<\/p>\n<p><strong>Autora: Amanda Potyrala de Morais<\/strong>[\/vc_column_text][\/vc_column][\/vc_row]<\/p>\n<\/div>","protected":false},"excerpt":{"rendered":"<p>[vc_row][vc_column][vc_row_inner css=&#8221;.vc_custom_1618599381272{margin-bottom: 20px !important;background-color: #ffe5e5 !important;}&#8221;][vc_column_inner width=&#8221;1\/6&#8243;][\/vc_column_inner][vc_column_inner width=&#8221;1\/6&#8243;][vc_single_image image=&#8221;254&#8243; img_size=&#8221;165&#215;165&#8243;][\/vc_column_inner][vc_column_inner width=&#8221;1\/2&#8243;][vc_column_text] IMPORTANTE: O conte\u00fado desta galeria \u00e9 de inteira responsabilidade dos autores. Qualquer fato que venha a ferir os direitos de imagens, direitos de terceiros, diretos \u00e0 propriedade intelectual e diretos constitucionais dever\u00e1 ser respondido pelos autores. O papel desta galeria \u00e9 apenas a veicula\u00e7\u00e3o [&hellip;]<\/p>\n","protected":false},"author":266,"featured_media":0,"comment_status":"open","ping_status":"open","sticky":false,"template":"","format":"standard","meta":{"_exactmetrics_skip_tracking":false,"_exactmetrics_sitenote_active":false,"_exactmetrics_sitenote_note":"","_exactmetrics_sitenote_category":0,"footnotes":"","_links_to":"","_links_to_target":""},"categories":[56,55],"tags":[57,58],"class_list":["post-352","post","type-post","status-publish","format-standard","hentry","category-56","category-mostra-de-arte-2021","tag-57","tag-mostra-de-arte-2021"],"_links":{"self":[{"href":"https:\/\/www3.unicentro.br\/galeriavirtual\/wp-json\/wp\/v2\/posts\/352","targetHints":{"allow":["GET"]}}],"collection":[{"href":"https:\/\/www3.unicentro.br\/galeriavirtual\/wp-json\/wp\/v2\/posts"}],"about":[{"href":"https:\/\/www3.unicentro.br\/galeriavirtual\/wp-json\/wp\/v2\/types\/post"}],"author":[{"embeddable":true,"href":"https:\/\/www3.unicentro.br\/galeriavirtual\/wp-json\/wp\/v2\/users\/266"}],"replies":[{"embeddable":true,"href":"https:\/\/www3.unicentro.br\/galeriavirtual\/wp-json\/wp\/v2\/comments?post=352"}],"version-history":[{"count":0,"href":"https:\/\/www3.unicentro.br\/galeriavirtual\/wp-json\/wp\/v2\/posts\/352\/revisions"}],"wp:attachment":[{"href":"https:\/\/www3.unicentro.br\/galeriavirtual\/wp-json\/wp\/v2\/media?parent=352"}],"wp:term":[{"taxonomy":"category","embeddable":true,"href":"https:\/\/www3.unicentro.br\/galeriavirtual\/wp-json\/wp\/v2\/categories?post=352"},{"taxonomy":"post_tag","embeddable":true,"href":"https:\/\/www3.unicentro.br\/galeriavirtual\/wp-json\/wp\/v2\/tags?post=352"}],"curies":[{"name":"wp","href":"https:\/\/api.w.org\/{rel}","templated":true}]}}