{"id":343,"date":"2021-04-17T15:17:34","date_gmt":"2021-04-17T18:17:34","guid":{"rendered":"https:\/\/www3.unicentro.br\/galeriavirtual\/?p=343"},"modified":"2021-04-17T15:25:28","modified_gmt":"2021-04-17T18:25:28","slug":"corpo-confinamento-e-ancestralidade","status":"publish","type":"post","link":"https:\/\/www3.unicentro.br\/galeriavirtual\/2021\/04\/17\/corpo-confinamento-e-ancestralidade\/","title":{"rendered":"Corpo, confinamento e ancestralidade"},"content":{"rendered":"<div class=\"wpb-content-wrapper\"><p>[vc_row][vc_column][vc_row_inner css=&#8221;.vc_custom_1618599381272{margin-bottom: 20px !important;background-color: #ffe5e5 !important;}&#8221;][vc_column_inner width=&#8221;1\/6&#8243;][\/vc_column_inner][vc_column_inner width=&#8221;1\/6&#8243;][vc_single_image image=&#8221;254&#8243; img_size=&#8221;165&#215;165&#8243;][\/vc_column_inner][vc_column_inner width=&#8221;1\/2&#8243;][vc_column_text]<\/p>\n<p style=\"text-align: center\"><span style=\"color: #800000\"><strong>IMPORTANTE: <\/strong><\/span><br \/>\n<span style=\"color: #800000\">O conte\u00fado desta galeria \u00e9 de inteira responsabilidade dos autores. Qualquer fato que venha a ferir os direitos de imagens, direitos de terceiros, diretos \u00e0 propriedade intelectual e diretos constitucionais dever\u00e1 ser respondido pelos autores.<\/span><\/p>\n<p style=\"text-align: center\"><span style=\"color: #800000\">O papel desta galeria \u00e9 apenas a veicula\u00e7\u00e3o do conte\u00fado. As ideias e opini\u00f5es expressas nos trabalhos art\u00edsticos n\u00e3o refletem necessariamente a opini\u00e3o institucional desta universidade.<\/span><\/p>\n<p>[\/vc_column_text][\/vc_column_inner][vc_column_inner width=&#8221;1\/6&#8243;][\/vc_column_inner][\/vc_row_inner][vc_tta_accordion style=&#8221;flat&#8221; shape=&#8221;square&#8221; color=&#8221;black&#8221; c_align=&#8221;center&#8221; active_section=&#8221;100&#8243; collapsible_all=&#8221;true&#8221;][vc_tta_section title=&#8221;Gale&#8221; tab_id=&#8221;1618598122362-c2a6755e-f3b43c3b-5136&#8243;][vc_video link=&#8221;https:\/\/www.youtube.com\/watch?v=VtPnx1ZXeCI&amp;list=PL32wtGFmjO5mLl55DrRjMzX8rpSsBj9jT&amp;index=1&#8243; el_width=&#8221;60&#8243; align=&#8221;center&#8221;][\/vc_tta_section][\/vc_tta_accordion][\/vc_column][\/vc_row][vc_row][vc_column][vc_column_text]<\/p>\n<p style=\"text-align: justify\">O v\u00eddeodan\u00e7a CORPO CONFINAMENTO ANCESTRALIDADE foi criado dentro do m\u00f3dulo \u201cSemin\u00e1rio em Artes Integradas\u201d (2020) ofertado pelo curso de Licenciatura em Artes, pela Universidade Federal do Paran\u00e1, Setor Litoral (Matinhos-PR). Baseando-se na reflex\u00e3o dos processos de reconhecimento e protagonismo do corpo ancestral no espa\u00e7o cotidiano, com \u00eanfase no espa\u00e7o proporcionado pelo isolamento social volunt\u00e1rio devido \u00e0 pandemia de COVID-19. O conceito de corpo ancestral, assim entendido como um corpo que resgata seu lugar de origem, suas ra\u00edzes, a for\u00e7a motriz que o impulsiona, tem como base os estudos das obras da core\u00f3grafa e bailarina franco-senegalesa Germaine Acogny e dos textos do ambientalista brasileiro Ailton Krenak. Assim como a \u00c1frica de Acogny, o Brasil sofreu e ainda sofre um severo apagamento cultural sobre sua identidade, suas ra\u00edzes, seus modos de exist\u00eancia. Esse apagamento identit\u00e1rio fragmentou a forma de ser\/mover do indiv\u00edduo. A express\u00e3o corporal, essas tramas relacionais, s\u00f3 s\u00e3o poss\u00edveis se eu sei quem eu sou. E s\u00f3 posso saber quem eu sou se sei de onde venho. Quem lugar \u00e9 esse? Como podemos existir sem mem\u00f3ria? O dilaceramento desse tecido a que chamamos de identidade tem tornado as pessoas cada vez mais mec\u00e2nicas, surdas e cegas para perceberem a si mesmas, as pot\u00eancias do corpo, a rela\u00e7\u00e3o delas com o espa\u00e7o e com os corpos que nos cercam. Para resgatar essa ancestralidade, que \u00e9 individual, mas tamb\u00e9m coletiva, primeiro, \u00e9 preciso reconhecer esse apagamento. \u00c9 preciso cair. A principal motiva\u00e7\u00e3o para sustentar o presente trabalho prov\u00e9m da import\u00e2ncia que o tema possui para a sociedade atual, elucidando a necessidade, cada vez mais latente, do reconhecimento e do protagonismo do corpo ancestral enquanto pot\u00eancia de express\u00e3o do indiv\u00edduo contempor\u00e2neo. A constru\u00e7\u00e3o desse trabalho parte da minha forte rela\u00e7\u00e3o com a dan\u00e7a e os processos de descobrimento desse corpo ancestral nas viv\u00eancias cotidianas.<\/p>\n<p style=\"text-align: justify\">Palavras-chave: Improvisa\u00e7\u00e3o, Corpo, Ancestralidade.<\/p>\n<p>&nbsp;<\/p>\n<p><strong>Autora: Aline Maciel Rodrigues<\/strong>[\/vc_column_text][\/vc_column][\/vc_row]<\/p>\n<\/div>","protected":false},"excerpt":{"rendered":"<p>[vc_row][vc_column][vc_row_inner css=&#8221;.vc_custom_1618599381272{margin-bottom: 20px !important;background-color: #ffe5e5 !important;}&#8221;][vc_column_inner width=&#8221;1\/6&#8243;][\/vc_column_inner][vc_column_inner width=&#8221;1\/6&#8243;][vc_single_image image=&#8221;254&#8243; img_size=&#8221;165&#215;165&#8243;][\/vc_column_inner][vc_column_inner width=&#8221;1\/2&#8243;][vc_column_text] IMPORTANTE: O conte\u00fado desta galeria \u00e9 de inteira responsabilidade dos autores. Qualquer fato que venha a ferir os direitos de imagens, direitos de terceiros, diretos \u00e0 propriedade intelectual e diretos constitucionais dever\u00e1 ser respondido pelos autores. O papel desta galeria \u00e9 apenas a veicula\u00e7\u00e3o [&hellip;]<\/p>\n","protected":false},"author":266,"featured_media":0,"comment_status":"open","ping_status":"open","sticky":false,"template":"","format":"standard","meta":{"_exactmetrics_skip_tracking":false,"_exactmetrics_sitenote_active":false,"_exactmetrics_sitenote_note":"","_exactmetrics_sitenote_category":0,"footnotes":"","_links_to":"","_links_to_target":""},"categories":[56,55,1],"tags":[57,58],"class_list":["post-343","post","type-post","status-publish","format-standard","hentry","category-56","category-mostra-de-arte-2021","category-sem-categoria","tag-57","tag-mostra-de-arte-2021"],"_links":{"self":[{"href":"https:\/\/www3.unicentro.br\/galeriavirtual\/wp-json\/wp\/v2\/posts\/343","targetHints":{"allow":["GET"]}}],"collection":[{"href":"https:\/\/www3.unicentro.br\/galeriavirtual\/wp-json\/wp\/v2\/posts"}],"about":[{"href":"https:\/\/www3.unicentro.br\/galeriavirtual\/wp-json\/wp\/v2\/types\/post"}],"author":[{"embeddable":true,"href":"https:\/\/www3.unicentro.br\/galeriavirtual\/wp-json\/wp\/v2\/users\/266"}],"replies":[{"embeddable":true,"href":"https:\/\/www3.unicentro.br\/galeriavirtual\/wp-json\/wp\/v2\/comments?post=343"}],"version-history":[{"count":0,"href":"https:\/\/www3.unicentro.br\/galeriavirtual\/wp-json\/wp\/v2\/posts\/343\/revisions"}],"wp:attachment":[{"href":"https:\/\/www3.unicentro.br\/galeriavirtual\/wp-json\/wp\/v2\/media?parent=343"}],"wp:term":[{"taxonomy":"category","embeddable":true,"href":"https:\/\/www3.unicentro.br\/galeriavirtual\/wp-json\/wp\/v2\/categories?post=343"},{"taxonomy":"post_tag","embeddable":true,"href":"https:\/\/www3.unicentro.br\/galeriavirtual\/wp-json\/wp\/v2\/tags?post=343"}],"curies":[{"name":"wp","href":"https:\/\/api.w.org\/{rel}","templated":true}]}}