{"id":324,"date":"2021-04-16T16:51:11","date_gmt":"2021-04-16T19:51:11","guid":{"rendered":"https:\/\/www3.unicentro.br\/galeriavirtual\/?p=324"},"modified":"2021-04-16T16:51:11","modified_gmt":"2021-04-16T19:51:11","slug":"o-tragico-tedio-remoto","status":"publish","type":"post","link":"https:\/\/www3.unicentro.br\/galeriavirtual\/2021\/04\/16\/o-tragico-tedio-remoto\/","title":{"rendered":"O Tr\u00e1gico T\u00e9dio Remoto"},"content":{"rendered":"<p style=\"text-align: justify\">O trabalho trata-se de um v\u00eddeo-arte po\u00e9tico, trazendo um recorte da realidade domiciliar atual em meio ao caos derivado da pandemia causada pelo Covid-19. O tema surgiu como uma forma de lidar com um sentimento que aflorou em um momento delicado da gradua\u00e7\u00e3o da autora, devido \u00e0 necessidade de estar longe de praticamente tudo julgado como necess\u00e1rio para sentir-se mais vivo, como estar longe das pessoas, bem como estar longe do campo de trabalho, afetando diretamente tamb\u00e9m a \u00e1rea financeira. Retrata-se um pouco sobre o novo formato de socializa\u00e7\u00e3o em que a sociedade foi submetida, formato este em que busca-se adapta\u00e7\u00e3o tentando equilibrar as demandas sociais, acad\u00eamicas, de trabalho, os afazeres dom\u00e9sticos e a cria\u00e7\u00e3o dos filhos, simultaneamente com o protagonismo de um processo pessoal e cont\u00ednuo da concretiza\u00e7\u00e3o de descoberta efetiva do meio de sobreviv\u00eancia que seja capaz de neutralizar as implica\u00e7\u00f5es da pandemia na sa\u00fade mental da popula\u00e7\u00e3o, retratadas em diversos artigos jornal\u00edsticos todos os dias. O v\u00eddeo traz imagens de dias parecidos, tentando transmitir algo mais cru dentro de casa. Essa experi\u00eancia trouxe \u00e0 tona v\u00e1rios sentimentos, destaca-se a ang\u00fastia de estar num momento de solid\u00e3o. As grava\u00e7\u00f5es e as edi\u00e7\u00f5es foram realizadas no programa VSDC e a produ\u00e7\u00e3o toda foi feita em casa. A execu\u00e7\u00e3o deste trabalho foi gerada atrav\u00e9s de uma inquieta\u00e7\u00e3o e adoecimento de alma devido ao momento hist\u00f3rico de uma pandemia mundial onde a \u00fanica possibilidade de expor sentimentos \u00e9 o formato remoto, o que parece tomar conta das pessoas. A escrita do roteiro foi toda baseada na trag\u00e9dia de ser artista no meio do caos, e as imagens trazem um pouco do que as apresenta\u00e7\u00f5es art\u00edsticas de forma remota vem causando nos artistas conforme o tempo passa. Abarca-se os sentimentos de desgaste emocional, mesmice, saudade e o desespero seguido da vontade de sair correndo por n\u00e3o saber o que verdadeiramente est\u00e1 acontecendo.<\/p>\n<p style=\"text-align: justify\">Palavras-chave: Covid-19. Tr\u00e1gico. Solid\u00e3o. Saudade. T\u00e9dio.<\/p>\n<p style=\"text-align: justify\">Autoras: D\u00e9bora Alves Correa dos Santos; Michele Louise Schiocchet<\/p>\n<p>&nbsp;<\/p>\n<div style=\"width: 418px;\" class=\"wp-video\"><video class=\"wp-video-shortcode\" id=\"video-324-1\" width=\"418\" height=\"240\" preload=\"metadata\" controls=\"controls\"><source type=\"video\/mp4\" src=\"https:\/\/www3.unicentro.br\/galeriavirtual\/wp-content\/uploads\/sites\/102\/2021\/04\/yt1s.com-o-tragico-tedio-remoto_360p.mp4?_=1\" \/><a href=\"https:\/\/www3.unicentro.br\/galeriavirtual\/wp-content\/uploads\/sites\/102\/2021\/04\/yt1s.com-o-tragico-tedio-remoto_360p.mp4\">https:\/\/www3.unicentro.br\/galeriavirtual\/wp-content\/uploads\/sites\/102\/2021\/04\/yt1s.com-o-tragico-tedio-remoto_360p.mp4<\/a><\/video><\/div>\n","protected":false},"excerpt":{"rendered":"<p>O trabalho trata-se de um v\u00eddeo-arte po\u00e9tico, trazendo um recorte da realidade domiciliar atual em meio ao caos derivado da pandemia causada pelo Covid-19. O tema surgiu como uma forma de lidar com um sentimento que aflorou em um momento delicado da gradua\u00e7\u00e3o da autora, devido \u00e0 necessidade de estar longe de praticamente tudo julgado [&hellip;]<\/p>\n","protected":false},"author":266,"featured_media":0,"comment_status":"open","ping_status":"open","sticky":false,"template":"","format":"video","meta":{"_exactmetrics_skip_tracking":false,"_exactmetrics_sitenote_active":false,"_exactmetrics_sitenote_note":"","_exactmetrics_sitenote_category":0,"footnotes":"","_links_to":"","_links_to_target":""},"categories":[56,55],"tags":[57,58],"class_list":["post-324","post","type-post","status-publish","format-video","hentry","category-56","category-mostra-de-arte-2021","tag-57","tag-mostra-de-arte-2021","post_format-post-format-video"],"_links":{"self":[{"href":"https:\/\/www3.unicentro.br\/galeriavirtual\/wp-json\/wp\/v2\/posts\/324","targetHints":{"allow":["GET"]}}],"collection":[{"href":"https:\/\/www3.unicentro.br\/galeriavirtual\/wp-json\/wp\/v2\/posts"}],"about":[{"href":"https:\/\/www3.unicentro.br\/galeriavirtual\/wp-json\/wp\/v2\/types\/post"}],"author":[{"embeddable":true,"href":"https:\/\/www3.unicentro.br\/galeriavirtual\/wp-json\/wp\/v2\/users\/266"}],"replies":[{"embeddable":true,"href":"https:\/\/www3.unicentro.br\/galeriavirtual\/wp-json\/wp\/v2\/comments?post=324"}],"version-history":[{"count":0,"href":"https:\/\/www3.unicentro.br\/galeriavirtual\/wp-json\/wp\/v2\/posts\/324\/revisions"}],"wp:attachment":[{"href":"https:\/\/www3.unicentro.br\/galeriavirtual\/wp-json\/wp\/v2\/media?parent=324"}],"wp:term":[{"taxonomy":"category","embeddable":true,"href":"https:\/\/www3.unicentro.br\/galeriavirtual\/wp-json\/wp\/v2\/categories?post=324"},{"taxonomy":"post_tag","embeddable":true,"href":"https:\/\/www3.unicentro.br\/galeriavirtual\/wp-json\/wp\/v2\/tags?post=324"}],"curies":[{"name":"wp","href":"https:\/\/api.w.org\/{rel}","templated":true}]}}