{"id":320,"date":"2021-04-16T16:43:42","date_gmt":"2021-04-16T19:43:42","guid":{"rendered":"https:\/\/www3.unicentro.br\/galeriavirtual\/?p=320"},"modified":"2021-04-16T16:44:52","modified_gmt":"2021-04-16T19:44:52","slug":"lugar","status":"publish","type":"post","link":"https:\/\/www3.unicentro.br\/galeriavirtual\/2021\/04\/16\/lugar\/","title":{"rendered":"Lugar"},"content":{"rendered":"<p style=\"text-align: justify\"><span style=\"font-family: arial, helvetica, sans-serif\">O trabalho parte de uma proposta avaliativa da Professora Graziella Guadagnini na disciplina de <\/span><span style=\"font-family: arial, helvetica, sans-serif\">Hist\u00f3ria da Arte III, na qual se convida a uma reflex\u00e3o e produ\u00e7\u00e3o art\u00edstica a respeito da arte <\/span><span style=\"font-family: arial, helvetica, sans-serif\">contempor\u00e2nea; a atividade propunha a leitura de obras dos artistas \u201cSandra Cinto\u201d, \u201cLucila <\/span><span style=\"font-family: arial, helvetica, sans-serif\">Wroblewski\u201d, \u201cLeonarda Gl\u00fcck\u201d, \u201cCildo Meireles\u201d e \u201cCarlito Carvalhosa\u201d; em ambas \u00e9 poss\u00edvel <\/span><span style=\"font-family: arial, helvetica, sans-serif\">observar a ausente preocupa\u00e7\u00e3o em apresentar objetos belos. Em resposta a isso, foi escolhido <\/span><span style=\"font-family: arial, helvetica, sans-serif\">elaborar uma fotografia que representasse, de forma simples e agrad\u00e1vel aos olhos, o espa\u00e7o que <\/span><span style=\"font-family: arial, helvetica, sans-serif\">as quest\u00f5es relativas \u00e0 clareza, harmonia e integridade t\u00eam ocupado em uma parcela significativa <\/span><span style=\"font-family: arial, helvetica, sans-serif\">dos trabalhos expostos em museus e galerias. A metodologia aplicada foi, em primeiro lugar, a <\/span><span style=\"font-family: arial, helvetica, sans-serif\">considera\u00e7\u00e3o de leituras a respeito do tema; em seguida, encontrou-se uma casa na cidade de <\/span><span style=\"font-family: arial, helvetica, sans-serif\">Laranjeiras do Sul- PR, na qual fosse poss\u00edvel compor a cena eleita para representar os conceitos <\/span><span style=\"font-family: arial, helvetica, sans-serif\">propostos; depois da captura das fotografias, uma delas foi selecionada e editada no App Google <\/span><span style=\"font-family: arial, helvetica, sans-serif\">Fotos. O objetivo da obra \u00e9 o de promover reflex\u00f5es a respeito do conceito de beleza, inserindo <\/span><span style=\"font-family: arial, helvetica, sans-serif\">tais abordagens no ambiente acad\u00eamico, incentivando o seu estudo de forma objetiva e <\/span><span style=\"font-family: arial, helvetica, sans-serif\">reafirmando a sua import\u00e2ncia tanto no que diz respeito \u00e0 arte, quanto no que tange as quest\u00f5es <\/span><span style=\"font-family: arial, helvetica, sans-serif\">cotidianas. Acrescenta-se, ainda, a significativa transforma\u00e7\u00e3o causada pelas paisagens e <\/span><span style=\"font-family: arial, helvetica, sans-serif\">elementos belos da cidade, que participam do dia-a-dia das pessoas; aqui, se julga a educa\u00e7\u00e3o <\/span><span style=\"font-family: arial, helvetica, sans-serif\">est\u00e9tica vivenciada na pr\u00e1tica, para al\u00e9m do ensino formal, e que tem um valor singular, pois, por <\/span><span style=\"font-family: arial, helvetica, sans-serif\">vezes, \u00e9 o \u00fanico ao qual muitos tem acesso. \u201cLugar\u201d, onde quer que seja, \u00e9 onde se deseja estar; <\/span><span style=\"font-family: arial, helvetica, sans-serif\">um ponto em comum em meio as pluralidades do ser.<\/span><\/p>\n<p style=\"text-align: justify\"><span style=\"font-family: arial, helvetica, sans-serif\">Palavras-chave: Fotografia. Beleza. Cotidiano. <\/span><\/p>\n<p style=\"text-align: justify\"><strong><span style=\"font-family: arial, helvetica, sans-serif\">Autora: Caroline H\u00f6sel Miranda; Graziella Medeiros Guadagnini<\/span><\/strong><\/p>\n<p>&nbsp;<\/p>\n<p><img loading=\"lazy\" decoding=\"async\" class=\"alignnone size-medium wp-image-321\" src=\"https:\/\/www3.unicentro.br\/galeriavirtual\/wp-content\/uploads\/sites\/102\/2021\/04\/MOSTRA-2021_TRABALHO.-300x252.jpeg\" alt=\"\" width=\"300\" height=\"252\" srcset=\"https:\/\/www3.unicentro.br\/galeriavirtual\/wp-content\/uploads\/sites\/102\/2021\/04\/MOSTRA-2021_TRABALHO.-300x252.jpeg 300w, https:\/\/www3.unicentro.br\/galeriavirtual\/wp-content\/uploads\/sites\/102\/2021\/04\/MOSTRA-2021_TRABALHO.-1024x861.jpeg 1024w, https:\/\/www3.unicentro.br\/galeriavirtual\/wp-content\/uploads\/sites\/102\/2021\/04\/MOSTRA-2021_TRABALHO.-768x645.jpeg 768w, https:\/\/www3.unicentro.br\/galeriavirtual\/wp-content\/uploads\/sites\/102\/2021\/04\/MOSTRA-2021_TRABALHO.-255x214.jpeg 255w, https:\/\/www3.unicentro.br\/galeriavirtual\/wp-content\/uploads\/sites\/102\/2021\/04\/MOSTRA-2021_TRABALHO..jpeg 1028w\" sizes=\"auto, (max-width: 300px) 100vw, 300px\" \/><\/p>\n","protected":false},"excerpt":{"rendered":"<p>O trabalho parte de uma proposta avaliativa da Professora Graziella Guadagnini na disciplina de Hist\u00f3ria da Arte III, na qual se convida a uma reflex\u00e3o e produ\u00e7\u00e3o art\u00edstica a respeito da arte contempor\u00e2nea; a atividade propunha a leitura de obras dos artistas \u201cSandra Cinto\u201d, \u201cLucila Wroblewski\u201d, \u201cLeonarda Gl\u00fcck\u201d, \u201cCildo Meireles\u201d e \u201cCarlito Carvalhosa\u201d; em ambas [&hellip;]<\/p>\n","protected":false},"author":266,"featured_media":321,"comment_status":"open","ping_status":"open","sticky":false,"template":"","format":"gallery","meta":{"_exactmetrics_skip_tracking":false,"_exactmetrics_sitenote_active":false,"_exactmetrics_sitenote_note":"","_exactmetrics_sitenote_category":0,"footnotes":"","_links_to":"","_links_to_target":""},"categories":[56,55],"tags":[57,58],"class_list":["post-320","post","type-post","status-publish","format-gallery","has-post-thumbnail","hentry","category-56","category-mostra-de-arte-2021","tag-57","tag-mostra-de-arte-2021","post_format-post-format-gallery"],"_links":{"self":[{"href":"https:\/\/www3.unicentro.br\/galeriavirtual\/wp-json\/wp\/v2\/posts\/320","targetHints":{"allow":["GET"]}}],"collection":[{"href":"https:\/\/www3.unicentro.br\/galeriavirtual\/wp-json\/wp\/v2\/posts"}],"about":[{"href":"https:\/\/www3.unicentro.br\/galeriavirtual\/wp-json\/wp\/v2\/types\/post"}],"author":[{"embeddable":true,"href":"https:\/\/www3.unicentro.br\/galeriavirtual\/wp-json\/wp\/v2\/users\/266"}],"replies":[{"embeddable":true,"href":"https:\/\/www3.unicentro.br\/galeriavirtual\/wp-json\/wp\/v2\/comments?post=320"}],"version-history":[{"count":0,"href":"https:\/\/www3.unicentro.br\/galeriavirtual\/wp-json\/wp\/v2\/posts\/320\/revisions"}],"wp:featuredmedia":[{"embeddable":true,"href":"https:\/\/www3.unicentro.br\/galeriavirtual\/wp-json\/wp\/v2\/media\/321"}],"wp:attachment":[{"href":"https:\/\/www3.unicentro.br\/galeriavirtual\/wp-json\/wp\/v2\/media?parent=320"}],"wp:term":[{"taxonomy":"category","embeddable":true,"href":"https:\/\/www3.unicentro.br\/galeriavirtual\/wp-json\/wp\/v2\/categories?post=320"},{"taxonomy":"post_tag","embeddable":true,"href":"https:\/\/www3.unicentro.br\/galeriavirtual\/wp-json\/wp\/v2\/tags?post=320"}],"curies":[{"name":"wp","href":"https:\/\/api.w.org\/{rel}","templated":true}]}}